{"id":27093,"date":"2024-10-07T10:40:51","date_gmt":"2024-10-07T08:40:51","guid":{"rendered":"https:\/\/alladixital.org\/xlii-xornaes-internacionales-destudiu-2024\/"},"modified":"2024-10-07T10:41:31","modified_gmt":"2024-10-07T08:41:31","slug":"xlii-xornaes-internacionales-destudiu-2024","status":"publish","type":"post","link":"https:\/\/alladixital.org\/en\/xlii-xornaes-internacionales-destudiu-2024\/","title":{"rendered":"XLII Xornaes Internacionales d&#8217;Estudiu (2024)"},"content":{"rendered":"<h1 class=\"brz-text-lg-left brz-fs-lg-16 brz-lh-lg-1_9 brz-ls-lg-0 brz-fw-lg-400 brz-fss-lg-px brz-ft-google brz-ff-playfair_display brz-tp-lg-empty brz-css-p2Ldm\" data-generated-css=\"brz-css-qi8fT\" data-uniq-id=\"qxxaL\"><span class=\"brz-cp-color7\">XLII Xornaes Internacionales d&#8217;Estudiu <\/span><\/h1>\n<h3 class=\"brz-text-lg-left brz-fs-lg-16 brz-lh-lg-1_9 brz-ls-lg-0 brz-fw-lg-400 brz-fss-lg-px brz-ft-google brz-ff-playfair_display brz-tp-lg-empty brz-css-p2Ldm\" data-generated-css=\"brz-css-qi8fT\" data-uniq-id=\"qxxaL\"><span class=\"brz-cp-color7\">5, 6 y 7 de payares de 2024.<\/span><\/h3>\n<h5 data-generated-css=\"brz-css-qi8fT\" data-uniq-id=\"qxxaL\">Sal\u00f3n d&#8217;actos del edificiu d&#8217;alministraci\u00f3n (2\u00aa planta)<br \/>\nde la Facult\u00e1 de Filosof\u00eda y Lletres<br \/>\nde la Universid\u00e1 d&#8217;Uvi\u00e9u.<\/h5>\n<h6 class=\"brz-lh-lg-1_9 brz-ls-lg-0 brz-fw-lg-400 brz-fss-lg-px brz-fs-lg-16 brz-ft-google brz-ff-playfair_display brz-tp-lg-empty brz-text-lg-left brz-css-tEJZa\" data-generated-css=\"brz-css-u5Y4l\" data-uniq-id=\"iGYAx\">\u00a1Inscr\u00edbite equ\u00ed!: <a class=\"link--external\" href=\"https:\/\/forms.office.com\/e\/TmWn0AnTZb\" data-brz-link-type=\"external\">https:\/\/forms.office.com\/e\/TmWn0AnTZb<\/a><\/h6>\n<p class=\"brz-lh-lg-1_9 brz-ls-lg-0 brz-fw-lg-400 brz-fss-lg-px brz-fs-lg-16 brz-ft-google brz-ff-playfair_display brz-tp-lg-empty brz-text-lg-left brz-css-lGBCn\" data-generated-css=\"brz-css-tE8wx\" data-uniq-id=\"bXaFZ\">\n","protected":false},"excerpt":{"rendered":"<p>XLII Xornaes Internacionales d&#8217;Estudiu 5, 6 y 7 de payares de 2024. Sal\u00f3n d&#8217;actos del edificiu d&#8217;alministraci\u00f3n (2\u00aa planta) de la Facult\u00e1 de Filosof\u00eda y Lletres de la Universid\u00e1 d&#8217;Uvi\u00e9u. &hellip; <\/p>\n<p class=\"link-more\"><a href=\"https:\/\/alladixital.org\/en\/xlii-xornaes-internacionales-destudiu-2024\/\" class=\"more-link\">Continue reading<span class=\"screen-reader-text\"> &#8220;XLII Xornaes Internacionales d&#8217;Estudiu (2024)&#8221;<\/span><\/a><\/p>\n","protected":false},"author":1,"featured_media":27090,"comment_status":"closed","ping_status":"open","sticky":false,"template":"","format":"standard","meta":{"_acf_changed":false,"footnotes":""},"categories":[133],"tags":[],"class_list":["post-27093","post","type-post","status-publish","format-standard","has-post-thumbnail","hentry","category-news"],"acf":[],"yoast_head":"<!-- This site is optimized with the Yoast SEO plugin v26.7 - https:\/\/yoast.com\/wordpress\/plugins\/seo\/ -->\n<title>XLII Xornaes Internacionales d&#039;Estudiu (2024) - Academia de la Llingua Asturiana<\/title>\n<meta name=\"robots\" content=\"index, follow, max-snippet:-1, max-image-preview:large, max-video-preview:-1\" \/>\n<link rel=\"canonical\" href=\"https:\/\/alladixital.org\/en\/xlii-xornaes-internacionales-destudiu-2024\/\" \/>\n<meta property=\"og:locale\" content=\"en_US\" \/>\n<meta property=\"og:type\" content=\"article\" \/>\n<meta property=\"og:title\" content=\"XLII Xornaes Internacionales d&#039;Estudiu (2024) - Academia de la Llingua Asturiana\" \/>\n<meta property=\"og:description\" content=\"XLII Xornaes Internacionales d&#8217;Estudiu 5, 6 y 7 de payares de 2024. Sal\u00f3n d&#8217;actos del edificiu d&#8217;alministraci\u00f3n (2\u00aa planta) de la Facult\u00e1 de Filosof\u00eda y Lletres de la Universid\u00e1 d&#8217;Uvi\u00e9u. &hellip; Continue reading &quot;XLII Xornaes Internacionales d&#8217;Estudiu (2024)&quot;\" \/>\n<meta property=\"og:url\" content=\"https:\/\/alladixital.org\/en\/xlii-xornaes-internacionales-destudiu-2024\/\" \/>\n<meta property=\"og:site_name\" content=\"Academia de la Llingua Asturiana\" \/>\n<meta property=\"article:publisher\" content=\"https:\/\/www.facebook.com\/AcademiadelaLlinguaAsturiana\/\" \/>\n<meta property=\"article:published_time\" content=\"2024-10-07T08:40:51+00:00\" \/>\n<meta property=\"article:modified_time\" content=\"2024-10-07T08:41:31+00:00\" \/>\n<meta property=\"og:image\" content=\"https:\/\/alladixital.org\/wp-content\/uploads\/2024\/10\/xornaes-anuncies-2.jpg\" \/>\n\t<meta property=\"og:image:width\" content=\"1510\" \/>\n\t<meta property=\"og:image:height\" content=\"738\" \/>\n\t<meta property=\"og:image:type\" content=\"image\/jpeg\" \/>\n<meta name=\"author\" content=\"admin\" \/>\n<meta name=\"twitter:card\" content=\"summary_large_image\" \/>\n<meta name=\"twitter:creator\" content=\"@ALLA_ast\" \/>\n<meta name=\"twitter:site\" content=\"@ALLA_ast\" \/>\n<script type=\"application\/ld+json\" class=\"yoast-schema-graph\">{\"@context\":\"https:\/\/schema.org\",\"@graph\":[{\"@type\":\"Article\",\"@id\":\"https:\/\/alladixital.org\/en\/xlii-xornaes-internacionales-destudiu-2024\/#article\",\"isPartOf\":{\"@id\":\"https:\/\/alladixital.org\/en\/xlii-xornaes-internacionales-destudiu-2024\/\"},\"author\":{\"name\":\"admin\",\"@id\":\"https:\/\/alladixital.org\/#\/schema\/person\/656e0920ab4ffb58592f1439c950b1cc\"},\"headline\":\"XLII Xornaes Internacionales d&#8217;Estudiu (2024)\",\"datePublished\":\"2024-10-07T08:40:51+00:00\",\"dateModified\":\"2024-10-07T08:41:31+00:00\",\"mainEntityOfPage\":{\"@id\":\"https:\/\/alladixital.org\/en\/xlii-xornaes-internacionales-destudiu-2024\/\"},\"wordCount\":48,\"publisher\":{\"@id\":\"https:\/\/alladixital.org\/#organization\"},\"image\":{\"@id\":\"https:\/\/alladixital.org\/en\/xlii-xornaes-internacionales-destudiu-2024\/#primaryimage\"},\"thumbnailUrl\":\"https:\/\/alladixital.org\/wp-content\/uploads\/2024\/10\/xornaes-anuncies-2.jpg\",\"articleSection\":[\"News\"],\"inLanguage\":\"en-US\"},{\"@type\":\"WebPage\",\"@id\":\"https:\/\/alladixital.org\/en\/xlii-xornaes-internacionales-destudiu-2024\/\",\"url\":\"https:\/\/alladixital.org\/en\/xlii-xornaes-internacionales-destudiu-2024\/\",\"name\":\"XLII Xornaes Internacionales d'Estudiu (2024) - Academia de la Llingua Asturiana\",\"isPartOf\":{\"@id\":\"https:\/\/alladixital.org\/#website\"},\"primaryImageOfPage\":{\"@id\":\"https:\/\/alladixital.org\/en\/xlii-xornaes-internacionales-destudiu-2024\/#primaryimage\"},\"image\":{\"@id\":\"https:\/\/alladixital.org\/en\/xlii-xornaes-internacionales-destudiu-2024\/#primaryimage\"},\"thumbnailUrl\":\"https:\/\/alladixital.org\/wp-content\/uploads\/2024\/10\/xornaes-anuncies-2.jpg\",\"datePublished\":\"2024-10-07T08:40:51+00:00\",\"dateModified\":\"2024-10-07T08:41:31+00:00\",\"breadcrumb\":{\"@id\":\"https:\/\/alladixital.org\/en\/xlii-xornaes-internacionales-destudiu-2024\/#breadcrumb\"},\"inLanguage\":\"en-US\",\"potentialAction\":[{\"@type\":\"ReadAction\",\"target\":[\"https:\/\/alladixital.org\/en\/xlii-xornaes-internacionales-destudiu-2024\/\"]}]},{\"@type\":\"ImageObject\",\"inLanguage\":\"en-US\",\"@id\":\"https:\/\/alladixital.org\/en\/xlii-xornaes-internacionales-destudiu-2024\/#primaryimage\",\"url\":\"https:\/\/alladixital.org\/wp-content\/uploads\/2024\/10\/xornaes-anuncies-2.jpg\",\"contentUrl\":\"https:\/\/alladixital.org\/wp-content\/uploads\/2024\/10\/xornaes-anuncies-2.jpg\",\"width\":1510,\"height\":738},{\"@type\":\"BreadcrumbList\",\"@id\":\"https:\/\/alladixital.org\/en\/xlii-xornaes-internacionales-destudiu-2024\/#breadcrumb\",\"itemListElement\":[{\"@type\":\"ListItem\",\"position\":1,\"name\":\"Portada\",\"item\":\"https:\/\/alladixital.org\/\"},{\"@type\":\"ListItem\",\"position\":2,\"name\":\"XLII Xornaes Internacionales d&#8217;Estudiu (2024)\"}]},{\"@type\":\"WebSite\",\"@id\":\"https:\/\/alladixital.org\/#website\",\"url\":\"https:\/\/alladixital.org\/\",\"name\":\"Academia de la Llingua Asturiana\",\"description\":\"ALLA\",\"publisher\":{\"@id\":\"https:\/\/alladixital.org\/#organization\"},\"potentialAction\":[{\"@type\":\"SearchAction\",\"target\":{\"@type\":\"EntryPoint\",\"urlTemplate\":\"https:\/\/alladixital.org\/?s={search_term_string}\"},\"query-input\":{\"@type\":\"PropertyValueSpecification\",\"valueRequired\":true,\"valueName\":\"search_term_string\"}}],\"inLanguage\":\"en-US\"},{\"@type\":\"Organization\",\"@id\":\"https:\/\/alladixital.org\/#organization\",\"name\":\"Academia de la Llingua Asturiana\",\"url\":\"https:\/\/alladixital.org\/\",\"logo\":{\"@type\":\"ImageObject\",\"inLanguage\":\"en-US\",\"@id\":\"https:\/\/alladixital.org\/#\/schema\/logo\/image\/\",\"url\":\"https:\/\/alladixital.org\/wp-content\/uploads\/2022\/08\/logo_LLINGUA_280_V3.jpg\",\"contentUrl\":\"https:\/\/alladixital.org\/wp-content\/uploads\/2022\/08\/logo_LLINGUA_280_V3.jpg\",\"width\":1064,\"height\":1096,\"caption\":\"Academia de la Llingua Asturiana\"},\"image\":{\"@id\":\"https:\/\/alladixital.org\/#\/schema\/logo\/image\/\"},\"sameAs\":[\"https:\/\/www.facebook.com\/AcademiadelaLlinguaAsturiana\/\",\"https:\/\/x.com\/ALLA_ast\"]},{\"@type\":\"Person\",\"@id\":\"https:\/\/alladixital.org\/#\/schema\/person\/656e0920ab4ffb58592f1439c950b1cc\",\"name\":\"admin\",\"image\":{\"@type\":\"ImageObject\",\"inLanguage\":\"en-US\",\"@id\":\"https:\/\/alladixital.org\/#\/schema\/person\/image\/\",\"url\":\"https:\/\/secure.gravatar.com\/avatar\/c7cafab1c40b86a41f7dc1a5f47b543eabcdd3630903338f35932f4e47d657cb?s=96&d=mm&r=g\",\"contentUrl\":\"https:\/\/secure.gravatar.com\/avatar\/c7cafab1c40b86a41f7dc1a5f47b543eabcdd3630903338f35932f4e47d657cb?s=96&d=mm&r=g\",\"caption\":\"admin\"},\"url\":\"https:\/\/alladixital.org\/en\/author\/admin\/\"}]}<\/script>\n<!-- \/ Yoast SEO plugin. -->","yoast_head_json":{"title":"XLII Xornaes Internacionales d'Estudiu (2024) - Academia de la Llingua Asturiana","robots":{"index":"index","follow":"follow","max-snippet":"max-snippet:-1","max-image-preview":"max-image-preview:large","max-video-preview":"max-video-preview:-1"},"canonical":"https:\/\/alladixital.org\/en\/xlii-xornaes-internacionales-destudiu-2024\/","og_locale":"en_US","og_type":"article","og_title":"XLII Xornaes Internacionales d'Estudiu (2024) - Academia de la Llingua Asturiana","og_description":"XLII Xornaes Internacionales d&#8217;Estudiu 5, 6 y 7 de payares de 2024. Sal\u00f3n d&#8217;actos del edificiu d&#8217;alministraci\u00f3n (2\u00aa planta) de la Facult\u00e1 de Filosof\u00eda y Lletres de la Universid\u00e1 d&#8217;Uvi\u00e9u. &hellip; Continue reading \"XLII Xornaes Internacionales d&#8217;Estudiu (2024)\"","og_url":"https:\/\/alladixital.org\/en\/xlii-xornaes-internacionales-destudiu-2024\/","og_site_name":"Academia de la Llingua Asturiana","article_publisher":"https:\/\/www.facebook.com\/AcademiadelaLlinguaAsturiana\/","article_published_time":"2024-10-07T08:40:51+00:00","article_modified_time":"2024-10-07T08:41:31+00:00","og_image":[{"width":1510,"height":738,"url":"https:\/\/alladixital.org\/wp-content\/uploads\/2024\/10\/xornaes-anuncies-2.jpg","type":"image\/jpeg"}],"author":"admin","twitter_card":"summary_large_image","twitter_creator":"@ALLA_ast","twitter_site":"@ALLA_ast","schema":{"@context":"https:\/\/schema.org","@graph":[{"@type":"Article","@id":"https:\/\/alladixital.org\/en\/xlii-xornaes-internacionales-destudiu-2024\/#article","isPartOf":{"@id":"https:\/\/alladixital.org\/en\/xlii-xornaes-internacionales-destudiu-2024\/"},"author":{"name":"admin","@id":"https:\/\/alladixital.org\/#\/schema\/person\/656e0920ab4ffb58592f1439c950b1cc"},"headline":"XLII Xornaes Internacionales d&#8217;Estudiu (2024)","datePublished":"2024-10-07T08:40:51+00:00","dateModified":"2024-10-07T08:41:31+00:00","mainEntityOfPage":{"@id":"https:\/\/alladixital.org\/en\/xlii-xornaes-internacionales-destudiu-2024\/"},"wordCount":48,"publisher":{"@id":"https:\/\/alladixital.org\/#organization"},"image":{"@id":"https:\/\/alladixital.org\/en\/xlii-xornaes-internacionales-destudiu-2024\/#primaryimage"},"thumbnailUrl":"https:\/\/alladixital.org\/wp-content\/uploads\/2024\/10\/xornaes-anuncies-2.jpg","articleSection":["News"],"inLanguage":"en-US"},{"@type":"WebPage","@id":"https:\/\/alladixital.org\/en\/xlii-xornaes-internacionales-destudiu-2024\/","url":"https:\/\/alladixital.org\/en\/xlii-xornaes-internacionales-destudiu-2024\/","name":"XLII Xornaes Internacionales d'Estudiu (2024) - Academia de la Llingua Asturiana","isPartOf":{"@id":"https:\/\/alladixital.org\/#website"},"primaryImageOfPage":{"@id":"https:\/\/alladixital.org\/en\/xlii-xornaes-internacionales-destudiu-2024\/#primaryimage"},"image":{"@id":"https:\/\/alladixital.org\/en\/xlii-xornaes-internacionales-destudiu-2024\/#primaryimage"},"thumbnailUrl":"https:\/\/alladixital.org\/wp-content\/uploads\/2024\/10\/xornaes-anuncies-2.jpg","datePublished":"2024-10-07T08:40:51+00:00","dateModified":"2024-10-07T08:41:31+00:00","breadcrumb":{"@id":"https:\/\/alladixital.org\/en\/xlii-xornaes-internacionales-destudiu-2024\/#breadcrumb"},"inLanguage":"en-US","potentialAction":[{"@type":"ReadAction","target":["https:\/\/alladixital.org\/en\/xlii-xornaes-internacionales-destudiu-2024\/"]}]},{"@type":"ImageObject","inLanguage":"en-US","@id":"https:\/\/alladixital.org\/en\/xlii-xornaes-internacionales-destudiu-2024\/#primaryimage","url":"https:\/\/alladixital.org\/wp-content\/uploads\/2024\/10\/xornaes-anuncies-2.jpg","contentUrl":"https:\/\/alladixital.org\/wp-content\/uploads\/2024\/10\/xornaes-anuncies-2.jpg","width":1510,"height":738},{"@type":"BreadcrumbList","@id":"https:\/\/alladixital.org\/en\/xlii-xornaes-internacionales-destudiu-2024\/#breadcrumb","itemListElement":[{"@type":"ListItem","position":1,"name":"Portada","item":"https:\/\/alladixital.org\/"},{"@type":"ListItem","position":2,"name":"XLII Xornaes Internacionales d&#8217;Estudiu (2024)"}]},{"@type":"WebSite","@id":"https:\/\/alladixital.org\/#website","url":"https:\/\/alladixital.org\/","name":"Academia de la Llingua Asturiana","description":"ALLA","publisher":{"@id":"https:\/\/alladixital.org\/#organization"},"potentialAction":[{"@type":"SearchAction","target":{"@type":"EntryPoint","urlTemplate":"https:\/\/alladixital.org\/?s={search_term_string}"},"query-input":{"@type":"PropertyValueSpecification","valueRequired":true,"valueName":"search_term_string"}}],"inLanguage":"en-US"},{"@type":"Organization","@id":"https:\/\/alladixital.org\/#organization","name":"Academia de la Llingua Asturiana","url":"https:\/\/alladixital.org\/","logo":{"@type":"ImageObject","inLanguage":"en-US","@id":"https:\/\/alladixital.org\/#\/schema\/logo\/image\/","url":"https:\/\/alladixital.org\/wp-content\/uploads\/2022\/08\/logo_LLINGUA_280_V3.jpg","contentUrl":"https:\/\/alladixital.org\/wp-content\/uploads\/2022\/08\/logo_LLINGUA_280_V3.jpg","width":1064,"height":1096,"caption":"Academia de la Llingua Asturiana"},"image":{"@id":"https:\/\/alladixital.org\/#\/schema\/logo\/image\/"},"sameAs":["https:\/\/www.facebook.com\/AcademiadelaLlinguaAsturiana\/","https:\/\/x.com\/ALLA_ast"]},{"@type":"Person","@id":"https:\/\/alladixital.org\/#\/schema\/person\/656e0920ab4ffb58592f1439c950b1cc","name":"admin","image":{"@type":"ImageObject","inLanguage":"en-US","@id":"https:\/\/alladixital.org\/#\/schema\/person\/image\/","url":"https:\/\/secure.gravatar.com\/avatar\/c7cafab1c40b86a41f7dc1a5f47b543eabcdd3630903338f35932f4e47d657cb?s=96&d=mm&r=g","contentUrl":"https:\/\/secure.gravatar.com\/avatar\/c7cafab1c40b86a41f7dc1a5f47b543eabcdd3630903338f35932f4e47d657cb?s=96&d=mm&r=g","caption":"admin"},"url":"https:\/\/alladixital.org\/en\/author\/admin\/"}]}},"brizy_media":[],"_links":{"self":[{"href":"https:\/\/alladixital.org\/en\/wp-json\/wp\/v2\/posts\/27093","targetHints":{"allow":["GET"]}}],"collection":[{"href":"https:\/\/alladixital.org\/en\/wp-json\/wp\/v2\/posts"}],"about":[{"href":"https:\/\/alladixital.org\/en\/wp-json\/wp\/v2\/types\/post"}],"author":[{"embeddable":true,"href":"https:\/\/alladixital.org\/en\/wp-json\/wp\/v2\/users\/1"}],"replies":[{"embeddable":true,"href":"https:\/\/alladixital.org\/en\/wp-json\/wp\/v2\/comments?post=27093"}],"version-history":[{"count":0,"href":"https:\/\/alladixital.org\/en\/wp-json\/wp\/v2\/posts\/27093\/revisions"}],"wp:featuredmedia":[{"embeddable":true,"href":"https:\/\/alladixital.org\/en\/wp-json\/wp\/v2\/media\/27090"}],"wp:attachment":[{"href":"https:\/\/alladixital.org\/en\/wp-json\/wp\/v2\/media?parent=27093"}],"wp:term":[{"taxonomy":"category","embeddable":true,"href":"https:\/\/alladixital.org\/en\/wp-json\/wp\/v2\/categories?post=27093"},{"taxonomy":"post_tag","embeddable":true,"href":"https:\/\/alladixital.org\/en\/wp-json\/wp\/v2\/tags?post=27093"}],"curies":[{"name":"wp","href":"https:\/\/api.w.org\/{rel}","templated":true}]}}