{"id":4477,"date":"2021-05-06T11:45:15","date_gmt":"2021-05-06T09:45:15","guid":{"rendered":"https:\/\/alladixital.org\/42-dia-de-les-lletres-asturianes\/"},"modified":"2021-05-06T11:45:15","modified_gmt":"2021-05-06T09:45:15","slug":"42-dia-de-les-lletres-asturianes","status":"publish","type":"post","link":"https:\/\/alladixital.org\/en\/42-dia-de-les-lletres-asturianes\/","title":{"rendered":"42 D\u00eda de les Lletres Asturianes"},"content":{"rendered":"\r\n<div class=\"wp-block-image\"><figure class=\"aligncenter size-large\"><img decoding=\"async\" src=\"https:\/\/alladixital.org\/\/wp-content\/uploads\/2021\/05\/WhatsApp-Image-2021-05-06-at-11.30.05-1024x538.jpeg\" alt=\"\" class=\"wp-image-2242\"\/><\/figure><\/div>\r\n\r\n\r\n<p><strong>7 de mayu de 2021, a les 12 hores, nel Teatru Campoamor<\/strong><!--more--><\/p>\r\n<p><strong>&nbsp;<\/strong>Ma\u00f1ana vienres d\u00eda 7 de mayu, a les 12 hores, el Teatru Campoamor d\u2019Uvi\u00e9u va volver a acoyer el D\u00eda de les Lletres Asturianes, na so 42a. edici\u00f3n. Nesti actu, qu\u2019enmarca a la Xunta Estraordinaria de l&#8217;Academia de la Llingua Asturiana, dar\u00e1se acoyida al nuevu Acad\u00e9micu Correspondiente, l\u2019escritor D. Xandru Martino Ruz, y a la nueva Acad\u00e9mica d\u2019Honor, la periodista D\u00f1a. Pilar Rubiera Alonso. El pieslle d\u2019esti 42u. D\u00eda de les Lletres Asturianes pondr\u00e1lu, como tolos a\u00f1os, el discursu institucional del Presidente de l\u2019Academia, D. Xos\u00e9 Ant\u00f3n Gonz\u00e1lez Ria\u00f1o.<\/p>\r\n<p>La conductora del actu va ser la periodista Sonia Avellaneda y l\u2019entamu y el pieslle musical van tar al cargu del coru Cantos del Font\u00e1n, dirix\u00edu por Rebeca Velasco. Am\u00e1s, como ye vezu, el D\u00eda de les Lletres cel\u00e9brase tami\u00e9n col asoleyamientu d\u2019un n\u00famberu nuevu de Lliteratura, el 37, dedic\u00e1u a la traducci\u00f3n.<\/p>\r\n<p>Nel actu, restrinx\u00edu y desendolc\u00e1u baxo mid\u00edes preventives, ta confirmada l\u2019asistencia de les m\u00e1ximes autoridaes en representaci\u00f3n de los \u00e1mbitos acad\u00e9micu, pol\u00edticu y social d\u2019Asturies, cola participaci\u00f3n de miembros del Gobiernu asturianu, grupos parllamentarios na Xunta Xeneral, alcald\u00edes, sindicatos y delles personalidaes de la vida cultural del pa\u00eds. Esti D\u00eda de les Lletres, retresmit\u00edu en direuto, va poder siguise pela Radio y la Televisi\u00f3n del Princip\u00e1u d\u2019Asturies.<\/p>\r\n<p>Uvi\u00e9u, 6 de mayu de 2021<\/p>\r\n<script><\/script>","protected":false},"excerpt":{"rendered":"<p>7 de mayu de 2021, a les 12 hores, nel Teatru Campoamor<\/p>\n","protected":false},"author":1,"featured_media":4262,"comment_status":"closed","ping_status":"open","sticky":false,"template":"","format":"standard","meta":{"_acf_changed":false,"footnotes":""},"categories":[133],"tags":[178,179],"class_list":["post-4477","post","type-post","status-publish","format-standard","has-post-thumbnail","hentry","category-news","tag-dia-de-les-lletres-asturianes-en","tag-xlii-dia-de-les-lletres-asturianes-en"],"acf":[],"yoast_head":"<!-- This site is optimized with the Yoast SEO plugin v26.7 - https:\/\/yoast.com\/wordpress\/plugins\/seo\/ -->\n<title>42 D\u00eda de les Lletres Asturianes - Academia de la Llingua Asturiana<\/title>\n<meta name=\"robots\" content=\"index, follow, max-snippet:-1, max-image-preview:large, max-video-preview:-1\" \/>\n<link rel=\"canonical\" href=\"https:\/\/alladixital.org\/en\/42-dia-de-les-lletres-asturianes\/\" \/>\n<meta property=\"og:locale\" content=\"en_US\" \/>\n<meta property=\"og:type\" content=\"article\" \/>\n<meta property=\"og:title\" content=\"42 D\u00eda de les Lletres Asturianes - Academia de la Llingua Asturiana\" \/>\n<meta property=\"og:description\" content=\"7 de mayu de 2021, a les 12 hores, nel Teatru Campoamor\" \/>\n<meta property=\"og:url\" content=\"https:\/\/alladixital.org\/en\/42-dia-de-les-lletres-asturianes\/\" \/>\n<meta property=\"og:site_name\" content=\"Academia de la Llingua Asturiana\" \/>\n<meta property=\"article:publisher\" content=\"https:\/\/www.facebook.com\/AcademiadelaLlinguaAsturiana\/\" \/>\n<meta property=\"article:published_time\" content=\"2021-05-06T09:45:15+00:00\" \/>\n<meta property=\"og:image\" content=\"https:\/\/alladixital.org\/wp-content\/uploads\/2021\/05\/WhatsApp-Image-2021-05-06-at-11.30.05-1.jpeg\" \/>\n\t<meta property=\"og:image:width\" content=\"1200\" \/>\n\t<meta property=\"og:image:height\" content=\"630\" \/>\n\t<meta property=\"og:image:type\" content=\"image\/jpeg\" \/>\n<meta name=\"author\" content=\"admin\" \/>\n<meta name=\"twitter:card\" content=\"summary_large_image\" \/>\n<meta name=\"twitter:creator\" content=\"@ALLA_ast\" \/>\n<meta name=\"twitter:site\" content=\"@ALLA_ast\" \/>\n<script type=\"application\/ld+json\" class=\"yoast-schema-graph\">{\"@context\":\"https:\/\/schema.org\",\"@graph\":[{\"@type\":\"Article\",\"@id\":\"https:\/\/alladixital.org\/en\/42-dia-de-les-lletres-asturianes\/#article\",\"isPartOf\":{\"@id\":\"https:\/\/alladixital.org\/en\/42-dia-de-les-lletres-asturianes\/\"},\"author\":{\"name\":\"admin\",\"@id\":\"https:\/\/alladixital.org\/#\/schema\/person\/656e0920ab4ffb58592f1439c950b1cc\"},\"headline\":\"42 D\u00eda de les Lletres Asturianes\",\"datePublished\":\"2021-05-06T09:45:15+00:00\",\"mainEntityOfPage\":{\"@id\":\"https:\/\/alladixital.org\/en\/42-dia-de-les-lletres-asturianes\/\"},\"wordCount\":277,\"publisher\":{\"@id\":\"https:\/\/alladixital.org\/#organization\"},\"image\":{\"@id\":\"https:\/\/alladixital.org\/en\/42-dia-de-les-lletres-asturianes\/#primaryimage\"},\"thumbnailUrl\":\"https:\/\/alladixital.org\/wp-content\/uploads\/2021\/05\/WhatsApp-Image-2021-05-06-at-11.30.05-1.jpeg\",\"keywords\":[\"D\u00eda de les Lletres Asturianes\",\"XLII D\u00eda de les Lletres Asturianes\"],\"articleSection\":[\"News\"],\"inLanguage\":\"en-US\"},{\"@type\":\"WebPage\",\"@id\":\"https:\/\/alladixital.org\/en\/42-dia-de-les-lletres-asturianes\/\",\"url\":\"https:\/\/alladixital.org\/en\/42-dia-de-les-lletres-asturianes\/\",\"name\":\"42 D\u00eda de les Lletres Asturianes - Academia de la Llingua Asturiana\",\"isPartOf\":{\"@id\":\"https:\/\/alladixital.org\/#website\"},\"primaryImageOfPage\":{\"@id\":\"https:\/\/alladixital.org\/en\/42-dia-de-les-lletres-asturianes\/#primaryimage\"},\"image\":{\"@id\":\"https:\/\/alladixital.org\/en\/42-dia-de-les-lletres-asturianes\/#primaryimage\"},\"thumbnailUrl\":\"https:\/\/alladixital.org\/wp-content\/uploads\/2021\/05\/WhatsApp-Image-2021-05-06-at-11.30.05-1.jpeg\",\"datePublished\":\"2021-05-06T09:45:15+00:00\",\"breadcrumb\":{\"@id\":\"https:\/\/alladixital.org\/en\/42-dia-de-les-lletres-asturianes\/#breadcrumb\"},\"inLanguage\":\"en-US\",\"potentialAction\":[{\"@type\":\"ReadAction\",\"target\":[\"https:\/\/alladixital.org\/en\/42-dia-de-les-lletres-asturianes\/\"]}]},{\"@type\":\"ImageObject\",\"inLanguage\":\"en-US\",\"@id\":\"https:\/\/alladixital.org\/en\/42-dia-de-les-lletres-asturianes\/#primaryimage\",\"url\":\"https:\/\/alladixital.org\/wp-content\/uploads\/2021\/05\/WhatsApp-Image-2021-05-06-at-11.30.05-1.jpeg\",\"contentUrl\":\"https:\/\/alladixital.org\/wp-content\/uploads\/2021\/05\/WhatsApp-Image-2021-05-06-at-11.30.05-1.jpeg\",\"width\":1200,\"height\":630},{\"@type\":\"BreadcrumbList\",\"@id\":\"https:\/\/alladixital.org\/en\/42-dia-de-les-lletres-asturianes\/#breadcrumb\",\"itemListElement\":[{\"@type\":\"ListItem\",\"position\":1,\"name\":\"Portada\",\"item\":\"https:\/\/alladixital.org\/\"},{\"@type\":\"ListItem\",\"position\":2,\"name\":\"42 D\u00eda de les Lletres Asturianes\"}]},{\"@type\":\"WebSite\",\"@id\":\"https:\/\/alladixital.org\/#website\",\"url\":\"https:\/\/alladixital.org\/\",\"name\":\"Academia de la Llingua Asturiana\",\"description\":\"ALLA\",\"publisher\":{\"@id\":\"https:\/\/alladixital.org\/#organization\"},\"potentialAction\":[{\"@type\":\"SearchAction\",\"target\":{\"@type\":\"EntryPoint\",\"urlTemplate\":\"https:\/\/alladixital.org\/?s={search_term_string}\"},\"query-input\":{\"@type\":\"PropertyValueSpecification\",\"valueRequired\":true,\"valueName\":\"search_term_string\"}}],\"inLanguage\":\"en-US\"},{\"@type\":\"Organization\",\"@id\":\"https:\/\/alladixital.org\/#organization\",\"name\":\"Academia de la Llingua Asturiana\",\"url\":\"https:\/\/alladixital.org\/\",\"logo\":{\"@type\":\"ImageObject\",\"inLanguage\":\"en-US\",\"@id\":\"https:\/\/alladixital.org\/#\/schema\/logo\/image\/\",\"url\":\"https:\/\/alladixital.org\/wp-content\/uploads\/2022\/08\/logo_LLINGUA_280_V3.jpg\",\"contentUrl\":\"https:\/\/alladixital.org\/wp-content\/uploads\/2022\/08\/logo_LLINGUA_280_V3.jpg\",\"width\":1064,\"height\":1096,\"caption\":\"Academia de la Llingua Asturiana\"},\"image\":{\"@id\":\"https:\/\/alladixital.org\/#\/schema\/logo\/image\/\"},\"sameAs\":[\"https:\/\/www.facebook.com\/AcademiadelaLlinguaAsturiana\/\",\"https:\/\/x.com\/ALLA_ast\"]},{\"@type\":\"Person\",\"@id\":\"https:\/\/alladixital.org\/#\/schema\/person\/656e0920ab4ffb58592f1439c950b1cc\",\"name\":\"admin\",\"image\":{\"@type\":\"ImageObject\",\"inLanguage\":\"en-US\",\"@id\":\"https:\/\/alladixital.org\/#\/schema\/person\/image\/\",\"url\":\"https:\/\/secure.gravatar.com\/avatar\/c7cafab1c40b86a41f7dc1a5f47b543eabcdd3630903338f35932f4e47d657cb?s=96&d=mm&r=g\",\"contentUrl\":\"https:\/\/secure.gravatar.com\/avatar\/c7cafab1c40b86a41f7dc1a5f47b543eabcdd3630903338f35932f4e47d657cb?s=96&d=mm&r=g\",\"caption\":\"admin\"},\"url\":\"https:\/\/alladixital.org\/en\/author\/admin\/\"}]}<\/script>\n<!-- \/ Yoast SEO plugin. -->","yoast_head_json":{"title":"42 D\u00eda de les Lletres Asturianes - Academia de la Llingua Asturiana","robots":{"index":"index","follow":"follow","max-snippet":"max-snippet:-1","max-image-preview":"max-image-preview:large","max-video-preview":"max-video-preview:-1"},"canonical":"https:\/\/alladixital.org\/en\/42-dia-de-les-lletres-asturianes\/","og_locale":"en_US","og_type":"article","og_title":"42 D\u00eda de les Lletres Asturianes - Academia de la Llingua Asturiana","og_description":"7 de mayu de 2021, a les 12 hores, nel Teatru Campoamor","og_url":"https:\/\/alladixital.org\/en\/42-dia-de-les-lletres-asturianes\/","og_site_name":"Academia de la Llingua Asturiana","article_publisher":"https:\/\/www.facebook.com\/AcademiadelaLlinguaAsturiana\/","article_published_time":"2021-05-06T09:45:15+00:00","og_image":[{"width":1200,"height":630,"url":"https:\/\/alladixital.org\/wp-content\/uploads\/2021\/05\/WhatsApp-Image-2021-05-06-at-11.30.05-1.jpeg","type":"image\/jpeg"}],"author":"admin","twitter_card":"summary_large_image","twitter_creator":"@ALLA_ast","twitter_site":"@ALLA_ast","schema":{"@context":"https:\/\/schema.org","@graph":[{"@type":"Article","@id":"https:\/\/alladixital.org\/en\/42-dia-de-les-lletres-asturianes\/#article","isPartOf":{"@id":"https:\/\/alladixital.org\/en\/42-dia-de-les-lletres-asturianes\/"},"author":{"name":"admin","@id":"https:\/\/alladixital.org\/#\/schema\/person\/656e0920ab4ffb58592f1439c950b1cc"},"headline":"42 D\u00eda de les Lletres Asturianes","datePublished":"2021-05-06T09:45:15+00:00","mainEntityOfPage":{"@id":"https:\/\/alladixital.org\/en\/42-dia-de-les-lletres-asturianes\/"},"wordCount":277,"publisher":{"@id":"https:\/\/alladixital.org\/#organization"},"image":{"@id":"https:\/\/alladixital.org\/en\/42-dia-de-les-lletres-asturianes\/#primaryimage"},"thumbnailUrl":"https:\/\/alladixital.org\/wp-content\/uploads\/2021\/05\/WhatsApp-Image-2021-05-06-at-11.30.05-1.jpeg","keywords":["D\u00eda de les Lletres Asturianes","XLII D\u00eda de les Lletres Asturianes"],"articleSection":["News"],"inLanguage":"en-US"},{"@type":"WebPage","@id":"https:\/\/alladixital.org\/en\/42-dia-de-les-lletres-asturianes\/","url":"https:\/\/alladixital.org\/en\/42-dia-de-les-lletres-asturianes\/","name":"42 D\u00eda de les Lletres Asturianes - Academia de la Llingua Asturiana","isPartOf":{"@id":"https:\/\/alladixital.org\/#website"},"primaryImageOfPage":{"@id":"https:\/\/alladixital.org\/en\/42-dia-de-les-lletres-asturianes\/#primaryimage"},"image":{"@id":"https:\/\/alladixital.org\/en\/42-dia-de-les-lletres-asturianes\/#primaryimage"},"thumbnailUrl":"https:\/\/alladixital.org\/wp-content\/uploads\/2021\/05\/WhatsApp-Image-2021-05-06-at-11.30.05-1.jpeg","datePublished":"2021-05-06T09:45:15+00:00","breadcrumb":{"@id":"https:\/\/alladixital.org\/en\/42-dia-de-les-lletres-asturianes\/#breadcrumb"},"inLanguage":"en-US","potentialAction":[{"@type":"ReadAction","target":["https:\/\/alladixital.org\/en\/42-dia-de-les-lletres-asturianes\/"]}]},{"@type":"ImageObject","inLanguage":"en-US","@id":"https:\/\/alladixital.org\/en\/42-dia-de-les-lletres-asturianes\/#primaryimage","url":"https:\/\/alladixital.org\/wp-content\/uploads\/2021\/05\/WhatsApp-Image-2021-05-06-at-11.30.05-1.jpeg","contentUrl":"https:\/\/alladixital.org\/wp-content\/uploads\/2021\/05\/WhatsApp-Image-2021-05-06-at-11.30.05-1.jpeg","width":1200,"height":630},{"@type":"BreadcrumbList","@id":"https:\/\/alladixital.org\/en\/42-dia-de-les-lletres-asturianes\/#breadcrumb","itemListElement":[{"@type":"ListItem","position":1,"name":"Portada","item":"https:\/\/alladixital.org\/"},{"@type":"ListItem","position":2,"name":"42 D\u00eda de les Lletres Asturianes"}]},{"@type":"WebSite","@id":"https:\/\/alladixital.org\/#website","url":"https:\/\/alladixital.org\/","name":"Academia de la Llingua Asturiana","description":"ALLA","publisher":{"@id":"https:\/\/alladixital.org\/#organization"},"potentialAction":[{"@type":"SearchAction","target":{"@type":"EntryPoint","urlTemplate":"https:\/\/alladixital.org\/?s={search_term_string}"},"query-input":{"@type":"PropertyValueSpecification","valueRequired":true,"valueName":"search_term_string"}}],"inLanguage":"en-US"},{"@type":"Organization","@id":"https:\/\/alladixital.org\/#organization","name":"Academia de la Llingua Asturiana","url":"https:\/\/alladixital.org\/","logo":{"@type":"ImageObject","inLanguage":"en-US","@id":"https:\/\/alladixital.org\/#\/schema\/logo\/image\/","url":"https:\/\/alladixital.org\/wp-content\/uploads\/2022\/08\/logo_LLINGUA_280_V3.jpg","contentUrl":"https:\/\/alladixital.org\/wp-content\/uploads\/2022\/08\/logo_LLINGUA_280_V3.jpg","width":1064,"height":1096,"caption":"Academia de la Llingua Asturiana"},"image":{"@id":"https:\/\/alladixital.org\/#\/schema\/logo\/image\/"},"sameAs":["https:\/\/www.facebook.com\/AcademiadelaLlinguaAsturiana\/","https:\/\/x.com\/ALLA_ast"]},{"@type":"Person","@id":"https:\/\/alladixital.org\/#\/schema\/person\/656e0920ab4ffb58592f1439c950b1cc","name":"admin","image":{"@type":"ImageObject","inLanguage":"en-US","@id":"https:\/\/alladixital.org\/#\/schema\/person\/image\/","url":"https:\/\/secure.gravatar.com\/avatar\/c7cafab1c40b86a41f7dc1a5f47b543eabcdd3630903338f35932f4e47d657cb?s=96&d=mm&r=g","contentUrl":"https:\/\/secure.gravatar.com\/avatar\/c7cafab1c40b86a41f7dc1a5f47b543eabcdd3630903338f35932f4e47d657cb?s=96&d=mm&r=g","caption":"admin"},"url":"https:\/\/alladixital.org\/en\/author\/admin\/"}]}},"brizy_media":[],"_links":{"self":[{"href":"https:\/\/alladixital.org\/en\/wp-json\/wp\/v2\/posts\/4477","targetHints":{"allow":["GET"]}}],"collection":[{"href":"https:\/\/alladixital.org\/en\/wp-json\/wp\/v2\/posts"}],"about":[{"href":"https:\/\/alladixital.org\/en\/wp-json\/wp\/v2\/types\/post"}],"author":[{"embeddable":true,"href":"https:\/\/alladixital.org\/en\/wp-json\/wp\/v2\/users\/1"}],"replies":[{"embeddable":true,"href":"https:\/\/alladixital.org\/en\/wp-json\/wp\/v2\/comments?post=4477"}],"version-history":[{"count":0,"href":"https:\/\/alladixital.org\/en\/wp-json\/wp\/v2\/posts\/4477\/revisions"}],"wp:featuredmedia":[{"embeddable":true,"href":"https:\/\/alladixital.org\/en\/wp-json\/wp\/v2\/media\/4262"}],"wp:attachment":[{"href":"https:\/\/alladixital.org\/en\/wp-json\/wp\/v2\/media?parent=4477"}],"wp:term":[{"taxonomy":"category","embeddable":true,"href":"https:\/\/alladixital.org\/en\/wp-json\/wp\/v2\/categories?post=4477"},{"taxonomy":"post_tag","embeddable":true,"href":"https:\/\/alladixital.org\/en\/wp-json\/wp\/v2\/tags?post=4477"}],"curies":[{"name":"wp","href":"https:\/\/api.w.org\/{rel}","templated":true}]}}