{"id":4627,"date":"2018-01-18T12:57:45","date_gmt":"2018-01-18T11:57:45","guid":{"rendered":"https:\/\/alladixital.org\/respuesta-a-la-campana-escontra-la-co-oficialida-de-la-llingua-asturiana\/"},"modified":"2022-07-06T12:56:38","modified_gmt":"2022-07-06T10:56:38","slug":"respuesta-a-la-campana-escontra-la-co-oficialida-de-la-llingua-asturiana","status":"publish","type":"post","link":"https:\/\/alladixital.org\/en\/respuesta-a-la-campana-escontra-la-co-oficialida-de-la-llingua-asturiana\/","title":{"rendered":"Respuesta a la campa\u00f1a escontra la co-oficialid\u00e1 de la Llingua Asturiana"},"content":{"rendered":"<p><strong>\u00a0<\/strong><\/p>\n<p>&nbsp;<\/p>\n<p>L\u2019Academia de la Llingua Asturiana (ALLA) quier tresmitir, una vegada m\u00e1s, la so posici\u00f3n sobro esta cuesti\u00f3n y failo porque ye la so obligaci\u00f3n como instituci\u00f3n tutelar de los derechos lling\u00fc\u00edsticos de los asturianos y asturianes.<\/p>\n<p><!--more--><\/p>\n<p>Nesti sen constatamos, en primer llugar, l\u2019entamu d\u2019una verdadera campa\u00f1a escontra la llingua y cultura asturianes que xurde de sectores sociales marxinales y minoritarios, pero con una innegable incidencia nos medios. L\u2019orixe d\u2019esta estratexa d\u2019ataque al asturianu, seg\u00fan la opini\u00f3n de nueso, deriva de dos circunstancies, asoced\u00edes apocay\u00e1, y especialmente favoratibles pal futuru de la llingua asturiana: los resultaos del III Estudiu Sociolling\u00fc\u00edsticu d\u2019Asturies (presentaos a lo cabero del mes de xunetu de 2017) y les resoluciones del XXXII Congresu de la FSA-PSOE (de setiembre-ochobre de 2017).<\/p>\n<p>La s\u00edntesis argumental d\u2019esta campa\u00f1a anti-asturiana c\u00e9ntrase en plantegar que nun hai demanda social pa la oficialid\u00e1 de la llingua, qu\u2019esta ye un intentu d\u2019imposici\u00f3n antidemocr\u00e1ticu d\u2019una minor\u00eda o, en fin, que la puesta en pr\u00e1utica d\u2019esta figura xur\u00eddica ye inasumible econ\u00f3micamente (equ\u00ed ll\u00e9gase al paroxismu diciendo que\u2019l coste de la oficialid\u00e1 superar\u00eda a\u00f1almente los 70 millones d\u2019euros).<\/p>\n<p>Pues bien, l\u2019Academia de la Llingua Asturiana vese obligada a retrucar cola mayor enerx\u00eda y convicci\u00f3n tal estratexa d\u2019alarma social, darr\u00e9u que:<\/p>\n<ol start=\"4\">\n<li><strong>La demanda de la co-oficialid\u00e1 del asturianu ye<\/strong>, am\u00e1s de caltenida nel tiempu, <strong>ampliamente mayoritaria n\u2019Asturies.<\/strong> De fechu, nam\u00e1i un residual 18% de la nuesa poblaci\u00f3n s\u2019asitia en posiciones que refuguen dafechu l\u2019estatus oficial de la nuesa llingua.<\/li>\n<li><strong>Son los que cuestionen la oficialid\u00e1 de la llingua asturiana los que se ponen al marxe de la Constituci\u00f3n y non los que sofitamos esta opci\u00f3n<\/strong>, porque la soluci\u00f3n constitucional pa les lling\u00fces de les autonom\u00edes ye, xustamente, la co-oficialid\u00e1 reconocida al travi\u00e9s de los respeutivos estatutos (art. 3.2). Esto ye lo que se fexo, por cierto, siguiendo\u2019l m\u00e1nd\u00e1u constitucional, en Baleares, Catalu\u00f1a, Galicia, Navarra, Pa\u00eds Vascu, Valencia y hasta la Val d\u2019Aran.<\/li>\n<li><strong>La oficialid\u00e1 de la llingua asturiana<\/strong> (y del gallego-asturianu nel so \u00e1mbitu) <strong>nun implica, de neng\u00fan mou, la imposici\u00f3n del so emplegu, sin\u00f3n el derechu al so usu<\/strong> p\u2019aquelles persones que llibremente lo decidan. Ye risible y hasta \u2018grotesco\u2019, per otru llau, que daqui\u00e9n pueda camentar que tolos funcionarios d\u2019Asturies tendr\u00eden que conocer o usar l\u2019asturianu (m\u00e9dicos, xueces, economistes, arquiteutos, alministrativos, etc.) o que\u2019l conocimientu del asturianu tuviere que ser condici\u00f3n necesaria pal accesu a la funci\u00f3n p\u00fablica pal personal que nun tuviere qu\u2019actuar estrictamente na xesti\u00f3n de la oficialid\u00e1.<\/li>\n<li><strong>La llingua asturiana ye un patrimoniu cultural de tolos asturianos y asturianes, al marxe d\u2019ideolox\u00edes y d\u2019opciones partidistes.<\/strong> Nesti sen, los estudios sociolling\u00fc\u00edsticos dexen claro que la demanda d\u2019oficialid\u00e1 calti\u00e9nenla por igual persones votantes de tol espectru pol\u00edticu. Dicho con otres pallabres, la llingua y el sofitu a la so sobrevivencia nun ye nin de dereches nin d\u2019esquierdes, ye de toos y toes.<\/li>\n<li><strong>Ye falso que col marcu xur\u00eddicu actual se garanticen los derechos lling\u00fc\u00edsticos n\u2019Asturies,<\/strong> la llibert\u00e1 del so emplegu o la so dignificaci\u00f3n social: eh\u00ed t\u00e1n les ordenances d\u2019usu del asturianu nos conceyos anulaes xudicialmente, la discriminaci\u00f3n al profesor\u00e1u de llingua asturiana (que, teniendo la mesma titulaci\u00f3n universitaria que\u2019l restu, nun pue acceder al so mesmu estatus profesional), los pilancos pal emplegu comunicativu del asturianu nos medios de comunicaci\u00f3n p\u00fablica o, en fin, la enorme perda de recursos econ\u00f3micos de calter estatal xenerada pol fechu de la non oficialid\u00e1.<\/li>\n<li><strong>La oficialid\u00e1 de la llingua asturiana nun tien por qu\u00e9 replicar modelos sigu\u00edos n\u2019otres comunidaes, sin\u00f3n que tien qu\u2019afayase a la concreta situaci\u00f3n sociol\u00f3xica d\u2019Asturies<\/strong> y a les nueses espec\u00edfiques necesidaes. Por exemplu: presencia educativa nos niveles non universitarios como asignatura de llibre configuraci\u00f3n auton\u00f3mica al algame de tol alumn\u00e1u; emplegu equilibr\u00e1u, xunto col castell\u00e1n, nos medios de comunicaci\u00f3n p\u00fablicos; dignificaci\u00f3n y visualizaci\u00f3n del so usu n\u2019\u00e1mbitos institucionales del Princip\u00e1u; mid\u00edes de fomentu, proteici\u00f3n y espardimientu de la creaci\u00f3n lliteraria y art\u00edstica, etc. Aiciones d\u2019esti calter ser\u00eden abondes como pa garantizar el futuru del asturianu como llingua de cultura na nuesa comunid\u00e1.<\/li>\n<li><strong>El procesu de puesta en pr\u00e1utica de la oficialid\u00e1 n\u2019Asturies sedr\u00eda\u2019l m\u00e1s cenciellu y el menos costosu, falando en t\u00e9rminos econ\u00f3micos, de tol est\u00e1u<\/strong>, darr\u00e9u de les carauter\u00edstiques espec\u00edfiques d\u2019Asturies: comunid\u00e1 uniprovincial (un solu parllamentu y ensin diputaciones provinciales), 1 mill\u00f3n d\u2019habitantes, nam\u00e1s 1 Universid\u00e1, 78 conceyos y presencia de mancomunidaes, etc. Nesti sen, pue afirmase rotundamente que la co-oficialid\u00e1 del asturianu (y del gallego-asturianu) en neng\u00fan casu requerir\u00eda una inversi\u00f3n a\u00f1al, adicional a l\u2019actual, que superara\u2019l 0.35% de presupuestu de la comunid\u00e1 aut\u00f3noma. Hai que conse\u00f1ar, am\u00e1s, qu\u2019acordies colos plantegamientos de los espertos, una parte importante d\u2019esta inversi\u00f3n diba recuperase al travi\u00e9s de la creaci\u00f3n de puestos de trabayu estables nel sistema educativu, del empl\u00e9u en grupos corporativos teunol\u00f3xicos, del afitamientu d\u2019empreses editoriales y discogr\u00e1fiques, de la xeneraci\u00f3n d\u2019un turismu cultural y de calid\u00e1, etc.<\/li>\n<\/ol>\n<p>En fin, n\u2019Asturies toos tenemos una enorme responsabilid\u00e1 no que se refier a facer posible que la llingua del pueblu asturianu nun desapaeza. Caltener una cultura -abierta y non excluyente- nun pue meter mieu a nadie. Ye la nuesa cultura; y los asturianos y asturianes vamos saber xestionar esta cultura con intelixencia y moderaci\u00f3n. Agora hai una oportunid\u00e1 pa facelo, col mayor consensu posible, porque hai una mayor\u00eda social y pol\u00edtica qu\u2019ufre les m\u00e1ximes garant\u00edes d\u2019\u00e9xitu nel llogru d\u2019esta demanda hest\u00f3rica.<\/p>\n<p>Uvi\u00e9u, 18 de xineru de 2018<\/p>\n<p>Academia de la Llingua Asturiana<br \/>\n<script><\/script><\/p>\n","protected":false},"excerpt":{"rendered":"<p>\u00a0 &nbsp; L\u2019Academia de la Llingua Asturiana (ALLA) quier tresmitir, una vegada m\u00e1s, la so posici\u00f3n sobro esta cuesti\u00f3n y failo porque ye la so obligaci\u00f3n como instituci\u00f3n tutelar de &hellip; <\/p>\n<p class=\"link-more\"><a href=\"https:\/\/alladixital.org\/en\/respuesta-a-la-campana-escontra-la-co-oficialida-de-la-llingua-asturiana\/\" class=\"more-link\">Continue reading<span class=\"screen-reader-text\"> &#8220;Respuesta a la campa\u00f1a escontra la co-oficialid\u00e1 de la Llingua Asturiana&#8221;<\/span><\/a><\/p>\n","protected":false},"author":1,"featured_media":4395,"comment_status":"closed","ping_status":"closed","sticky":false,"template":"","format":"standard","meta":{"_acf_changed":false,"footnotes":""},"categories":[133],"tags":[],"class_list":["post-4627","post","type-post","status-publish","format-standard","has-post-thumbnail","hentry","category-news"],"acf":[],"yoast_head":"<!-- This site is optimized with the Yoast SEO plugin v26.7 - https:\/\/yoast.com\/wordpress\/plugins\/seo\/ -->\n<title>Respuesta a la campa\u00f1a escontra la co-oficialid\u00e1 de la Llingua Asturiana - Academia de la Llingua Asturiana<\/title>\n<meta name=\"robots\" content=\"index, follow, max-snippet:-1, max-image-preview:large, max-video-preview:-1\" \/>\n<link rel=\"canonical\" href=\"https:\/\/alladixital.org\/en\/respuesta-a-la-campana-escontra-la-co-oficialida-de-la-llingua-asturiana\/\" \/>\n<meta property=\"og:locale\" content=\"en_US\" \/>\n<meta property=\"og:type\" content=\"article\" \/>\n<meta property=\"og:title\" content=\"Respuesta a la campa\u00f1a escontra la co-oficialid\u00e1 de la Llingua Asturiana - Academia de la Llingua Asturiana\" \/>\n<meta property=\"og:description\" content=\"\u00a0 &nbsp; L\u2019Academia de la Llingua Asturiana (ALLA) quier tresmitir, una vegada m\u00e1s, la so posici\u00f3n sobro esta cuesti\u00f3n y failo porque ye la so obligaci\u00f3n como instituci\u00f3n tutelar de &hellip; Continue reading &quot;Respuesta a la campa\u00f1a escontra la co-oficialid\u00e1 de la Llingua Asturiana&quot;\" \/>\n<meta property=\"og:url\" content=\"https:\/\/alladixital.org\/en\/respuesta-a-la-campana-escontra-la-co-oficialida-de-la-llingua-asturiana\/\" \/>\n<meta property=\"og:site_name\" content=\"Academia de la Llingua Asturiana\" \/>\n<meta property=\"article:publisher\" content=\"https:\/\/www.facebook.com\/AcademiadelaLlinguaAsturiana\/\" \/>\n<meta property=\"article:published_time\" content=\"2018-01-18T11:57:45+00:00\" \/>\n<meta property=\"article:modified_time\" content=\"2022-07-06T10:56:38+00:00\" \/>\n<meta property=\"og:image\" content=\"https:\/\/alladixital.org\/wp-content\/uploads\/2018\/01\/IMG_8032-2-768x576-1.jpg\" \/>\n\t<meta property=\"og:image:width\" content=\"768\" \/>\n\t<meta property=\"og:image:height\" content=\"576\" \/>\n\t<meta property=\"og:image:type\" content=\"image\/jpeg\" \/>\n<meta name=\"author\" content=\"admin\" \/>\n<meta name=\"twitter:card\" content=\"summary_large_image\" \/>\n<meta name=\"twitter:creator\" content=\"@ALLA_ast\" \/>\n<meta name=\"twitter:site\" content=\"@ALLA_ast\" \/>\n<script type=\"application\/ld+json\" class=\"yoast-schema-graph\">{\"@context\":\"https:\/\/schema.org\",\"@graph\":[{\"@type\":\"Article\",\"@id\":\"https:\/\/alladixital.org\/en\/respuesta-a-la-campana-escontra-la-co-oficialida-de-la-llingua-asturiana\/#article\",\"isPartOf\":{\"@id\":\"https:\/\/alladixital.org\/en\/respuesta-a-la-campana-escontra-la-co-oficialida-de-la-llingua-asturiana\/\"},\"author\":{\"name\":\"admin\",\"@id\":\"https:\/\/alladixital.org\/#\/schema\/person\/656e0920ab4ffb58592f1439c950b1cc\"},\"headline\":\"Respuesta a la campa\u00f1a escontra la co-oficialid\u00e1 de la Llingua Asturiana\",\"datePublished\":\"2018-01-18T11:57:45+00:00\",\"dateModified\":\"2022-07-06T10:56:38+00:00\",\"mainEntityOfPage\":{\"@id\":\"https:\/\/alladixital.org\/en\/respuesta-a-la-campana-escontra-la-co-oficialida-de-la-llingua-asturiana\/\"},\"wordCount\":1054,\"publisher\":{\"@id\":\"https:\/\/alladixital.org\/#organization\"},\"image\":{\"@id\":\"https:\/\/alladixital.org\/en\/respuesta-a-la-campana-escontra-la-co-oficialida-de-la-llingua-asturiana\/#primaryimage\"},\"thumbnailUrl\":\"https:\/\/alladixital.org\/wp-content\/uploads\/2018\/01\/IMG_8032-2-768x576-1.jpg\",\"articleSection\":[\"News\"],\"inLanguage\":\"en-US\"},{\"@type\":\"WebPage\",\"@id\":\"https:\/\/alladixital.org\/en\/respuesta-a-la-campana-escontra-la-co-oficialida-de-la-llingua-asturiana\/\",\"url\":\"https:\/\/alladixital.org\/en\/respuesta-a-la-campana-escontra-la-co-oficialida-de-la-llingua-asturiana\/\",\"name\":\"Respuesta a la campa\u00f1a escontra la co-oficialid\u00e1 de la Llingua Asturiana - Academia de la Llingua Asturiana\",\"isPartOf\":{\"@id\":\"https:\/\/alladixital.org\/#website\"},\"primaryImageOfPage\":{\"@id\":\"https:\/\/alladixital.org\/en\/respuesta-a-la-campana-escontra-la-co-oficialida-de-la-llingua-asturiana\/#primaryimage\"},\"image\":{\"@id\":\"https:\/\/alladixital.org\/en\/respuesta-a-la-campana-escontra-la-co-oficialida-de-la-llingua-asturiana\/#primaryimage\"},\"thumbnailUrl\":\"https:\/\/alladixital.org\/wp-content\/uploads\/2018\/01\/IMG_8032-2-768x576-1.jpg\",\"datePublished\":\"2018-01-18T11:57:45+00:00\",\"dateModified\":\"2022-07-06T10:56:38+00:00\",\"breadcrumb\":{\"@id\":\"https:\/\/alladixital.org\/en\/respuesta-a-la-campana-escontra-la-co-oficialida-de-la-llingua-asturiana\/#breadcrumb\"},\"inLanguage\":\"en-US\",\"potentialAction\":[{\"@type\":\"ReadAction\",\"target\":[\"https:\/\/alladixital.org\/en\/respuesta-a-la-campana-escontra-la-co-oficialida-de-la-llingua-asturiana\/\"]}]},{\"@type\":\"ImageObject\",\"inLanguage\":\"en-US\",\"@id\":\"https:\/\/alladixital.org\/en\/respuesta-a-la-campana-escontra-la-co-oficialida-de-la-llingua-asturiana\/#primaryimage\",\"url\":\"https:\/\/alladixital.org\/wp-content\/uploads\/2018\/01\/IMG_8032-2-768x576-1.jpg\",\"contentUrl\":\"https:\/\/alladixital.org\/wp-content\/uploads\/2018\/01\/IMG_8032-2-768x576-1.jpg\",\"width\":768,\"height\":576},{\"@type\":\"BreadcrumbList\",\"@id\":\"https:\/\/alladixital.org\/en\/respuesta-a-la-campana-escontra-la-co-oficialida-de-la-llingua-asturiana\/#breadcrumb\",\"itemListElement\":[{\"@type\":\"ListItem\",\"position\":1,\"name\":\"Portada\",\"item\":\"https:\/\/alladixital.org\/\"},{\"@type\":\"ListItem\",\"position\":2,\"name\":\"Respuesta a la campa\u00f1a escontra la co-oficialid\u00e1 de la Llingua Asturiana\"}]},{\"@type\":\"WebSite\",\"@id\":\"https:\/\/alladixital.org\/#website\",\"url\":\"https:\/\/alladixital.org\/\",\"name\":\"Academia de la Llingua Asturiana\",\"description\":\"ALLA\",\"publisher\":{\"@id\":\"https:\/\/alladixital.org\/#organization\"},\"potentialAction\":[{\"@type\":\"SearchAction\",\"target\":{\"@type\":\"EntryPoint\",\"urlTemplate\":\"https:\/\/alladixital.org\/?s={search_term_string}\"},\"query-input\":{\"@type\":\"PropertyValueSpecification\",\"valueRequired\":true,\"valueName\":\"search_term_string\"}}],\"inLanguage\":\"en-US\"},{\"@type\":\"Organization\",\"@id\":\"https:\/\/alladixital.org\/#organization\",\"name\":\"Academia de la Llingua Asturiana\",\"url\":\"https:\/\/alladixital.org\/\",\"logo\":{\"@type\":\"ImageObject\",\"inLanguage\":\"en-US\",\"@id\":\"https:\/\/alladixital.org\/#\/schema\/logo\/image\/\",\"url\":\"https:\/\/alladixital.org\/wp-content\/uploads\/2022\/08\/logo_LLINGUA_280_V3.jpg\",\"contentUrl\":\"https:\/\/alladixital.org\/wp-content\/uploads\/2022\/08\/logo_LLINGUA_280_V3.jpg\",\"width\":1064,\"height\":1096,\"caption\":\"Academia de la Llingua Asturiana\"},\"image\":{\"@id\":\"https:\/\/alladixital.org\/#\/schema\/logo\/image\/\"},\"sameAs\":[\"https:\/\/www.facebook.com\/AcademiadelaLlinguaAsturiana\/\",\"https:\/\/x.com\/ALLA_ast\"]},{\"@type\":\"Person\",\"@id\":\"https:\/\/alladixital.org\/#\/schema\/person\/656e0920ab4ffb58592f1439c950b1cc\",\"name\":\"admin\",\"image\":{\"@type\":\"ImageObject\",\"inLanguage\":\"en-US\",\"@id\":\"https:\/\/alladixital.org\/#\/schema\/person\/image\/\",\"url\":\"https:\/\/secure.gravatar.com\/avatar\/c7cafab1c40b86a41f7dc1a5f47b543eabcdd3630903338f35932f4e47d657cb?s=96&d=mm&r=g\",\"contentUrl\":\"https:\/\/secure.gravatar.com\/avatar\/c7cafab1c40b86a41f7dc1a5f47b543eabcdd3630903338f35932f4e47d657cb?s=96&d=mm&r=g\",\"caption\":\"admin\"},\"url\":\"https:\/\/alladixital.org\/en\/author\/admin\/\"}]}<\/script>\n<!-- \/ Yoast SEO plugin. -->","yoast_head_json":{"title":"Respuesta a la campa\u00f1a escontra la co-oficialid\u00e1 de la Llingua Asturiana - Academia de la Llingua Asturiana","robots":{"index":"index","follow":"follow","max-snippet":"max-snippet:-1","max-image-preview":"max-image-preview:large","max-video-preview":"max-video-preview:-1"},"canonical":"https:\/\/alladixital.org\/en\/respuesta-a-la-campana-escontra-la-co-oficialida-de-la-llingua-asturiana\/","og_locale":"en_US","og_type":"article","og_title":"Respuesta a la campa\u00f1a escontra la co-oficialid\u00e1 de la Llingua Asturiana - Academia de la Llingua Asturiana","og_description":"\u00a0 &nbsp; L\u2019Academia de la Llingua Asturiana (ALLA) quier tresmitir, una vegada m\u00e1s, la so posici\u00f3n sobro esta cuesti\u00f3n y failo porque ye la so obligaci\u00f3n como instituci\u00f3n tutelar de &hellip; Continue reading \"Respuesta a la campa\u00f1a escontra la co-oficialid\u00e1 de la Llingua Asturiana\"","og_url":"https:\/\/alladixital.org\/en\/respuesta-a-la-campana-escontra-la-co-oficialida-de-la-llingua-asturiana\/","og_site_name":"Academia de la Llingua Asturiana","article_publisher":"https:\/\/www.facebook.com\/AcademiadelaLlinguaAsturiana\/","article_published_time":"2018-01-18T11:57:45+00:00","article_modified_time":"2022-07-06T10:56:38+00:00","og_image":[{"width":768,"height":576,"url":"https:\/\/alladixital.org\/wp-content\/uploads\/2018\/01\/IMG_8032-2-768x576-1.jpg","type":"image\/jpeg"}],"author":"admin","twitter_card":"summary_large_image","twitter_creator":"@ALLA_ast","twitter_site":"@ALLA_ast","schema":{"@context":"https:\/\/schema.org","@graph":[{"@type":"Article","@id":"https:\/\/alladixital.org\/en\/respuesta-a-la-campana-escontra-la-co-oficialida-de-la-llingua-asturiana\/#article","isPartOf":{"@id":"https:\/\/alladixital.org\/en\/respuesta-a-la-campana-escontra-la-co-oficialida-de-la-llingua-asturiana\/"},"author":{"name":"admin","@id":"https:\/\/alladixital.org\/#\/schema\/person\/656e0920ab4ffb58592f1439c950b1cc"},"headline":"Respuesta a la campa\u00f1a escontra la co-oficialid\u00e1 de la Llingua Asturiana","datePublished":"2018-01-18T11:57:45+00:00","dateModified":"2022-07-06T10:56:38+00:00","mainEntityOfPage":{"@id":"https:\/\/alladixital.org\/en\/respuesta-a-la-campana-escontra-la-co-oficialida-de-la-llingua-asturiana\/"},"wordCount":1054,"publisher":{"@id":"https:\/\/alladixital.org\/#organization"},"image":{"@id":"https:\/\/alladixital.org\/en\/respuesta-a-la-campana-escontra-la-co-oficialida-de-la-llingua-asturiana\/#primaryimage"},"thumbnailUrl":"https:\/\/alladixital.org\/wp-content\/uploads\/2018\/01\/IMG_8032-2-768x576-1.jpg","articleSection":["News"],"inLanguage":"en-US"},{"@type":"WebPage","@id":"https:\/\/alladixital.org\/en\/respuesta-a-la-campana-escontra-la-co-oficialida-de-la-llingua-asturiana\/","url":"https:\/\/alladixital.org\/en\/respuesta-a-la-campana-escontra-la-co-oficialida-de-la-llingua-asturiana\/","name":"Respuesta a la campa\u00f1a escontra la co-oficialid\u00e1 de la Llingua Asturiana - Academia de la Llingua Asturiana","isPartOf":{"@id":"https:\/\/alladixital.org\/#website"},"primaryImageOfPage":{"@id":"https:\/\/alladixital.org\/en\/respuesta-a-la-campana-escontra-la-co-oficialida-de-la-llingua-asturiana\/#primaryimage"},"image":{"@id":"https:\/\/alladixital.org\/en\/respuesta-a-la-campana-escontra-la-co-oficialida-de-la-llingua-asturiana\/#primaryimage"},"thumbnailUrl":"https:\/\/alladixital.org\/wp-content\/uploads\/2018\/01\/IMG_8032-2-768x576-1.jpg","datePublished":"2018-01-18T11:57:45+00:00","dateModified":"2022-07-06T10:56:38+00:00","breadcrumb":{"@id":"https:\/\/alladixital.org\/en\/respuesta-a-la-campana-escontra-la-co-oficialida-de-la-llingua-asturiana\/#breadcrumb"},"inLanguage":"en-US","potentialAction":[{"@type":"ReadAction","target":["https:\/\/alladixital.org\/en\/respuesta-a-la-campana-escontra-la-co-oficialida-de-la-llingua-asturiana\/"]}]},{"@type":"ImageObject","inLanguage":"en-US","@id":"https:\/\/alladixital.org\/en\/respuesta-a-la-campana-escontra-la-co-oficialida-de-la-llingua-asturiana\/#primaryimage","url":"https:\/\/alladixital.org\/wp-content\/uploads\/2018\/01\/IMG_8032-2-768x576-1.jpg","contentUrl":"https:\/\/alladixital.org\/wp-content\/uploads\/2018\/01\/IMG_8032-2-768x576-1.jpg","width":768,"height":576},{"@type":"BreadcrumbList","@id":"https:\/\/alladixital.org\/en\/respuesta-a-la-campana-escontra-la-co-oficialida-de-la-llingua-asturiana\/#breadcrumb","itemListElement":[{"@type":"ListItem","position":1,"name":"Portada","item":"https:\/\/alladixital.org\/"},{"@type":"ListItem","position":2,"name":"Respuesta a la campa\u00f1a escontra la co-oficialid\u00e1 de la Llingua Asturiana"}]},{"@type":"WebSite","@id":"https:\/\/alladixital.org\/#website","url":"https:\/\/alladixital.org\/","name":"Academia de la Llingua Asturiana","description":"ALLA","publisher":{"@id":"https:\/\/alladixital.org\/#organization"},"potentialAction":[{"@type":"SearchAction","target":{"@type":"EntryPoint","urlTemplate":"https:\/\/alladixital.org\/?s={search_term_string}"},"query-input":{"@type":"PropertyValueSpecification","valueRequired":true,"valueName":"search_term_string"}}],"inLanguage":"en-US"},{"@type":"Organization","@id":"https:\/\/alladixital.org\/#organization","name":"Academia de la Llingua Asturiana","url":"https:\/\/alladixital.org\/","logo":{"@type":"ImageObject","inLanguage":"en-US","@id":"https:\/\/alladixital.org\/#\/schema\/logo\/image\/","url":"https:\/\/alladixital.org\/wp-content\/uploads\/2022\/08\/logo_LLINGUA_280_V3.jpg","contentUrl":"https:\/\/alladixital.org\/wp-content\/uploads\/2022\/08\/logo_LLINGUA_280_V3.jpg","width":1064,"height":1096,"caption":"Academia de la Llingua Asturiana"},"image":{"@id":"https:\/\/alladixital.org\/#\/schema\/logo\/image\/"},"sameAs":["https:\/\/www.facebook.com\/AcademiadelaLlinguaAsturiana\/","https:\/\/x.com\/ALLA_ast"]},{"@type":"Person","@id":"https:\/\/alladixital.org\/#\/schema\/person\/656e0920ab4ffb58592f1439c950b1cc","name":"admin","image":{"@type":"ImageObject","inLanguage":"en-US","@id":"https:\/\/alladixital.org\/#\/schema\/person\/image\/","url":"https:\/\/secure.gravatar.com\/avatar\/c7cafab1c40b86a41f7dc1a5f47b543eabcdd3630903338f35932f4e47d657cb?s=96&d=mm&r=g","contentUrl":"https:\/\/secure.gravatar.com\/avatar\/c7cafab1c40b86a41f7dc1a5f47b543eabcdd3630903338f35932f4e47d657cb?s=96&d=mm&r=g","caption":"admin"},"url":"https:\/\/alladixital.org\/en\/author\/admin\/"}]}},"brizy_media":[],"_links":{"self":[{"href":"https:\/\/alladixital.org\/en\/wp-json\/wp\/v2\/posts\/4627","targetHints":{"allow":["GET"]}}],"collection":[{"href":"https:\/\/alladixital.org\/en\/wp-json\/wp\/v2\/posts"}],"about":[{"href":"https:\/\/alladixital.org\/en\/wp-json\/wp\/v2\/types\/post"}],"author":[{"embeddable":true,"href":"https:\/\/alladixital.org\/en\/wp-json\/wp\/v2\/users\/1"}],"replies":[{"embeddable":true,"href":"https:\/\/alladixital.org\/en\/wp-json\/wp\/v2\/comments?post=4627"}],"version-history":[{"count":0,"href":"https:\/\/alladixital.org\/en\/wp-json\/wp\/v2\/posts\/4627\/revisions"}],"wp:featuredmedia":[{"embeddable":true,"href":"https:\/\/alladixital.org\/en\/wp-json\/wp\/v2\/media\/4395"}],"wp:attachment":[{"href":"https:\/\/alladixital.org\/en\/wp-json\/wp\/v2\/media?parent=4627"}],"wp:term":[{"taxonomy":"category","embeddable":true,"href":"https:\/\/alladixital.org\/en\/wp-json\/wp\/v2\/categories?post=4627"},{"taxonomy":"post_tag","embeddable":true,"href":"https:\/\/alladixital.org\/en\/wp-json\/wp\/v2\/tags?post=4627"}],"curies":[{"name":"wp","href":"https:\/\/api.w.org\/{rel}","templated":true}]}}