{"id":4650,"date":"2017-10-10T12:07:08","date_gmt":"2017-10-10T11:07:08","guid":{"rendered":"https:\/\/alladixital.org\/1471-2\/"},"modified":"2017-10-10T12:07:08","modified_gmt":"2017-10-10T11:07:08","slug":"1471-2","status":"publish","type":"post","link":"https:\/\/alladixital.org\/en\/1471-2\/","title":{"rendered":"L\u2019encaxe del asturianu nos espacios informativos de la RTPA y la responsabilid\u00e1 del so direutor"},"content":{"rendered":"<h1><\/h1>\n<p style=\"text-align: left;\">La presencia del asturianu nos medios p\u00fablicos de comunicaci\u00f3n ta perafitada llegalmente. Ello pue vese nel art. 4 del Estatutu d\u2019Autonom\u00eda d\u2019Asturies (1981), nel art. 13.2 de la Llei d\u2019Usu del Asturianu (1998) o nel art. 8.1 de la Llei de Segunda Reestructuraci\u00f3n del Sector P\u00fablicu (2014).<\/p>\n<p><!--more--><\/p>\n<p>Acordies con esti marcu xur\u00eddicu y faciendo usu del papel tutelar de los derechos lling\u00fc\u00edsticos que-y correspuende a l\u2019Academia de la Llingua Asturiana (ALLA), esta instituci\u00f3n vieno calteniendo conversaciones a lo llargo de los \u00faltimos a\u00f1os col Direutor de la RTPA, D. Antonio Virgili, col env\u00eds de plantegar mid\u00edes de visualizaci\u00f3n y normalizaci\u00f3n de la llingua asturiana na RTPA.<\/p>\n<p>El result\u00e1u d\u2019estes conversaciones \u2013que ten\u00eden como exe central un emplegu modernu, comunicativu y dignu del asturianu nos espacios informativos\u2013, siempre foi frustante pa n\u00f3s, darr\u00e9u que, al llau de les bones pallabres, siempre apaec\u00eda dalg\u00fan problema qu\u2019allargaba sine die la posibilid\u00e1 d\u2019una soluci\u00f3n concreta a la demanda. Esti facer allarg\u00f3se a\u00f1os y a\u00f1os.<\/p>\n<p>Pa tratar d\u2019iguar definitivamente la situaci\u00f3n del asturianu nos espacios informativos de la Televisi\u00f3n del Princip\u00e1u, l\u2019ALLA aconcey\u00f3\u2019l 17 de xunetu pas\u00e1u col Direutor de la RTPA. Nesti aconceyamientu present\u00f3se al Ente de comunicaci\u00f3n auton\u00f3micu una propuesta pa entamar un espaciu informativu diariu n\u2019asturianu. La propuesta de l\u2019ALLA concret\u00f3se nestos t\u00e9rminos:<\/p>\n<ol>\n<li>L\u2019Academia de la Llingua Asturiana prop\u00f3n a la Direici\u00f3n de la RTPA qu\u2019\u00fan de los sos espacios informativos diarios (mediud\u00eda o tarde-nueche) seya n\u2019asturianu.<\/li>\n<li>L\u2019oxetivu ye que la radiotelevisi\u00f3n p\u00fablica asturiana contribuya a la dignificaci\u00f3n y normalizaci\u00f3n de la llingua y cultura d\u2019Asturies.<\/li>\n<li>La propuesta af\u00e1yase dafechu a les demandes sociales (III Estudiu Sociolling\u00fc\u00edsticu, 2017), onde se conse\u00f1a que cuasi un 60% de la poblaci\u00f3n asturiana reclama esta clas de programes informativos.<\/li>\n<li>L\u2019espaciu informativu n\u2019asturianu incluir\u00eda portada y presentaci\u00f3n, llocuci\u00f3n de noticies, creitos, la informaci\u00f3n deportiva y la del tiempu.<\/li>\n<li>Les emisiones entamar\u00eden nel mes de mayu de 2018 (coincidiendo col D\u00eda de les Lletres Asturianes).<\/li>\n<li>L\u2019Academia de la Llingua Asturiana compromet\u00edase a dise\u00f1ar un Plan de Formaci\u00f3n Espec\u00edficu y urxente pal personal de la RTPA que llibremente quixere participar n\u00e9l y a llevalu alantre nes propies instalaciones de la RTPA. El cit\u00e1u plan nun implicar\u00eda coste econ\u00f3micu pa la RTPA.<\/li>\n<\/ol>\n<p>Nestes conversaciones, nes que D. Antonio Virgili tuvo acompa\u00f1\u00e1u per parte del equipu direutivu de la RTPA, fal\u00f3se, peles dos partes, de distintes opciones pa concretar la propuesta y alcord\u00f3se retomar les conversaciones nel mes de setiembre.<\/p>\n<p>Pas\u00e1u esti plazu, l\u2019ALLA ponse en contatu col Direutor de la RTPA y esti respuende per corr\u00e9u electr\u00f3nicu y al travi\u00e9s de la so secretaria. Na comunicaci\u00f3n, que podr\u00edemos calificar mui duramente, d\u00edzsenos que\u2019l compromisu de la Radiotelevisi\u00f3n P\u00fablica del Princip\u00e1u d\u2019Asturies cola dignificaci\u00f3n y normalizaci\u00f3n de la llingua asturiana amu\u00e9sase pente medies de programes como, ente otros, \u201cAsturianaes\u201d, \u201cDe folixa en folixa\u201d, \u201cGu\u00eda Chigr\u00edn\u201d o la retresmisi\u00f3n n\u2019asturianu de la \u201cMisa dende la Cueva San Pedr\u00edn\u201d.<\/p>\n<p>Quede claro, enantes de siguir, la nuesa consideraci\u00f3n y respetu hacia esos programes (y otros de calter etnogr\u00e1ficu) porque toos ellos son importantes pa la promoci\u00f3n de la cultura asturiana, pero dende l\u2019Academia tamos falando d\u2019otra cosa. Tamos falando de les posibilidaes de dignificar la llingua asturiana empleg\u00e1ndola como llingua normal de comunicaci\u00f3n nos espacios informativos.<\/p>\n<p>Dende esti puntu de vista, la respuesta paeznos una burlla a les espeutatives y demandes de la socied\u00e1 asturiana. Tal respuesta, am\u00e1s, adopta un tonu impertinente cuando amiesta (sic) que \u201cdar un paso m\u00e1s all\u00e1 como el que solicita la Academia de la Llingua es, en estos momentos, inasumible por RTPA. El Estatuto de Autonom\u00eda del Principado de Asturias no recoge el asturiano como lengua oficial\u2026\u201d<\/p>\n<p>N\u00f3s, l\u2019Academia de la Llingua Asturiana, entendemos el mensax y esti ye inequ\u00edvocu: mentanto\u2019l Sr. Virgili seya Direutor de la RTPA la llingua asturiana nun tendr\u00e1 espacios de dignificaci\u00f3n al travi\u00e9s del so usu normal n\u2019espacios informativos; pero l\u2019ALLA tami\u00e9n quier unviar a la socied\u00e1 un mensax inequ\u00edvocu: Antonio Virgili nun ye la persona indicada pa dirixir la televisi\u00f3n p\u00fablica asturiana. Nun ye posible que la so actuaci\u00f3n condicione la normalizaci\u00f3n lling\u00fc\u00edstica y l\u2019esfuerzu de munches persones enfotaes na recuperaci\u00f3n del asturianu. Quiciabes el so papel y determ\u00edn encaxe na empresa privada pero, de neng\u00fan mou, nuna televisi\u00f3n con vocaci\u00f3n p\u00fablica y asturiana. Darr\u00e9u de lo anterior, l\u2019Academia de la Llingua Asturiana pide la dimisi\u00f3n inmediata de D. Antonio Virgili y da anuncia de que treslladar\u00e1 esta petici\u00f3n a la opini\u00f3n p\u00fablica asturiana, a los estremaos axentes sociales y a los grupos parllamentarios allugaos na Xunta Xeneral del Princip\u00e1u d\u2019Asturies.<\/p>\n<p>&nbsp;<br \/>\n<script><\/script><\/p>\n","protected":false},"excerpt":{"rendered":"<p>La presencia del asturianu nos medios p\u00fablicos de comunicaci\u00f3n ta perafitada llegalmente. Ello pue vese nel art. 4 del Estatutu d\u2019Autonom\u00eda d\u2019Asturies (1981), nel art. 13.2 de la Llei d\u2019Usu &hellip; <\/p>\n<p class=\"link-more\"><a href=\"https:\/\/alladixital.org\/en\/1471-2\/\" class=\"more-link\">Continue reading<span class=\"screen-reader-text\"> &#8220;L\u2019encaxe del asturianu nos espacios informativos de la RTPA y la responsabilid\u00e1 del so direutor&#8221;<\/span><\/a><\/p>\n","protected":false},"author":1,"featured_media":4403,"comment_status":"closed","ping_status":"open","sticky":false,"template":"","format":"standard","meta":{"_acf_changed":false,"footnotes":""},"categories":[133],"tags":[],"class_list":["post-4650","post","type-post","status-publish","format-standard","has-post-thumbnail","hentry","category-news"],"acf":[],"yoast_head":"<!-- This site is optimized with the Yoast SEO plugin v26.7 - https:\/\/yoast.com\/wordpress\/plugins\/seo\/ -->\n<title>L\u2019encaxe del asturianu nos espacios informativos de la RTPA y la responsabilid\u00e1 del so direutor - Academia de la Llingua Asturiana<\/title>\n<meta name=\"robots\" content=\"index, follow, max-snippet:-1, max-image-preview:large, max-video-preview:-1\" \/>\n<link rel=\"canonical\" href=\"https:\/\/alladixital.org\/en\/1471-2\/\" \/>\n<meta property=\"og:locale\" content=\"en_US\" \/>\n<meta property=\"og:type\" content=\"article\" \/>\n<meta property=\"og:title\" content=\"L\u2019encaxe del asturianu nos espacios informativos de la RTPA y la responsabilid\u00e1 del so direutor - Academia de la Llingua Asturiana\" \/>\n<meta property=\"og:description\" content=\"La presencia del asturianu nos medios p\u00fablicos de comunicaci\u00f3n ta perafitada llegalmente. Ello pue vese nel art. 4 del Estatutu d\u2019Autonom\u00eda d\u2019Asturies (1981), nel art. 13.2 de la Llei d\u2019Usu &hellip; Continue reading &quot;L\u2019encaxe del asturianu nos espacios informativos de la RTPA y la responsabilid\u00e1 del so direutor&quot;\" \/>\n<meta property=\"og:url\" content=\"https:\/\/alladixital.org\/en\/1471-2\/\" \/>\n<meta property=\"og:site_name\" content=\"Academia de la Llingua Asturiana\" \/>\n<meta property=\"article:publisher\" content=\"https:\/\/www.facebook.com\/AcademiadelaLlinguaAsturiana\/\" \/>\n<meta property=\"article:published_time\" content=\"2017-10-10T11:07:08+00:00\" \/>\n<meta property=\"og:image\" content=\"https:\/\/alladixital.org\/wp-content\/uploads\/2017\/10\/IMG_7027-768x576-1.jpg\" \/>\n\t<meta property=\"og:image:width\" content=\"768\" \/>\n\t<meta property=\"og:image:height\" content=\"576\" \/>\n\t<meta property=\"og:image:type\" content=\"image\/jpeg\" \/>\n<meta name=\"author\" content=\"admin\" \/>\n<meta name=\"twitter:card\" content=\"summary_large_image\" \/>\n<meta name=\"twitter:creator\" content=\"@ALLA_ast\" \/>\n<meta name=\"twitter:site\" content=\"@ALLA_ast\" \/>\n<script type=\"application\/ld+json\" class=\"yoast-schema-graph\">{\"@context\":\"https:\/\/schema.org\",\"@graph\":[{\"@type\":\"Article\",\"@id\":\"https:\/\/alladixital.org\/en\/1471-2\/#article\",\"isPartOf\":{\"@id\":\"https:\/\/alladixital.org\/en\/1471-2\/\"},\"author\":{\"name\":\"admin\",\"@id\":\"https:\/\/alladixital.org\/#\/schema\/person\/656e0920ab4ffb58592f1439c950b1cc\"},\"headline\":\"L\u2019encaxe del asturianu nos espacios informativos de la RTPA y la responsabilid\u00e1 del so direutor\",\"datePublished\":\"2017-10-10T11:07:08+00:00\",\"mainEntityOfPage\":{\"@id\":\"https:\/\/alladixital.org\/en\/1471-2\/\"},\"wordCount\":896,\"publisher\":{\"@id\":\"https:\/\/alladixital.org\/#organization\"},\"image\":{\"@id\":\"https:\/\/alladixital.org\/en\/1471-2\/#primaryimage\"},\"thumbnailUrl\":\"https:\/\/alladixital.org\/wp-content\/uploads\/2017\/10\/IMG_7027-768x576-1.jpg\",\"articleSection\":[\"News\"],\"inLanguage\":\"en-US\"},{\"@type\":\"WebPage\",\"@id\":\"https:\/\/alladixital.org\/en\/1471-2\/\",\"url\":\"https:\/\/alladixital.org\/en\/1471-2\/\",\"name\":\"L\u2019encaxe del asturianu nos espacios informativos de la RTPA y la responsabilid\u00e1 del so direutor - Academia de la Llingua Asturiana\",\"isPartOf\":{\"@id\":\"https:\/\/alladixital.org\/#website\"},\"primaryImageOfPage\":{\"@id\":\"https:\/\/alladixital.org\/en\/1471-2\/#primaryimage\"},\"image\":{\"@id\":\"https:\/\/alladixital.org\/en\/1471-2\/#primaryimage\"},\"thumbnailUrl\":\"https:\/\/alladixital.org\/wp-content\/uploads\/2017\/10\/IMG_7027-768x576-1.jpg\",\"datePublished\":\"2017-10-10T11:07:08+00:00\",\"breadcrumb\":{\"@id\":\"https:\/\/alladixital.org\/en\/1471-2\/#breadcrumb\"},\"inLanguage\":\"en-US\",\"potentialAction\":[{\"@type\":\"ReadAction\",\"target\":[\"https:\/\/alladixital.org\/en\/1471-2\/\"]}]},{\"@type\":\"ImageObject\",\"inLanguage\":\"en-US\",\"@id\":\"https:\/\/alladixital.org\/en\/1471-2\/#primaryimage\",\"url\":\"https:\/\/alladixital.org\/wp-content\/uploads\/2017\/10\/IMG_7027-768x576-1.jpg\",\"contentUrl\":\"https:\/\/alladixital.org\/wp-content\/uploads\/2017\/10\/IMG_7027-768x576-1.jpg\",\"width\":768,\"height\":576},{\"@type\":\"BreadcrumbList\",\"@id\":\"https:\/\/alladixital.org\/en\/1471-2\/#breadcrumb\",\"itemListElement\":[{\"@type\":\"ListItem\",\"position\":1,\"name\":\"Portada\",\"item\":\"https:\/\/alladixital.org\/\"},{\"@type\":\"ListItem\",\"position\":2,\"name\":\"L\u2019encaxe del asturianu nos espacios informativos de la RTPA y la responsabilid\u00e1 del so direutor\"}]},{\"@type\":\"WebSite\",\"@id\":\"https:\/\/alladixital.org\/#website\",\"url\":\"https:\/\/alladixital.org\/\",\"name\":\"Academia de la Llingua Asturiana\",\"description\":\"ALLA\",\"publisher\":{\"@id\":\"https:\/\/alladixital.org\/#organization\"},\"potentialAction\":[{\"@type\":\"SearchAction\",\"target\":{\"@type\":\"EntryPoint\",\"urlTemplate\":\"https:\/\/alladixital.org\/?s={search_term_string}\"},\"query-input\":{\"@type\":\"PropertyValueSpecification\",\"valueRequired\":true,\"valueName\":\"search_term_string\"}}],\"inLanguage\":\"en-US\"},{\"@type\":\"Organization\",\"@id\":\"https:\/\/alladixital.org\/#organization\",\"name\":\"Academia de la Llingua Asturiana\",\"url\":\"https:\/\/alladixital.org\/\",\"logo\":{\"@type\":\"ImageObject\",\"inLanguage\":\"en-US\",\"@id\":\"https:\/\/alladixital.org\/#\/schema\/logo\/image\/\",\"url\":\"https:\/\/alladixital.org\/wp-content\/uploads\/2022\/08\/logo_LLINGUA_280_V3.jpg\",\"contentUrl\":\"https:\/\/alladixital.org\/wp-content\/uploads\/2022\/08\/logo_LLINGUA_280_V3.jpg\",\"width\":1064,\"height\":1096,\"caption\":\"Academia de la Llingua Asturiana\"},\"image\":{\"@id\":\"https:\/\/alladixital.org\/#\/schema\/logo\/image\/\"},\"sameAs\":[\"https:\/\/www.facebook.com\/AcademiadelaLlinguaAsturiana\/\",\"https:\/\/x.com\/ALLA_ast\"]},{\"@type\":\"Person\",\"@id\":\"https:\/\/alladixital.org\/#\/schema\/person\/656e0920ab4ffb58592f1439c950b1cc\",\"name\":\"admin\",\"image\":{\"@type\":\"ImageObject\",\"inLanguage\":\"en-US\",\"@id\":\"https:\/\/alladixital.org\/#\/schema\/person\/image\/\",\"url\":\"https:\/\/secure.gravatar.com\/avatar\/c7cafab1c40b86a41f7dc1a5f47b543eabcdd3630903338f35932f4e47d657cb?s=96&d=mm&r=g\",\"contentUrl\":\"https:\/\/secure.gravatar.com\/avatar\/c7cafab1c40b86a41f7dc1a5f47b543eabcdd3630903338f35932f4e47d657cb?s=96&d=mm&r=g\",\"caption\":\"admin\"},\"url\":\"https:\/\/alladixital.org\/en\/author\/admin\/\"}]}<\/script>\n<!-- \/ Yoast SEO plugin. -->","yoast_head_json":{"title":"L\u2019encaxe del asturianu nos espacios informativos de la RTPA y la responsabilid\u00e1 del so direutor - Academia de la Llingua Asturiana","robots":{"index":"index","follow":"follow","max-snippet":"max-snippet:-1","max-image-preview":"max-image-preview:large","max-video-preview":"max-video-preview:-1"},"canonical":"https:\/\/alladixital.org\/en\/1471-2\/","og_locale":"en_US","og_type":"article","og_title":"L\u2019encaxe del asturianu nos espacios informativos de la RTPA y la responsabilid\u00e1 del so direutor - Academia de la Llingua Asturiana","og_description":"La presencia del asturianu nos medios p\u00fablicos de comunicaci\u00f3n ta perafitada llegalmente. Ello pue vese nel art. 4 del Estatutu d\u2019Autonom\u00eda d\u2019Asturies (1981), nel art. 13.2 de la Llei d\u2019Usu &hellip; Continue reading \"L\u2019encaxe del asturianu nos espacios informativos de la RTPA y la responsabilid\u00e1 del so direutor\"","og_url":"https:\/\/alladixital.org\/en\/1471-2\/","og_site_name":"Academia de la Llingua Asturiana","article_publisher":"https:\/\/www.facebook.com\/AcademiadelaLlinguaAsturiana\/","article_published_time":"2017-10-10T11:07:08+00:00","og_image":[{"width":768,"height":576,"url":"https:\/\/alladixital.org\/wp-content\/uploads\/2017\/10\/IMG_7027-768x576-1.jpg","type":"image\/jpeg"}],"author":"admin","twitter_card":"summary_large_image","twitter_creator":"@ALLA_ast","twitter_site":"@ALLA_ast","schema":{"@context":"https:\/\/schema.org","@graph":[{"@type":"Article","@id":"https:\/\/alladixital.org\/en\/1471-2\/#article","isPartOf":{"@id":"https:\/\/alladixital.org\/en\/1471-2\/"},"author":{"name":"admin","@id":"https:\/\/alladixital.org\/#\/schema\/person\/656e0920ab4ffb58592f1439c950b1cc"},"headline":"L\u2019encaxe del asturianu nos espacios informativos de la RTPA y la responsabilid\u00e1 del so direutor","datePublished":"2017-10-10T11:07:08+00:00","mainEntityOfPage":{"@id":"https:\/\/alladixital.org\/en\/1471-2\/"},"wordCount":896,"publisher":{"@id":"https:\/\/alladixital.org\/#organization"},"image":{"@id":"https:\/\/alladixital.org\/en\/1471-2\/#primaryimage"},"thumbnailUrl":"https:\/\/alladixital.org\/wp-content\/uploads\/2017\/10\/IMG_7027-768x576-1.jpg","articleSection":["News"],"inLanguage":"en-US"},{"@type":"WebPage","@id":"https:\/\/alladixital.org\/en\/1471-2\/","url":"https:\/\/alladixital.org\/en\/1471-2\/","name":"L\u2019encaxe del asturianu nos espacios informativos de la RTPA y la responsabilid\u00e1 del so direutor - Academia de la Llingua Asturiana","isPartOf":{"@id":"https:\/\/alladixital.org\/#website"},"primaryImageOfPage":{"@id":"https:\/\/alladixital.org\/en\/1471-2\/#primaryimage"},"image":{"@id":"https:\/\/alladixital.org\/en\/1471-2\/#primaryimage"},"thumbnailUrl":"https:\/\/alladixital.org\/wp-content\/uploads\/2017\/10\/IMG_7027-768x576-1.jpg","datePublished":"2017-10-10T11:07:08+00:00","breadcrumb":{"@id":"https:\/\/alladixital.org\/en\/1471-2\/#breadcrumb"},"inLanguage":"en-US","potentialAction":[{"@type":"ReadAction","target":["https:\/\/alladixital.org\/en\/1471-2\/"]}]},{"@type":"ImageObject","inLanguage":"en-US","@id":"https:\/\/alladixital.org\/en\/1471-2\/#primaryimage","url":"https:\/\/alladixital.org\/wp-content\/uploads\/2017\/10\/IMG_7027-768x576-1.jpg","contentUrl":"https:\/\/alladixital.org\/wp-content\/uploads\/2017\/10\/IMG_7027-768x576-1.jpg","width":768,"height":576},{"@type":"BreadcrumbList","@id":"https:\/\/alladixital.org\/en\/1471-2\/#breadcrumb","itemListElement":[{"@type":"ListItem","position":1,"name":"Portada","item":"https:\/\/alladixital.org\/"},{"@type":"ListItem","position":2,"name":"L\u2019encaxe del asturianu nos espacios informativos de la RTPA y la responsabilid\u00e1 del so direutor"}]},{"@type":"WebSite","@id":"https:\/\/alladixital.org\/#website","url":"https:\/\/alladixital.org\/","name":"Academia de la Llingua Asturiana","description":"ALLA","publisher":{"@id":"https:\/\/alladixital.org\/#organization"},"potentialAction":[{"@type":"SearchAction","target":{"@type":"EntryPoint","urlTemplate":"https:\/\/alladixital.org\/?s={search_term_string}"},"query-input":{"@type":"PropertyValueSpecification","valueRequired":true,"valueName":"search_term_string"}}],"inLanguage":"en-US"},{"@type":"Organization","@id":"https:\/\/alladixital.org\/#organization","name":"Academia de la Llingua Asturiana","url":"https:\/\/alladixital.org\/","logo":{"@type":"ImageObject","inLanguage":"en-US","@id":"https:\/\/alladixital.org\/#\/schema\/logo\/image\/","url":"https:\/\/alladixital.org\/wp-content\/uploads\/2022\/08\/logo_LLINGUA_280_V3.jpg","contentUrl":"https:\/\/alladixital.org\/wp-content\/uploads\/2022\/08\/logo_LLINGUA_280_V3.jpg","width":1064,"height":1096,"caption":"Academia de la Llingua Asturiana"},"image":{"@id":"https:\/\/alladixital.org\/#\/schema\/logo\/image\/"},"sameAs":["https:\/\/www.facebook.com\/AcademiadelaLlinguaAsturiana\/","https:\/\/x.com\/ALLA_ast"]},{"@type":"Person","@id":"https:\/\/alladixital.org\/#\/schema\/person\/656e0920ab4ffb58592f1439c950b1cc","name":"admin","image":{"@type":"ImageObject","inLanguage":"en-US","@id":"https:\/\/alladixital.org\/#\/schema\/person\/image\/","url":"https:\/\/secure.gravatar.com\/avatar\/c7cafab1c40b86a41f7dc1a5f47b543eabcdd3630903338f35932f4e47d657cb?s=96&d=mm&r=g","contentUrl":"https:\/\/secure.gravatar.com\/avatar\/c7cafab1c40b86a41f7dc1a5f47b543eabcdd3630903338f35932f4e47d657cb?s=96&d=mm&r=g","caption":"admin"},"url":"https:\/\/alladixital.org\/en\/author\/admin\/"}]}},"brizy_media":[],"_links":{"self":[{"href":"https:\/\/alladixital.org\/en\/wp-json\/wp\/v2\/posts\/4650","targetHints":{"allow":["GET"]}}],"collection":[{"href":"https:\/\/alladixital.org\/en\/wp-json\/wp\/v2\/posts"}],"about":[{"href":"https:\/\/alladixital.org\/en\/wp-json\/wp\/v2\/types\/post"}],"author":[{"embeddable":true,"href":"https:\/\/alladixital.org\/en\/wp-json\/wp\/v2\/users\/1"}],"replies":[{"embeddable":true,"href":"https:\/\/alladixital.org\/en\/wp-json\/wp\/v2\/comments?post=4650"}],"version-history":[{"count":0,"href":"https:\/\/alladixital.org\/en\/wp-json\/wp\/v2\/posts\/4650\/revisions"}],"wp:featuredmedia":[{"embeddable":true,"href":"https:\/\/alladixital.org\/en\/wp-json\/wp\/v2\/media\/4403"}],"wp:attachment":[{"href":"https:\/\/alladixital.org\/en\/wp-json\/wp\/v2\/media?parent=4650"}],"wp:term":[{"taxonomy":"category","embeddable":true,"href":"https:\/\/alladixital.org\/en\/wp-json\/wp\/v2\/categories?post=4650"},{"taxonomy":"post_tag","embeddable":true,"href":"https:\/\/alladixital.org\/en\/wp-json\/wp\/v2\/tags?post=4650"}],"curies":[{"name":"wp","href":"https:\/\/api.w.org\/{rel}","templated":true}]}}