{"id":4655,"date":"2017-10-02T11:25:40","date_gmt":"2017-10-02T10:25:40","guid":{"rendered":"https:\/\/alladixital.org\/el-xxxii-congresu-de-la-fsa-psoe-abre-nuevos-calces-pa-la-oficialida-de-la-llingua-asturiana\/"},"modified":"2017-10-02T11:25:40","modified_gmt":"2017-10-02T10:25:40","slug":"el-xxxii-congresu-de-la-fsa-psoe-abre-nuevos-calces-pa-la-oficialida-de-la-llingua-asturiana","status":"publish","type":"post","link":"https:\/\/alladixital.org\/en\/el-xxxii-congresu-de-la-fsa-psoe-abre-nuevos-calces-pa-la-oficialida-de-la-llingua-asturiana\/","title":{"rendered":"El XXXII Congresu de la FSA-PSOE abre nuevos calces pa la Oficialid\u00e1 de la Llingua Asturiana"},"content":{"rendered":"<p>La llingua y la cultura d\u2019Asturies vienen teniendo a lo llargo de les caberes d\u00e9cades un desendolcu innegable dende\u2019l puntu de vista de la so codificaci\u00f3n y normativizaci\u00f3n, del puxu algam\u00e1u pola so lliteratura, de los llogros de la so escolarizaci\u00f3n, etc. Al empar, les actit\u00faes sociales y les demandes al rodiu de la normalizaci\u00f3n algamen posiciones calten\u00edes y nidiamente mayoritaries ente la ciudadan\u00eda d\u2019Asturies.<\/p>\n<p><!--more--><\/p>\n<p>Llamentablemente, estos avances nun se vieron acompangaos de les mid\u00edes xur\u00eddiques que contempla la Constituci\u00f3n Espa\u00f1ola pa les respeutives lling\u00fces auton\u00f3miques y que pasaron \u2013en tolos casos, menos nel asturianu\u2013 pel reconocimientu del estatus llegal d\u2019oficialid\u00e1. Hai que dicir, nesti sen, que la denomada Llei d\u2019Usu del Asturianu amos\u00f3, llueu de cuasi 20 a\u00f1os de vixencia, les sos insuficiencies a la hora de facer vidable la sobrevivencia del idioma asturianu: nin se xeneraliz\u00f3 la ense\u00f1anza en toles estayes educatives, nin se garanticen los derechos profesionales del profesor\u00e1u (especialid\u00e1 docente), nin hai medios de comunicaci\u00f3n p\u00fablicos dafechu n\u2019asturianu, nin hai promoci\u00f3n efeutiva del so usu n\u2019espacios formales de comunicaci\u00f3n\u2026<\/p>\n<p>Nestes circunstancies, una llingua minoritaria y minorizada como la nuesa nun podr\u00eda tener futuru como llingua de cultura n\u2019Asturies. La demanda de la oficialid\u00e1 foi y sigue siendo, acordies colo anterior, la esixencia permanente d\u2019una parte mui importante de la socied\u00e1 y de les instituciones asturianes, pr\u00e1uticamente dende la transici\u00f3n pol\u00edtica.<\/p>\n<p>L\u2019Academia de la Llingua Asturiana (ALLA), acordies cola so funci\u00f3n tutelar de los derechos lling\u00fc\u00edsticos de los asturianos, siempres demand\u00f3 a les instancies pol\u00edtiques la busca d\u2019un consensu pol\u00edticu al rodiu de la oficialid\u00e1 del asturianu (y del eonaviegu o gallego-asturianu nes sos llendes territoriales), a vegaes \u00e9nte la indiferencia ya incomprensi\u00f3n de los part\u00edos mayoritarios n\u2019Asturies.<\/p>\n<p>Pues bien, l\u2019ALLA nun pue sin\u00f3n felicitase y felicitar a tolos asturianos y asturianes pola decisi\u00f3n de la FSA-PSOE d\u2019amestar a les sos llinies program\u00e1tiques la demanda de la oficialid\u00e1 de la llingua hest\u00f3rica del pueblu asturianu. Ello f\u00e9xose esti caberu fin de selmana, solemne ya inequ\u00edvocamente, dientro de los alcuerdos del so XXXII Congresu, celebr\u00e1u n\u2019Uvi\u00e9u ente\u2019l 29 de setiembre y el 1 d\u2019ochobre.<\/p>\n<p>Somos conscientes de que tal decisi\u00f3n \u2013qu\u2019emocion\u00f3 a munchos de los delegaos y delegaes asistentes al Congresu\u2013 llega a\u00f1os dempu\u00e9s de qu\u2019otros part\u00edos asturianos parllamentarios la amestaren al so ideariu pol\u00edticu, pero nun podemos por ello resta-y importancia. Con esta decisi\u00f3n, la FSA-PSOE, el part\u00edu mayoritariu n\u2019Asturies de magar el restablecimientu de la democracia, fai posible enanchar el consensu pol\u00edticu pa facer vidable una reforma del Estatutu que lleve a la tan naguada oficialid\u00e1.<\/p>\n<p>Ye una decisi\u00f3n que merez la reconocencia y el respetu de l\u2019ALLA y que foi posible porque asina lo quixeron los militantes socialistes, pero tami\u00e9n pola mor de l\u2019anovaci\u00f3n (xeneracional y estrat\u00e9xica) d\u2019unos dirixentes que, como Adri\u00e1n Barb\u00f3n, quieren abrir nuevos calces na so rellaci\u00f3n cola llingua y la cultura d\u2019Asturies.<\/p>\n<p>A n\u00f3s, como Academia de la Llingua Asturiana, t\u00f3canos agora collaborar pa que\u2019l determ\u00edn de los socialistes asturianos encaxe coles espeutatives ciudadanes que demanden un billing\u00fcismu social equilibr\u00e1u ente asturianu y castellanu na nuesa comunid\u00e1 y tami\u00e9n pa tender pontes d\u2019entendimientu ente les estremaes fuerces pol\u00edtiques. Ye, cenciellamente, afitar un idioma milenariu, el nuesu.<\/p>\n<p>Uvi\u00e9u, 2 d\u2019ochobre de 2017<\/p>\n<p><strong>ACADEMIA DE LA LLINGUA ASTURIANA<\/strong><br \/>\n<script><\/script><\/p>\n","protected":false},"excerpt":{"rendered":"<p>La llingua y la cultura d\u2019Asturies vienen teniendo a lo llargo de les caberes d\u00e9cades un desendolcu innegable dende\u2019l puntu de vista de la so codificaci\u00f3n y normativizaci\u00f3n, del puxu &hellip; <\/p>\n<p class=\"link-more\"><a href=\"https:\/\/alladixital.org\/en\/el-xxxii-congresu-de-la-fsa-psoe-abre-nuevos-calces-pa-la-oficialida-de-la-llingua-asturiana\/\" class=\"more-link\">Continue reading<span class=\"screen-reader-text\"> &#8220;El XXXII Congresu de la FSA-PSOE abre nuevos calces pa la Oficialid\u00e1 de la Llingua Asturiana&#8221;<\/span><\/a><\/p>\n","protected":false},"author":1,"featured_media":3105,"comment_status":"closed","ping_status":"open","sticky":false,"template":"","format":"standard","meta":{"_acf_changed":false,"footnotes":""},"categories":[133],"tags":[154,254,255,256,257],"class_list":["post-4655","post","type-post","status-publish","format-standard","has-post-thumbnail","hentry","category-news","tag-llingua-asturiana-en","tag-medios-comunicacion-en","tag-oficialida-en","tag-radio-en","tag-television-en"],"acf":[],"yoast_head":"<!-- This site is optimized with the Yoast SEO plugin v26.7 - https:\/\/yoast.com\/wordpress\/plugins\/seo\/ -->\n<title>El XXXII Congresu de la FSA-PSOE abre nuevos calces pa la Oficialid\u00e1 de la Llingua Asturiana - Academia de la Llingua Asturiana<\/title>\n<meta name=\"robots\" content=\"index, follow, max-snippet:-1, max-image-preview:large, max-video-preview:-1\" \/>\n<link rel=\"canonical\" href=\"https:\/\/alladixital.org\/en\/el-xxxii-congresu-de-la-fsa-psoe-abre-nuevos-calces-pa-la-oficialida-de-la-llingua-asturiana\/\" \/>\n<meta property=\"og:locale\" content=\"en_US\" \/>\n<meta property=\"og:type\" content=\"article\" \/>\n<meta property=\"og:title\" content=\"El XXXII Congresu de la FSA-PSOE abre nuevos calces pa la Oficialid\u00e1 de la Llingua Asturiana - Academia de la Llingua Asturiana\" \/>\n<meta property=\"og:description\" content=\"La llingua y la cultura d\u2019Asturies vienen teniendo a lo llargo de les caberes d\u00e9cades un desendolcu innegable dende\u2019l puntu de vista de la so codificaci\u00f3n y normativizaci\u00f3n, del puxu &hellip; Continue reading &quot;El XXXII Congresu de la FSA-PSOE abre nuevos calces pa la Oficialid\u00e1 de la Llingua Asturiana&quot;\" \/>\n<meta property=\"og:url\" content=\"https:\/\/alladixital.org\/en\/el-xxxii-congresu-de-la-fsa-psoe-abre-nuevos-calces-pa-la-oficialida-de-la-llingua-asturiana\/\" \/>\n<meta property=\"og:site_name\" content=\"Academia de la Llingua Asturiana\" \/>\n<meta property=\"article:publisher\" content=\"https:\/\/www.facebook.com\/AcademiadelaLlinguaAsturiana\/\" \/>\n<meta property=\"article:published_time\" content=\"2017-10-02T10:25:40+00:00\" \/>\n<meta property=\"og:image\" content=\"https:\/\/alladixital.org\/wp-content\/uploads\/2014\/01\/LLAR_ALLA.jpg\" \/>\n\t<meta property=\"og:image:width\" content=\"500\" \/>\n\t<meta property=\"og:image:height\" content=\"333\" \/>\n\t<meta property=\"og:image:type\" content=\"image\/jpeg\" \/>\n<meta name=\"author\" content=\"admin\" \/>\n<meta name=\"twitter:card\" content=\"summary_large_image\" \/>\n<meta name=\"twitter:creator\" content=\"@ALLA_ast\" \/>\n<meta name=\"twitter:site\" content=\"@ALLA_ast\" \/>\n<script type=\"application\/ld+json\" class=\"yoast-schema-graph\">{\"@context\":\"https:\/\/schema.org\",\"@graph\":[{\"@type\":\"Article\",\"@id\":\"https:\/\/alladixital.org\/en\/el-xxxii-congresu-de-la-fsa-psoe-abre-nuevos-calces-pa-la-oficialida-de-la-llingua-asturiana\/#article\",\"isPartOf\":{\"@id\":\"https:\/\/alladixital.org\/en\/el-xxxii-congresu-de-la-fsa-psoe-abre-nuevos-calces-pa-la-oficialida-de-la-llingua-asturiana\/\"},\"author\":{\"name\":\"admin\",\"@id\":\"https:\/\/alladixital.org\/#\/schema\/person\/656e0920ab4ffb58592f1439c950b1cc\"},\"headline\":\"El XXXII Congresu de la FSA-PSOE abre nuevos calces pa la Oficialid\u00e1 de la Llingua Asturiana\",\"datePublished\":\"2017-10-02T10:25:40+00:00\",\"mainEntityOfPage\":{\"@id\":\"https:\/\/alladixital.org\/en\/el-xxxii-congresu-de-la-fsa-psoe-abre-nuevos-calces-pa-la-oficialida-de-la-llingua-asturiana\/\"},\"wordCount\":636,\"publisher\":{\"@id\":\"https:\/\/alladixital.org\/#organization\"},\"image\":{\"@id\":\"https:\/\/alladixital.org\/en\/el-xxxii-congresu-de-la-fsa-psoe-abre-nuevos-calces-pa-la-oficialida-de-la-llingua-asturiana\/#primaryimage\"},\"thumbnailUrl\":\"https:\/\/alladixital.org\/wp-content\/uploads\/2014\/01\/LLAR_ALLA.jpg\",\"keywords\":[\"llingua asturiana\",\"medios comunicacion\",\"oficialid\u00e1\",\"radio\",\"television\"],\"articleSection\":[\"News\"],\"inLanguage\":\"en-US\"},{\"@type\":\"WebPage\",\"@id\":\"https:\/\/alladixital.org\/en\/el-xxxii-congresu-de-la-fsa-psoe-abre-nuevos-calces-pa-la-oficialida-de-la-llingua-asturiana\/\",\"url\":\"https:\/\/alladixital.org\/en\/el-xxxii-congresu-de-la-fsa-psoe-abre-nuevos-calces-pa-la-oficialida-de-la-llingua-asturiana\/\",\"name\":\"El XXXII Congresu de la FSA-PSOE abre nuevos calces pa la Oficialid\u00e1 de la Llingua Asturiana - Academia de la Llingua Asturiana\",\"isPartOf\":{\"@id\":\"https:\/\/alladixital.org\/#website\"},\"primaryImageOfPage\":{\"@id\":\"https:\/\/alladixital.org\/en\/el-xxxii-congresu-de-la-fsa-psoe-abre-nuevos-calces-pa-la-oficialida-de-la-llingua-asturiana\/#primaryimage\"},\"image\":{\"@id\":\"https:\/\/alladixital.org\/en\/el-xxxii-congresu-de-la-fsa-psoe-abre-nuevos-calces-pa-la-oficialida-de-la-llingua-asturiana\/#primaryimage\"},\"thumbnailUrl\":\"https:\/\/alladixital.org\/wp-content\/uploads\/2014\/01\/LLAR_ALLA.jpg\",\"datePublished\":\"2017-10-02T10:25:40+00:00\",\"breadcrumb\":{\"@id\":\"https:\/\/alladixital.org\/en\/el-xxxii-congresu-de-la-fsa-psoe-abre-nuevos-calces-pa-la-oficialida-de-la-llingua-asturiana\/#breadcrumb\"},\"inLanguage\":\"en-US\",\"potentialAction\":[{\"@type\":\"ReadAction\",\"target\":[\"https:\/\/alladixital.org\/en\/el-xxxii-congresu-de-la-fsa-psoe-abre-nuevos-calces-pa-la-oficialida-de-la-llingua-asturiana\/\"]}]},{\"@type\":\"ImageObject\",\"inLanguage\":\"en-US\",\"@id\":\"https:\/\/alladixital.org\/en\/el-xxxii-congresu-de-la-fsa-psoe-abre-nuevos-calces-pa-la-oficialida-de-la-llingua-asturiana\/#primaryimage\",\"url\":\"https:\/\/alladixital.org\/wp-content\/uploads\/2014\/01\/LLAR_ALLA.jpg\",\"contentUrl\":\"https:\/\/alladixital.org\/wp-content\/uploads\/2014\/01\/LLAR_ALLA.jpg\",\"width\":500,\"height\":333,\"caption\":\"LLAR_ALLA\"},{\"@type\":\"BreadcrumbList\",\"@id\":\"https:\/\/alladixital.org\/en\/el-xxxii-congresu-de-la-fsa-psoe-abre-nuevos-calces-pa-la-oficialida-de-la-llingua-asturiana\/#breadcrumb\",\"itemListElement\":[{\"@type\":\"ListItem\",\"position\":1,\"name\":\"Portada\",\"item\":\"https:\/\/alladixital.org\/\"},{\"@type\":\"ListItem\",\"position\":2,\"name\":\"El XXXII Congresu de la FSA-PSOE abre nuevos calces pa la Oficialid\u00e1 de la Llingua Asturiana\"}]},{\"@type\":\"WebSite\",\"@id\":\"https:\/\/alladixital.org\/#website\",\"url\":\"https:\/\/alladixital.org\/\",\"name\":\"Academia de la Llingua Asturiana\",\"description\":\"ALLA\",\"publisher\":{\"@id\":\"https:\/\/alladixital.org\/#organization\"},\"potentialAction\":[{\"@type\":\"SearchAction\",\"target\":{\"@type\":\"EntryPoint\",\"urlTemplate\":\"https:\/\/alladixital.org\/?s={search_term_string}\"},\"query-input\":{\"@type\":\"PropertyValueSpecification\",\"valueRequired\":true,\"valueName\":\"search_term_string\"}}],\"inLanguage\":\"en-US\"},{\"@type\":\"Organization\",\"@id\":\"https:\/\/alladixital.org\/#organization\",\"name\":\"Academia de la Llingua Asturiana\",\"url\":\"https:\/\/alladixital.org\/\",\"logo\":{\"@type\":\"ImageObject\",\"inLanguage\":\"en-US\",\"@id\":\"https:\/\/alladixital.org\/#\/schema\/logo\/image\/\",\"url\":\"https:\/\/alladixital.org\/wp-content\/uploads\/2022\/08\/logo_LLINGUA_280_V3.jpg\",\"contentUrl\":\"https:\/\/alladixital.org\/wp-content\/uploads\/2022\/08\/logo_LLINGUA_280_V3.jpg\",\"width\":1064,\"height\":1096,\"caption\":\"Academia de la Llingua Asturiana\"},\"image\":{\"@id\":\"https:\/\/alladixital.org\/#\/schema\/logo\/image\/\"},\"sameAs\":[\"https:\/\/www.facebook.com\/AcademiadelaLlinguaAsturiana\/\",\"https:\/\/x.com\/ALLA_ast\"]},{\"@type\":\"Person\",\"@id\":\"https:\/\/alladixital.org\/#\/schema\/person\/656e0920ab4ffb58592f1439c950b1cc\",\"name\":\"admin\",\"image\":{\"@type\":\"ImageObject\",\"inLanguage\":\"en-US\",\"@id\":\"https:\/\/alladixital.org\/#\/schema\/person\/image\/\",\"url\":\"https:\/\/secure.gravatar.com\/avatar\/c7cafab1c40b86a41f7dc1a5f47b543eabcdd3630903338f35932f4e47d657cb?s=96&d=mm&r=g\",\"contentUrl\":\"https:\/\/secure.gravatar.com\/avatar\/c7cafab1c40b86a41f7dc1a5f47b543eabcdd3630903338f35932f4e47d657cb?s=96&d=mm&r=g\",\"caption\":\"admin\"},\"url\":\"https:\/\/alladixital.org\/en\/author\/admin\/\"}]}<\/script>\n<!-- \/ Yoast SEO plugin. -->","yoast_head_json":{"title":"El XXXII Congresu de la FSA-PSOE abre nuevos calces pa la Oficialid\u00e1 de la Llingua Asturiana - Academia de la Llingua Asturiana","robots":{"index":"index","follow":"follow","max-snippet":"max-snippet:-1","max-image-preview":"max-image-preview:large","max-video-preview":"max-video-preview:-1"},"canonical":"https:\/\/alladixital.org\/en\/el-xxxii-congresu-de-la-fsa-psoe-abre-nuevos-calces-pa-la-oficialida-de-la-llingua-asturiana\/","og_locale":"en_US","og_type":"article","og_title":"El XXXII Congresu de la FSA-PSOE abre nuevos calces pa la Oficialid\u00e1 de la Llingua Asturiana - Academia de la Llingua Asturiana","og_description":"La llingua y la cultura d\u2019Asturies vienen teniendo a lo llargo de les caberes d\u00e9cades un desendolcu innegable dende\u2019l puntu de vista de la so codificaci\u00f3n y normativizaci\u00f3n, del puxu &hellip; Continue reading \"El XXXII Congresu de la FSA-PSOE abre nuevos calces pa la Oficialid\u00e1 de la Llingua Asturiana\"","og_url":"https:\/\/alladixital.org\/en\/el-xxxii-congresu-de-la-fsa-psoe-abre-nuevos-calces-pa-la-oficialida-de-la-llingua-asturiana\/","og_site_name":"Academia de la Llingua Asturiana","article_publisher":"https:\/\/www.facebook.com\/AcademiadelaLlinguaAsturiana\/","article_published_time":"2017-10-02T10:25:40+00:00","og_image":[{"width":500,"height":333,"url":"https:\/\/alladixital.org\/wp-content\/uploads\/2014\/01\/LLAR_ALLA.jpg","type":"image\/jpeg"}],"author":"admin","twitter_card":"summary_large_image","twitter_creator":"@ALLA_ast","twitter_site":"@ALLA_ast","schema":{"@context":"https:\/\/schema.org","@graph":[{"@type":"Article","@id":"https:\/\/alladixital.org\/en\/el-xxxii-congresu-de-la-fsa-psoe-abre-nuevos-calces-pa-la-oficialida-de-la-llingua-asturiana\/#article","isPartOf":{"@id":"https:\/\/alladixital.org\/en\/el-xxxii-congresu-de-la-fsa-psoe-abre-nuevos-calces-pa-la-oficialida-de-la-llingua-asturiana\/"},"author":{"name":"admin","@id":"https:\/\/alladixital.org\/#\/schema\/person\/656e0920ab4ffb58592f1439c950b1cc"},"headline":"El XXXII Congresu de la FSA-PSOE abre nuevos calces pa la Oficialid\u00e1 de la Llingua Asturiana","datePublished":"2017-10-02T10:25:40+00:00","mainEntityOfPage":{"@id":"https:\/\/alladixital.org\/en\/el-xxxii-congresu-de-la-fsa-psoe-abre-nuevos-calces-pa-la-oficialida-de-la-llingua-asturiana\/"},"wordCount":636,"publisher":{"@id":"https:\/\/alladixital.org\/#organization"},"image":{"@id":"https:\/\/alladixital.org\/en\/el-xxxii-congresu-de-la-fsa-psoe-abre-nuevos-calces-pa-la-oficialida-de-la-llingua-asturiana\/#primaryimage"},"thumbnailUrl":"https:\/\/alladixital.org\/wp-content\/uploads\/2014\/01\/LLAR_ALLA.jpg","keywords":["llingua asturiana","medios comunicacion","oficialid\u00e1","radio","television"],"articleSection":["News"],"inLanguage":"en-US"},{"@type":"WebPage","@id":"https:\/\/alladixital.org\/en\/el-xxxii-congresu-de-la-fsa-psoe-abre-nuevos-calces-pa-la-oficialida-de-la-llingua-asturiana\/","url":"https:\/\/alladixital.org\/en\/el-xxxii-congresu-de-la-fsa-psoe-abre-nuevos-calces-pa-la-oficialida-de-la-llingua-asturiana\/","name":"El XXXII Congresu de la FSA-PSOE abre nuevos calces pa la Oficialid\u00e1 de la Llingua Asturiana - Academia de la Llingua Asturiana","isPartOf":{"@id":"https:\/\/alladixital.org\/#website"},"primaryImageOfPage":{"@id":"https:\/\/alladixital.org\/en\/el-xxxii-congresu-de-la-fsa-psoe-abre-nuevos-calces-pa-la-oficialida-de-la-llingua-asturiana\/#primaryimage"},"image":{"@id":"https:\/\/alladixital.org\/en\/el-xxxii-congresu-de-la-fsa-psoe-abre-nuevos-calces-pa-la-oficialida-de-la-llingua-asturiana\/#primaryimage"},"thumbnailUrl":"https:\/\/alladixital.org\/wp-content\/uploads\/2014\/01\/LLAR_ALLA.jpg","datePublished":"2017-10-02T10:25:40+00:00","breadcrumb":{"@id":"https:\/\/alladixital.org\/en\/el-xxxii-congresu-de-la-fsa-psoe-abre-nuevos-calces-pa-la-oficialida-de-la-llingua-asturiana\/#breadcrumb"},"inLanguage":"en-US","potentialAction":[{"@type":"ReadAction","target":["https:\/\/alladixital.org\/en\/el-xxxii-congresu-de-la-fsa-psoe-abre-nuevos-calces-pa-la-oficialida-de-la-llingua-asturiana\/"]}]},{"@type":"ImageObject","inLanguage":"en-US","@id":"https:\/\/alladixital.org\/en\/el-xxxii-congresu-de-la-fsa-psoe-abre-nuevos-calces-pa-la-oficialida-de-la-llingua-asturiana\/#primaryimage","url":"https:\/\/alladixital.org\/wp-content\/uploads\/2014\/01\/LLAR_ALLA.jpg","contentUrl":"https:\/\/alladixital.org\/wp-content\/uploads\/2014\/01\/LLAR_ALLA.jpg","width":500,"height":333,"caption":"LLAR_ALLA"},{"@type":"BreadcrumbList","@id":"https:\/\/alladixital.org\/en\/el-xxxii-congresu-de-la-fsa-psoe-abre-nuevos-calces-pa-la-oficialida-de-la-llingua-asturiana\/#breadcrumb","itemListElement":[{"@type":"ListItem","position":1,"name":"Portada","item":"https:\/\/alladixital.org\/"},{"@type":"ListItem","position":2,"name":"El XXXII Congresu de la FSA-PSOE abre nuevos calces pa la Oficialid\u00e1 de la Llingua Asturiana"}]},{"@type":"WebSite","@id":"https:\/\/alladixital.org\/#website","url":"https:\/\/alladixital.org\/","name":"Academia de la Llingua Asturiana","description":"ALLA","publisher":{"@id":"https:\/\/alladixital.org\/#organization"},"potentialAction":[{"@type":"SearchAction","target":{"@type":"EntryPoint","urlTemplate":"https:\/\/alladixital.org\/?s={search_term_string}"},"query-input":{"@type":"PropertyValueSpecification","valueRequired":true,"valueName":"search_term_string"}}],"inLanguage":"en-US"},{"@type":"Organization","@id":"https:\/\/alladixital.org\/#organization","name":"Academia de la Llingua Asturiana","url":"https:\/\/alladixital.org\/","logo":{"@type":"ImageObject","inLanguage":"en-US","@id":"https:\/\/alladixital.org\/#\/schema\/logo\/image\/","url":"https:\/\/alladixital.org\/wp-content\/uploads\/2022\/08\/logo_LLINGUA_280_V3.jpg","contentUrl":"https:\/\/alladixital.org\/wp-content\/uploads\/2022\/08\/logo_LLINGUA_280_V3.jpg","width":1064,"height":1096,"caption":"Academia de la Llingua Asturiana"},"image":{"@id":"https:\/\/alladixital.org\/#\/schema\/logo\/image\/"},"sameAs":["https:\/\/www.facebook.com\/AcademiadelaLlinguaAsturiana\/","https:\/\/x.com\/ALLA_ast"]},{"@type":"Person","@id":"https:\/\/alladixital.org\/#\/schema\/person\/656e0920ab4ffb58592f1439c950b1cc","name":"admin","image":{"@type":"ImageObject","inLanguage":"en-US","@id":"https:\/\/alladixital.org\/#\/schema\/person\/image\/","url":"https:\/\/secure.gravatar.com\/avatar\/c7cafab1c40b86a41f7dc1a5f47b543eabcdd3630903338f35932f4e47d657cb?s=96&d=mm&r=g","contentUrl":"https:\/\/secure.gravatar.com\/avatar\/c7cafab1c40b86a41f7dc1a5f47b543eabcdd3630903338f35932f4e47d657cb?s=96&d=mm&r=g","caption":"admin"},"url":"https:\/\/alladixital.org\/en\/author\/admin\/"}]}},"brizy_media":[],"_links":{"self":[{"href":"https:\/\/alladixital.org\/en\/wp-json\/wp\/v2\/posts\/4655","targetHints":{"allow":["GET"]}}],"collection":[{"href":"https:\/\/alladixital.org\/en\/wp-json\/wp\/v2\/posts"}],"about":[{"href":"https:\/\/alladixital.org\/en\/wp-json\/wp\/v2\/types\/post"}],"author":[{"embeddable":true,"href":"https:\/\/alladixital.org\/en\/wp-json\/wp\/v2\/users\/1"}],"replies":[{"embeddable":true,"href":"https:\/\/alladixital.org\/en\/wp-json\/wp\/v2\/comments?post=4655"}],"version-history":[{"count":0,"href":"https:\/\/alladixital.org\/en\/wp-json\/wp\/v2\/posts\/4655\/revisions"}],"wp:featuredmedia":[{"embeddable":true,"href":"https:\/\/alladixital.org\/en\/wp-json\/wp\/v2\/media\/3105"}],"wp:attachment":[{"href":"https:\/\/alladixital.org\/en\/wp-json\/wp\/v2\/media?parent=4655"}],"wp:term":[{"taxonomy":"category","embeddable":true,"href":"https:\/\/alladixital.org\/en\/wp-json\/wp\/v2\/categories?post=4655"},{"taxonomy":"post_tag","embeddable":true,"href":"https:\/\/alladixital.org\/en\/wp-json\/wp\/v2\/tags?post=4655"}],"curies":[{"name":"wp","href":"https:\/\/api.w.org\/{rel}","templated":true}]}}