{"id":4699,"date":"2016-11-04T13:33:08","date_gmt":"2016-11-04T12:33:08","guid":{"rendered":"https:\/\/alladixital.org\/presentacion-sol-en-lo-pomares\/"},"modified":"2016-11-04T13:33:08","modified_gmt":"2016-11-04T12:33:08","slug":"presentacion-sol-en-lo-pomares","status":"publish","type":"post","link":"https:\/\/alladixital.org\/en\/presentacion-sol-en-lo-pomares\/","title":{"rendered":"Presentaci\u00f3n Sol en Los Pomares"},"content":{"rendered":"<p>Ayeri 3 de payares, la Conceyal\u00eda d&#8217;Educaci\u00f3n y Cultura del Conceyu de Xix\u00f3n y l&#8217;Academia de la Llingua Asturiana presentaron, a les 7:00 de la tarde, na sala de conferencies del Antiguu Institutu Xovellanos de Xix\u00f3n, la edici\u00f3n facsimilar del llibru de Mat\u00edas Conde, Sol en los Pomares, al cumplise los 120 a\u00f1os de la nacencia del autor en Xix\u00f3n.<\/p>\n<p>Nel actu intervinieron:<\/p>\n<ul>\n<li>D\u00f1a. Ana Montserrat L\u00f3pez Moro, Conceyala d\u2019Educaci\u00f3n y Cultura del Conceyu de Xix\u00f3n.<\/li>\n<li>D\u00f1a. Ana M\u00aa Cano Gonz\u00e1lez, Presidenta de l\u2019Academia de la Llingua Asturiana.<\/li>\n<li>D. Xos\u00e9 Lluis Garc\u00eda Arias, Miembru de N\u00famberu de l\u2019Academia de la Llingua Asturiana.<\/li>\n<\/ul>\n<p><script><\/script><\/p>\n","protected":false},"excerpt":{"rendered":"<p>Ayeri 3 de payares, la Conceyal\u00eda d&#8217;Educaci\u00f3n y Cultura del Conceyu de Xix\u00f3n y l&#8217;Academia de la Llingua Asturiana presentaron, a les 7:00 de la tarde, na sala de conferencies &hellip; <\/p>\n<p class=\"link-more\"><a href=\"https:\/\/alladixital.org\/en\/presentacion-sol-en-lo-pomares\/\" class=\"more-link\">Continue reading<span class=\"screen-reader-text\"> &#8220;Presentaci\u00f3n Sol en Los Pomares&#8221;<\/span><\/a><\/p>\n","protected":false},"author":1,"featured_media":3229,"comment_status":"closed","ping_status":"open","sticky":false,"template":"","format":"standard","meta":{"_acf_changed":false,"footnotes":""},"categories":[133],"tags":[160,167],"class_list":["post-4699","post","type-post","status-publish","format-standard","has-post-thumbnail","hentry","category-news","tag-presentacion-en","tag-publicaciones-en"],"acf":[],"yoast_head":"<!-- This site is optimized with the Yoast SEO plugin v26.7 - https:\/\/yoast.com\/wordpress\/plugins\/seo\/ -->\n<title>Presentaci\u00f3n Sol en Los Pomares - Academia de la Llingua Asturiana<\/title>\n<meta name=\"robots\" content=\"index, follow, max-snippet:-1, max-image-preview:large, max-video-preview:-1\" \/>\n<link rel=\"canonical\" href=\"https:\/\/alladixital.org\/en\/presentacion-sol-en-lo-pomares\/\" \/>\n<meta property=\"og:locale\" content=\"en_US\" \/>\n<meta property=\"og:type\" content=\"article\" \/>\n<meta property=\"og:title\" content=\"Presentaci\u00f3n Sol en Los Pomares - Academia de la Llingua Asturiana\" \/>\n<meta property=\"og:description\" content=\"Ayeri 3 de payares, la Conceyal\u00eda d&#8217;Educaci\u00f3n y Cultura del Conceyu de Xix\u00f3n y l&#8217;Academia de la Llingua Asturiana presentaron, a les 7:00 de la tarde, na sala de conferencies &hellip; Continue reading &quot;Presentaci\u00f3n Sol en Los Pomares&quot;\" \/>\n<meta property=\"og:url\" content=\"https:\/\/alladixital.org\/en\/presentacion-sol-en-lo-pomares\/\" \/>\n<meta property=\"og:site_name\" content=\"Academia de la Llingua Asturiana\" \/>\n<meta property=\"article:publisher\" content=\"https:\/\/www.facebook.com\/AcademiadelaLlinguaAsturiana\/\" \/>\n<meta property=\"article:published_time\" content=\"2016-11-04T12:33:08+00:00\" \/>\n<meta property=\"og:image\" content=\"https:\/\/alladixital.org\/wp-content\/uploads\/2016\/11\/IMG_20161103_190254-scaled.jpg\" \/>\n\t<meta property=\"og:image:width\" content=\"2560\" \/>\n\t<meta property=\"og:image:height\" content=\"1440\" \/>\n\t<meta property=\"og:image:type\" content=\"image\/jpeg\" \/>\n<meta name=\"author\" content=\"admin\" \/>\n<meta name=\"twitter:card\" content=\"summary_large_image\" \/>\n<meta name=\"twitter:creator\" content=\"@ALLA_ast\" \/>\n<meta name=\"twitter:site\" content=\"@ALLA_ast\" \/>\n<script type=\"application\/ld+json\" class=\"yoast-schema-graph\">{\"@context\":\"https:\/\/schema.org\",\"@graph\":[{\"@type\":\"Article\",\"@id\":\"https:\/\/alladixital.org\/en\/presentacion-sol-en-lo-pomares\/#article\",\"isPartOf\":{\"@id\":\"https:\/\/alladixital.org\/en\/presentacion-sol-en-lo-pomares\/\"},\"author\":{\"name\":\"admin\",\"@id\":\"https:\/\/alladixital.org\/#\/schema\/person\/656e0920ab4ffb58592f1439c950b1cc\"},\"headline\":\"Presentaci\u00f3n Sol en Los Pomares\",\"datePublished\":\"2016-11-04T12:33:08+00:00\",\"mainEntityOfPage\":{\"@id\":\"https:\/\/alladixital.org\/en\/presentacion-sol-en-lo-pomares\/\"},\"wordCount\":126,\"publisher\":{\"@id\":\"https:\/\/alladixital.org\/#organization\"},\"image\":{\"@id\":\"https:\/\/alladixital.org\/en\/presentacion-sol-en-lo-pomares\/#primaryimage\"},\"thumbnailUrl\":\"https:\/\/alladixital.org\/wp-content\/uploads\/2016\/11\/IMG_20161103_190254-scaled.jpg\",\"keywords\":[\"presentaci\u00f3n\",\"publicaciones\"],\"articleSection\":[\"News\"],\"inLanguage\":\"en-US\"},{\"@type\":\"WebPage\",\"@id\":\"https:\/\/alladixital.org\/en\/presentacion-sol-en-lo-pomares\/\",\"url\":\"https:\/\/alladixital.org\/en\/presentacion-sol-en-lo-pomares\/\",\"name\":\"Presentaci\u00f3n Sol en Los Pomares - Academia de la Llingua Asturiana\",\"isPartOf\":{\"@id\":\"https:\/\/alladixital.org\/#website\"},\"primaryImageOfPage\":{\"@id\":\"https:\/\/alladixital.org\/en\/presentacion-sol-en-lo-pomares\/#primaryimage\"},\"image\":{\"@id\":\"https:\/\/alladixital.org\/en\/presentacion-sol-en-lo-pomares\/#primaryimage\"},\"thumbnailUrl\":\"https:\/\/alladixital.org\/wp-content\/uploads\/2016\/11\/IMG_20161103_190254-scaled.jpg\",\"datePublished\":\"2016-11-04T12:33:08+00:00\",\"breadcrumb\":{\"@id\":\"https:\/\/alladixital.org\/en\/presentacion-sol-en-lo-pomares\/#breadcrumb\"},\"inLanguage\":\"en-US\",\"potentialAction\":[{\"@type\":\"ReadAction\",\"target\":[\"https:\/\/alladixital.org\/en\/presentacion-sol-en-lo-pomares\/\"]}]},{\"@type\":\"ImageObject\",\"inLanguage\":\"en-US\",\"@id\":\"https:\/\/alladixital.org\/en\/presentacion-sol-en-lo-pomares\/#primaryimage\",\"url\":\"https:\/\/alladixital.org\/wp-content\/uploads\/2016\/11\/IMG_20161103_190254-scaled.jpg\",\"contentUrl\":\"https:\/\/alladixital.org\/wp-content\/uploads\/2016\/11\/IMG_20161103_190254-scaled.jpg\",\"width\":2560,\"height\":1440},{\"@type\":\"BreadcrumbList\",\"@id\":\"https:\/\/alladixital.org\/en\/presentacion-sol-en-lo-pomares\/#breadcrumb\",\"itemListElement\":[{\"@type\":\"ListItem\",\"position\":1,\"name\":\"Portada\",\"item\":\"https:\/\/alladixital.org\/\"},{\"@type\":\"ListItem\",\"position\":2,\"name\":\"Presentaci\u00f3n Sol en Los Pomares\"}]},{\"@type\":\"WebSite\",\"@id\":\"https:\/\/alladixital.org\/#website\",\"url\":\"https:\/\/alladixital.org\/\",\"name\":\"Academia de la Llingua Asturiana\",\"description\":\"ALLA\",\"publisher\":{\"@id\":\"https:\/\/alladixital.org\/#organization\"},\"potentialAction\":[{\"@type\":\"SearchAction\",\"target\":{\"@type\":\"EntryPoint\",\"urlTemplate\":\"https:\/\/alladixital.org\/?s={search_term_string}\"},\"query-input\":{\"@type\":\"PropertyValueSpecification\",\"valueRequired\":true,\"valueName\":\"search_term_string\"}}],\"inLanguage\":\"en-US\"},{\"@type\":\"Organization\",\"@id\":\"https:\/\/alladixital.org\/#organization\",\"name\":\"Academia de la Llingua Asturiana\",\"url\":\"https:\/\/alladixital.org\/\",\"logo\":{\"@type\":\"ImageObject\",\"inLanguage\":\"en-US\",\"@id\":\"https:\/\/alladixital.org\/#\/schema\/logo\/image\/\",\"url\":\"https:\/\/alladixital.org\/wp-content\/uploads\/2022\/08\/logo_LLINGUA_280_V3.jpg\",\"contentUrl\":\"https:\/\/alladixital.org\/wp-content\/uploads\/2022\/08\/logo_LLINGUA_280_V3.jpg\",\"width\":1064,\"height\":1096,\"caption\":\"Academia de la Llingua Asturiana\"},\"image\":{\"@id\":\"https:\/\/alladixital.org\/#\/schema\/logo\/image\/\"},\"sameAs\":[\"https:\/\/www.facebook.com\/AcademiadelaLlinguaAsturiana\/\",\"https:\/\/x.com\/ALLA_ast\"]},{\"@type\":\"Person\",\"@id\":\"https:\/\/alladixital.org\/#\/schema\/person\/656e0920ab4ffb58592f1439c950b1cc\",\"name\":\"admin\",\"image\":{\"@type\":\"ImageObject\",\"inLanguage\":\"en-US\",\"@id\":\"https:\/\/alladixital.org\/#\/schema\/person\/image\/\",\"url\":\"https:\/\/secure.gravatar.com\/avatar\/c7cafab1c40b86a41f7dc1a5f47b543eabcdd3630903338f35932f4e47d657cb?s=96&d=mm&r=g\",\"contentUrl\":\"https:\/\/secure.gravatar.com\/avatar\/c7cafab1c40b86a41f7dc1a5f47b543eabcdd3630903338f35932f4e47d657cb?s=96&d=mm&r=g\",\"caption\":\"admin\"},\"url\":\"https:\/\/alladixital.org\/en\/author\/admin\/\"}]}<\/script>\n<!-- \/ Yoast SEO plugin. -->","yoast_head_json":{"title":"Presentaci\u00f3n Sol en Los Pomares - Academia de la Llingua Asturiana","robots":{"index":"index","follow":"follow","max-snippet":"max-snippet:-1","max-image-preview":"max-image-preview:large","max-video-preview":"max-video-preview:-1"},"canonical":"https:\/\/alladixital.org\/en\/presentacion-sol-en-lo-pomares\/","og_locale":"en_US","og_type":"article","og_title":"Presentaci\u00f3n Sol en Los Pomares - Academia de la Llingua Asturiana","og_description":"Ayeri 3 de payares, la Conceyal\u00eda d&#8217;Educaci\u00f3n y Cultura del Conceyu de Xix\u00f3n y l&#8217;Academia de la Llingua Asturiana presentaron, a les 7:00 de la tarde, na sala de conferencies &hellip; Continue reading \"Presentaci\u00f3n Sol en Los Pomares\"","og_url":"https:\/\/alladixital.org\/en\/presentacion-sol-en-lo-pomares\/","og_site_name":"Academia de la Llingua Asturiana","article_publisher":"https:\/\/www.facebook.com\/AcademiadelaLlinguaAsturiana\/","article_published_time":"2016-11-04T12:33:08+00:00","og_image":[{"width":2560,"height":1440,"url":"https:\/\/alladixital.org\/wp-content\/uploads\/2016\/11\/IMG_20161103_190254-scaled.jpg","type":"image\/jpeg"}],"author":"admin","twitter_card":"summary_large_image","twitter_creator":"@ALLA_ast","twitter_site":"@ALLA_ast","schema":{"@context":"https:\/\/schema.org","@graph":[{"@type":"Article","@id":"https:\/\/alladixital.org\/en\/presentacion-sol-en-lo-pomares\/#article","isPartOf":{"@id":"https:\/\/alladixital.org\/en\/presentacion-sol-en-lo-pomares\/"},"author":{"name":"admin","@id":"https:\/\/alladixital.org\/#\/schema\/person\/656e0920ab4ffb58592f1439c950b1cc"},"headline":"Presentaci\u00f3n Sol en Los Pomares","datePublished":"2016-11-04T12:33:08+00:00","mainEntityOfPage":{"@id":"https:\/\/alladixital.org\/en\/presentacion-sol-en-lo-pomares\/"},"wordCount":126,"publisher":{"@id":"https:\/\/alladixital.org\/#organization"},"image":{"@id":"https:\/\/alladixital.org\/en\/presentacion-sol-en-lo-pomares\/#primaryimage"},"thumbnailUrl":"https:\/\/alladixital.org\/wp-content\/uploads\/2016\/11\/IMG_20161103_190254-scaled.jpg","keywords":["presentaci\u00f3n","publicaciones"],"articleSection":["News"],"inLanguage":"en-US"},{"@type":"WebPage","@id":"https:\/\/alladixital.org\/en\/presentacion-sol-en-lo-pomares\/","url":"https:\/\/alladixital.org\/en\/presentacion-sol-en-lo-pomares\/","name":"Presentaci\u00f3n Sol en Los Pomares - Academia de la Llingua Asturiana","isPartOf":{"@id":"https:\/\/alladixital.org\/#website"},"primaryImageOfPage":{"@id":"https:\/\/alladixital.org\/en\/presentacion-sol-en-lo-pomares\/#primaryimage"},"image":{"@id":"https:\/\/alladixital.org\/en\/presentacion-sol-en-lo-pomares\/#primaryimage"},"thumbnailUrl":"https:\/\/alladixital.org\/wp-content\/uploads\/2016\/11\/IMG_20161103_190254-scaled.jpg","datePublished":"2016-11-04T12:33:08+00:00","breadcrumb":{"@id":"https:\/\/alladixital.org\/en\/presentacion-sol-en-lo-pomares\/#breadcrumb"},"inLanguage":"en-US","potentialAction":[{"@type":"ReadAction","target":["https:\/\/alladixital.org\/en\/presentacion-sol-en-lo-pomares\/"]}]},{"@type":"ImageObject","inLanguage":"en-US","@id":"https:\/\/alladixital.org\/en\/presentacion-sol-en-lo-pomares\/#primaryimage","url":"https:\/\/alladixital.org\/wp-content\/uploads\/2016\/11\/IMG_20161103_190254-scaled.jpg","contentUrl":"https:\/\/alladixital.org\/wp-content\/uploads\/2016\/11\/IMG_20161103_190254-scaled.jpg","width":2560,"height":1440},{"@type":"BreadcrumbList","@id":"https:\/\/alladixital.org\/en\/presentacion-sol-en-lo-pomares\/#breadcrumb","itemListElement":[{"@type":"ListItem","position":1,"name":"Portada","item":"https:\/\/alladixital.org\/"},{"@type":"ListItem","position":2,"name":"Presentaci\u00f3n Sol en Los Pomares"}]},{"@type":"WebSite","@id":"https:\/\/alladixital.org\/#website","url":"https:\/\/alladixital.org\/","name":"Academia de la Llingua Asturiana","description":"ALLA","publisher":{"@id":"https:\/\/alladixital.org\/#organization"},"potentialAction":[{"@type":"SearchAction","target":{"@type":"EntryPoint","urlTemplate":"https:\/\/alladixital.org\/?s={search_term_string}"},"query-input":{"@type":"PropertyValueSpecification","valueRequired":true,"valueName":"search_term_string"}}],"inLanguage":"en-US"},{"@type":"Organization","@id":"https:\/\/alladixital.org\/#organization","name":"Academia de la Llingua Asturiana","url":"https:\/\/alladixital.org\/","logo":{"@type":"ImageObject","inLanguage":"en-US","@id":"https:\/\/alladixital.org\/#\/schema\/logo\/image\/","url":"https:\/\/alladixital.org\/wp-content\/uploads\/2022\/08\/logo_LLINGUA_280_V3.jpg","contentUrl":"https:\/\/alladixital.org\/wp-content\/uploads\/2022\/08\/logo_LLINGUA_280_V3.jpg","width":1064,"height":1096,"caption":"Academia de la Llingua Asturiana"},"image":{"@id":"https:\/\/alladixital.org\/#\/schema\/logo\/image\/"},"sameAs":["https:\/\/www.facebook.com\/AcademiadelaLlinguaAsturiana\/","https:\/\/x.com\/ALLA_ast"]},{"@type":"Person","@id":"https:\/\/alladixital.org\/#\/schema\/person\/656e0920ab4ffb58592f1439c950b1cc","name":"admin","image":{"@type":"ImageObject","inLanguage":"en-US","@id":"https:\/\/alladixital.org\/#\/schema\/person\/image\/","url":"https:\/\/secure.gravatar.com\/avatar\/c7cafab1c40b86a41f7dc1a5f47b543eabcdd3630903338f35932f4e47d657cb?s=96&d=mm&r=g","contentUrl":"https:\/\/secure.gravatar.com\/avatar\/c7cafab1c40b86a41f7dc1a5f47b543eabcdd3630903338f35932f4e47d657cb?s=96&d=mm&r=g","caption":"admin"},"url":"https:\/\/alladixital.org\/en\/author\/admin\/"}]}},"brizy_media":[],"_links":{"self":[{"href":"https:\/\/alladixital.org\/en\/wp-json\/wp\/v2\/posts\/4699","targetHints":{"allow":["GET"]}}],"collection":[{"href":"https:\/\/alladixital.org\/en\/wp-json\/wp\/v2\/posts"}],"about":[{"href":"https:\/\/alladixital.org\/en\/wp-json\/wp\/v2\/types\/post"}],"author":[{"embeddable":true,"href":"https:\/\/alladixital.org\/en\/wp-json\/wp\/v2\/users\/1"}],"replies":[{"embeddable":true,"href":"https:\/\/alladixital.org\/en\/wp-json\/wp\/v2\/comments?post=4699"}],"version-history":[{"count":0,"href":"https:\/\/alladixital.org\/en\/wp-json\/wp\/v2\/posts\/4699\/revisions"}],"wp:featuredmedia":[{"embeddable":true,"href":"https:\/\/alladixital.org\/en\/wp-json\/wp\/v2\/media\/3229"}],"wp:attachment":[{"href":"https:\/\/alladixital.org\/en\/wp-json\/wp\/v2\/media?parent=4699"}],"wp:term":[{"taxonomy":"category","embeddable":true,"href":"https:\/\/alladixital.org\/en\/wp-json\/wp\/v2\/categories?post=4699"},{"taxonomy":"post_tag","embeddable":true,"href":"https:\/\/alladixital.org\/en\/wp-json\/wp\/v2\/tags?post=4699"}],"curies":[{"name":"wp","href":"https:\/\/api.w.org\/{rel}","templated":true}]}}