{"id":4721,"date":"2016-08-13T09:12:27","date_gmt":"2016-08-13T08:12:27","guid":{"rendered":"https:\/\/alladixital.org\/mazcara-pa-lhabana\/"},"modified":"2016-08-13T09:12:27","modified_gmt":"2016-08-13T08:12:27","slug":"mazcara-pa-lhabana","status":"publish","type":"post","link":"https:\/\/alladixital.org\/en\/mazcara-pa-lhabana\/","title":{"rendered":"M\u00c1ZCARA: Pa L&#8217;Habana"},"content":{"rendered":"<p>Xurde Fern\u00e1ndez, <em>Pa L&#8217;Habana<\/em>. Uvi\u00e9u, ALLA, 2016. \u00abM\u00e1zcara\u00bb nu 18.<\/p>\n<p><!--more--><\/p>\n<p>Premiu del Concursu de Teatru de l\u2019Academia na so edici\u00f3n del a\u00f1u 2013. Con tres actos y trece escenes y nun escenariu escuru y f\u00fanebre estructur\u00e1u f\u00edsicamente en dos niveles, un su\u00e9tanu abaxo y un cuartu arriba, y siempre nun ambiente afogadizu y m\u00edsere, dos personaxes principales denomaos coles \u00faltimes lletres del alfabetu, vixilen a un tercer personaxe A, secuestr\u00e1u por X. El pagu promet\u00edu a Y y Z por esti trabayu ye un viaxe a L\u2019Habana, el llugar sua\u00f1\u00e1u onde podr\u00e1n dexar atr\u00e1s la vida qu\u2019hasta ahora llevaron.<br \/>\n<script><\/script><\/p>\n","protected":false},"excerpt":{"rendered":"<p>Xurde Fern\u00e1ndez, Pa L&#8217;Habana. Uvi\u00e9u, ALLA, 2016. \u00abM\u00e1zcara\u00bb nu 18.<\/p>\n","protected":false},"author":1,"featured_media":3226,"comment_status":"closed","ping_status":"open","sticky":false,"template":"","format":"standard","meta":{"_acf_changed":false,"footnotes":""},"categories":[248],"tags":[271,167],"class_list":["post-4721","post","type-post","status-publish","format-standard","has-post-thumbnail","hentry","category-publications","tag-mazcara-en","tag-publicaciones-en"],"acf":[],"yoast_head":"<!-- This site is optimized with the Yoast SEO plugin v26.7 - https:\/\/yoast.com\/wordpress\/plugins\/seo\/ -->\n<title>M\u00c1ZCARA: Pa L&#039;Habana - Academia de la Llingua Asturiana<\/title>\n<meta name=\"robots\" content=\"index, follow, max-snippet:-1, max-image-preview:large, max-video-preview:-1\" \/>\n<link rel=\"canonical\" href=\"https:\/\/alladixital.org\/en\/mazcara-pa-lhabana\/\" \/>\n<meta property=\"og:locale\" content=\"en_US\" \/>\n<meta property=\"og:type\" content=\"article\" \/>\n<meta property=\"og:title\" content=\"M\u00c1ZCARA: Pa L&#039;Habana - Academia de la Llingua Asturiana\" \/>\n<meta property=\"og:description\" content=\"Xurde Fern\u00e1ndez, Pa L&#8217;Habana. Uvi\u00e9u, ALLA, 2016. \u00abM\u00e1zcara\u00bb nu 18.\" \/>\n<meta property=\"og:url\" content=\"https:\/\/alladixital.org\/en\/mazcara-pa-lhabana\/\" \/>\n<meta property=\"og:site_name\" content=\"Academia de la Llingua Asturiana\" \/>\n<meta property=\"article:publisher\" content=\"https:\/\/www.facebook.com\/AcademiadelaLlinguaAsturiana\/\" \/>\n<meta property=\"article:published_time\" content=\"2016-08-13T08:12:27+00:00\" \/>\n<meta property=\"og:image\" content=\"https:\/\/alladixital.org\/wp-content\/uploads\/2014\/10\/Pa-LHabana.jpg\" \/>\n\t<meta property=\"og:image:width\" content=\"1103\" \/>\n\t<meta property=\"og:image:height\" content=\"1654\" \/>\n\t<meta property=\"og:image:type\" content=\"image\/jpeg\" \/>\n<meta name=\"author\" content=\"admin\" \/>\n<meta name=\"twitter:card\" content=\"summary_large_image\" \/>\n<meta name=\"twitter:creator\" content=\"@ALLA_ast\" \/>\n<meta name=\"twitter:site\" content=\"@ALLA_ast\" \/>\n<script type=\"application\/ld+json\" class=\"yoast-schema-graph\">{\"@context\":\"https:\/\/schema.org\",\"@graph\":[{\"@type\":\"Article\",\"@id\":\"https:\/\/alladixital.org\/en\/mazcara-pa-lhabana\/#article\",\"isPartOf\":{\"@id\":\"https:\/\/alladixital.org\/en\/mazcara-pa-lhabana\/\"},\"author\":{\"name\":\"admin\",\"@id\":\"https:\/\/alladixital.org\/#\/schema\/person\/656e0920ab4ffb58592f1439c950b1cc\"},\"headline\":\"M\u00c1ZCARA: Pa L&#8217;Habana\",\"datePublished\":\"2016-08-13T08:12:27+00:00\",\"mainEntityOfPage\":{\"@id\":\"https:\/\/alladixital.org\/en\/mazcara-pa-lhabana\/\"},\"wordCount\":120,\"publisher\":{\"@id\":\"https:\/\/alladixital.org\/#organization\"},\"image\":{\"@id\":\"https:\/\/alladixital.org\/en\/mazcara-pa-lhabana\/#primaryimage\"},\"thumbnailUrl\":\"https:\/\/alladixital.org\/wp-content\/uploads\/2014\/10\/Pa-LHabana.jpg\",\"keywords\":[\"m\u00e1zcara\",\"publicaciones\"],\"articleSection\":[\"Publications\"],\"inLanguage\":\"en-US\"},{\"@type\":\"WebPage\",\"@id\":\"https:\/\/alladixital.org\/en\/mazcara-pa-lhabana\/\",\"url\":\"https:\/\/alladixital.org\/en\/mazcara-pa-lhabana\/\",\"name\":\"M\u00c1ZCARA: Pa L'Habana - Academia de la Llingua Asturiana\",\"isPartOf\":{\"@id\":\"https:\/\/alladixital.org\/#website\"},\"primaryImageOfPage\":{\"@id\":\"https:\/\/alladixital.org\/en\/mazcara-pa-lhabana\/#primaryimage\"},\"image\":{\"@id\":\"https:\/\/alladixital.org\/en\/mazcara-pa-lhabana\/#primaryimage\"},\"thumbnailUrl\":\"https:\/\/alladixital.org\/wp-content\/uploads\/2014\/10\/Pa-LHabana.jpg\",\"datePublished\":\"2016-08-13T08:12:27+00:00\",\"breadcrumb\":{\"@id\":\"https:\/\/alladixital.org\/en\/mazcara-pa-lhabana\/#breadcrumb\"},\"inLanguage\":\"en-US\",\"potentialAction\":[{\"@type\":\"ReadAction\",\"target\":[\"https:\/\/alladixital.org\/en\/mazcara-pa-lhabana\/\"]}]},{\"@type\":\"ImageObject\",\"inLanguage\":\"en-US\",\"@id\":\"https:\/\/alladixital.org\/en\/mazcara-pa-lhabana\/#primaryimage\",\"url\":\"https:\/\/alladixital.org\/wp-content\/uploads\/2014\/10\/Pa-LHabana.jpg\",\"contentUrl\":\"https:\/\/alladixital.org\/wp-content\/uploads\/2014\/10\/Pa-LHabana.jpg\",\"width\":1103,\"height\":1654},{\"@type\":\"BreadcrumbList\",\"@id\":\"https:\/\/alladixital.org\/en\/mazcara-pa-lhabana\/#breadcrumb\",\"itemListElement\":[{\"@type\":\"ListItem\",\"position\":1,\"name\":\"Portada\",\"item\":\"https:\/\/alladixital.org\/\"},{\"@type\":\"ListItem\",\"position\":2,\"name\":\"M\u00c1ZCARA: Pa L&#8217;Habana\"}]},{\"@type\":\"WebSite\",\"@id\":\"https:\/\/alladixital.org\/#website\",\"url\":\"https:\/\/alladixital.org\/\",\"name\":\"Academia de la Llingua Asturiana\",\"description\":\"ALLA\",\"publisher\":{\"@id\":\"https:\/\/alladixital.org\/#organization\"},\"potentialAction\":[{\"@type\":\"SearchAction\",\"target\":{\"@type\":\"EntryPoint\",\"urlTemplate\":\"https:\/\/alladixital.org\/?s={search_term_string}\"},\"query-input\":{\"@type\":\"PropertyValueSpecification\",\"valueRequired\":true,\"valueName\":\"search_term_string\"}}],\"inLanguage\":\"en-US\"},{\"@type\":\"Organization\",\"@id\":\"https:\/\/alladixital.org\/#organization\",\"name\":\"Academia de la Llingua Asturiana\",\"url\":\"https:\/\/alladixital.org\/\",\"logo\":{\"@type\":\"ImageObject\",\"inLanguage\":\"en-US\",\"@id\":\"https:\/\/alladixital.org\/#\/schema\/logo\/image\/\",\"url\":\"https:\/\/alladixital.org\/wp-content\/uploads\/2022\/08\/logo_LLINGUA_280_V3.jpg\",\"contentUrl\":\"https:\/\/alladixital.org\/wp-content\/uploads\/2022\/08\/logo_LLINGUA_280_V3.jpg\",\"width\":1064,\"height\":1096,\"caption\":\"Academia de la Llingua Asturiana\"},\"image\":{\"@id\":\"https:\/\/alladixital.org\/#\/schema\/logo\/image\/\"},\"sameAs\":[\"https:\/\/www.facebook.com\/AcademiadelaLlinguaAsturiana\/\",\"https:\/\/x.com\/ALLA_ast\"]},{\"@type\":\"Person\",\"@id\":\"https:\/\/alladixital.org\/#\/schema\/person\/656e0920ab4ffb58592f1439c950b1cc\",\"name\":\"admin\",\"image\":{\"@type\":\"ImageObject\",\"inLanguage\":\"en-US\",\"@id\":\"https:\/\/alladixital.org\/#\/schema\/person\/image\/\",\"url\":\"https:\/\/secure.gravatar.com\/avatar\/c7cafab1c40b86a41f7dc1a5f47b543eabcdd3630903338f35932f4e47d657cb?s=96&d=mm&r=g\",\"contentUrl\":\"https:\/\/secure.gravatar.com\/avatar\/c7cafab1c40b86a41f7dc1a5f47b543eabcdd3630903338f35932f4e47d657cb?s=96&d=mm&r=g\",\"caption\":\"admin\"},\"url\":\"https:\/\/alladixital.org\/en\/author\/admin\/\"}]}<\/script>\n<!-- \/ Yoast SEO plugin. -->","yoast_head_json":{"title":"M\u00c1ZCARA: Pa L'Habana - Academia de la Llingua Asturiana","robots":{"index":"index","follow":"follow","max-snippet":"max-snippet:-1","max-image-preview":"max-image-preview:large","max-video-preview":"max-video-preview:-1"},"canonical":"https:\/\/alladixital.org\/en\/mazcara-pa-lhabana\/","og_locale":"en_US","og_type":"article","og_title":"M\u00c1ZCARA: Pa L'Habana - Academia de la Llingua Asturiana","og_description":"Xurde Fern\u00e1ndez, Pa L&#8217;Habana. Uvi\u00e9u, ALLA, 2016. \u00abM\u00e1zcara\u00bb nu 18.","og_url":"https:\/\/alladixital.org\/en\/mazcara-pa-lhabana\/","og_site_name":"Academia de la Llingua Asturiana","article_publisher":"https:\/\/www.facebook.com\/AcademiadelaLlinguaAsturiana\/","article_published_time":"2016-08-13T08:12:27+00:00","og_image":[{"width":1103,"height":1654,"url":"https:\/\/alladixital.org\/wp-content\/uploads\/2014\/10\/Pa-LHabana.jpg","type":"image\/jpeg"}],"author":"admin","twitter_card":"summary_large_image","twitter_creator":"@ALLA_ast","twitter_site":"@ALLA_ast","schema":{"@context":"https:\/\/schema.org","@graph":[{"@type":"Article","@id":"https:\/\/alladixital.org\/en\/mazcara-pa-lhabana\/#article","isPartOf":{"@id":"https:\/\/alladixital.org\/en\/mazcara-pa-lhabana\/"},"author":{"name":"admin","@id":"https:\/\/alladixital.org\/#\/schema\/person\/656e0920ab4ffb58592f1439c950b1cc"},"headline":"M\u00c1ZCARA: Pa L&#8217;Habana","datePublished":"2016-08-13T08:12:27+00:00","mainEntityOfPage":{"@id":"https:\/\/alladixital.org\/en\/mazcara-pa-lhabana\/"},"wordCount":120,"publisher":{"@id":"https:\/\/alladixital.org\/#organization"},"image":{"@id":"https:\/\/alladixital.org\/en\/mazcara-pa-lhabana\/#primaryimage"},"thumbnailUrl":"https:\/\/alladixital.org\/wp-content\/uploads\/2014\/10\/Pa-LHabana.jpg","keywords":["m\u00e1zcara","publicaciones"],"articleSection":["Publications"],"inLanguage":"en-US"},{"@type":"WebPage","@id":"https:\/\/alladixital.org\/en\/mazcara-pa-lhabana\/","url":"https:\/\/alladixital.org\/en\/mazcara-pa-lhabana\/","name":"M\u00c1ZCARA: Pa L'Habana - Academia de la Llingua Asturiana","isPartOf":{"@id":"https:\/\/alladixital.org\/#website"},"primaryImageOfPage":{"@id":"https:\/\/alladixital.org\/en\/mazcara-pa-lhabana\/#primaryimage"},"image":{"@id":"https:\/\/alladixital.org\/en\/mazcara-pa-lhabana\/#primaryimage"},"thumbnailUrl":"https:\/\/alladixital.org\/wp-content\/uploads\/2014\/10\/Pa-LHabana.jpg","datePublished":"2016-08-13T08:12:27+00:00","breadcrumb":{"@id":"https:\/\/alladixital.org\/en\/mazcara-pa-lhabana\/#breadcrumb"},"inLanguage":"en-US","potentialAction":[{"@type":"ReadAction","target":["https:\/\/alladixital.org\/en\/mazcara-pa-lhabana\/"]}]},{"@type":"ImageObject","inLanguage":"en-US","@id":"https:\/\/alladixital.org\/en\/mazcara-pa-lhabana\/#primaryimage","url":"https:\/\/alladixital.org\/wp-content\/uploads\/2014\/10\/Pa-LHabana.jpg","contentUrl":"https:\/\/alladixital.org\/wp-content\/uploads\/2014\/10\/Pa-LHabana.jpg","width":1103,"height":1654},{"@type":"BreadcrumbList","@id":"https:\/\/alladixital.org\/en\/mazcara-pa-lhabana\/#breadcrumb","itemListElement":[{"@type":"ListItem","position":1,"name":"Portada","item":"https:\/\/alladixital.org\/"},{"@type":"ListItem","position":2,"name":"M\u00c1ZCARA: Pa L&#8217;Habana"}]},{"@type":"WebSite","@id":"https:\/\/alladixital.org\/#website","url":"https:\/\/alladixital.org\/","name":"Academia de la Llingua Asturiana","description":"ALLA","publisher":{"@id":"https:\/\/alladixital.org\/#organization"},"potentialAction":[{"@type":"SearchAction","target":{"@type":"EntryPoint","urlTemplate":"https:\/\/alladixital.org\/?s={search_term_string}"},"query-input":{"@type":"PropertyValueSpecification","valueRequired":true,"valueName":"search_term_string"}}],"inLanguage":"en-US"},{"@type":"Organization","@id":"https:\/\/alladixital.org\/#organization","name":"Academia de la Llingua Asturiana","url":"https:\/\/alladixital.org\/","logo":{"@type":"ImageObject","inLanguage":"en-US","@id":"https:\/\/alladixital.org\/#\/schema\/logo\/image\/","url":"https:\/\/alladixital.org\/wp-content\/uploads\/2022\/08\/logo_LLINGUA_280_V3.jpg","contentUrl":"https:\/\/alladixital.org\/wp-content\/uploads\/2022\/08\/logo_LLINGUA_280_V3.jpg","width":1064,"height":1096,"caption":"Academia de la Llingua Asturiana"},"image":{"@id":"https:\/\/alladixital.org\/#\/schema\/logo\/image\/"},"sameAs":["https:\/\/www.facebook.com\/AcademiadelaLlinguaAsturiana\/","https:\/\/x.com\/ALLA_ast"]},{"@type":"Person","@id":"https:\/\/alladixital.org\/#\/schema\/person\/656e0920ab4ffb58592f1439c950b1cc","name":"admin","image":{"@type":"ImageObject","inLanguage":"en-US","@id":"https:\/\/alladixital.org\/#\/schema\/person\/image\/","url":"https:\/\/secure.gravatar.com\/avatar\/c7cafab1c40b86a41f7dc1a5f47b543eabcdd3630903338f35932f4e47d657cb?s=96&d=mm&r=g","contentUrl":"https:\/\/secure.gravatar.com\/avatar\/c7cafab1c40b86a41f7dc1a5f47b543eabcdd3630903338f35932f4e47d657cb?s=96&d=mm&r=g","caption":"admin"},"url":"https:\/\/alladixital.org\/en\/author\/admin\/"}]}},"brizy_media":[],"_links":{"self":[{"href":"https:\/\/alladixital.org\/en\/wp-json\/wp\/v2\/posts\/4721","targetHints":{"allow":["GET"]}}],"collection":[{"href":"https:\/\/alladixital.org\/en\/wp-json\/wp\/v2\/posts"}],"about":[{"href":"https:\/\/alladixital.org\/en\/wp-json\/wp\/v2\/types\/post"}],"author":[{"embeddable":true,"href":"https:\/\/alladixital.org\/en\/wp-json\/wp\/v2\/users\/1"}],"replies":[{"embeddable":true,"href":"https:\/\/alladixital.org\/en\/wp-json\/wp\/v2\/comments?post=4721"}],"version-history":[{"count":0,"href":"https:\/\/alladixital.org\/en\/wp-json\/wp\/v2\/posts\/4721\/revisions"}],"wp:featuredmedia":[{"embeddable":true,"href":"https:\/\/alladixital.org\/en\/wp-json\/wp\/v2\/media\/3226"}],"wp:attachment":[{"href":"https:\/\/alladixital.org\/en\/wp-json\/wp\/v2\/media?parent=4721"}],"wp:term":[{"taxonomy":"category","embeddable":true,"href":"https:\/\/alladixital.org\/en\/wp-json\/wp\/v2\/categories?post=4721"},{"taxonomy":"post_tag","embeddable":true,"href":"https:\/\/alladixital.org\/en\/wp-json\/wp\/v2\/tags?post=4721"}],"curies":[{"name":"wp","href":"https:\/\/api.w.org\/{rel}","templated":true}]}}