{"id":4731,"date":"2016-05-05T10:37:14","date_gmt":"2016-05-05T09:37:14","guid":{"rendered":"https:\/\/alladixital.org\/lliteratura-revista-lliteraria-asturiana-2\/"},"modified":"2016-05-05T10:37:14","modified_gmt":"2016-05-05T09:37:14","slug":"lliteratura-revista-lliteraria-asturiana-2","status":"publish","type":"post","link":"https:\/\/alladixital.org\/en\/lliteratura-revista-lliteraria-asturiana-2\/","title":{"rendered":"Lliteratura. Revista lliteraria asturiana"},"content":{"rendered":"<p>Lliteratura. Revista lliteraria asturiana. nu 3 (2016) Uvi\u00e9u, ALLA.<br \/>\nNueva entraga d&#8217;esta revista lliteraria editada pa celebrar el XXXVII D\u00eda de les Lletres Asturianes. Nesti n\u00famberu participen en \u00abNarrativa\u00bb \u00c1nxel \u00c1lvarez Llano, Diego Nieto, Elisabet Felgueroso, Xuan Porta y Josep Carles La\u00ednez. En \u00abPoes\u00eda\u00bb alcontramos testos de Berta Pi\u00f1\u00e1n, Jos\u00e9 Luis Rendueles, Raquel Fern\u00e1ndez Men\u00e9ndez, Ana Vega, Alfonso L\u00f3pez Alfonso, Andr\u00e9s Astur Trece\u00f1o Garc\u00eda y Luis Salas Ria\u00f1o. La seici\u00f3n de \u00abEnsayu\u00bb presenta testos de Vicente Garc\u00eda Oliva, Xuan Xos\u00e9 S\u00e1nchez Vicente y V\u00edctor Su\u00e1rez Pi\u00f1ero. La estaya \u00abVaria\u00bb ufre un trabayu de Miguel Allende. Zarra&#8217;l n\u00famberu un \u00abCr\u00edtica\u00bb de Marta Mori.<br \/>\n<script><\/script><\/p>\n","protected":false},"excerpt":{"rendered":"<p>Lliteratura. Revista lliteraria asturiana. nu 3 (2016) Uvi\u00e9u, ALLA. Nueva entraga d&#8217;esta revista lliteraria editada pa celebrar el XXXVII D\u00eda de les Lletres Asturianes. Nesti n\u00famberu participen en \u00abNarrativa\u00bb \u00c1nxel &hellip; <\/p>\n<p class=\"link-more\"><a href=\"https:\/\/alladixital.org\/en\/lliteratura-revista-lliteraria-asturiana-2\/\" class=\"more-link\">Continue reading<span class=\"screen-reader-text\"> &#8220;Lliteratura. Revista lliteraria asturiana&#8221;<\/span><\/a><\/p>\n","protected":false},"author":1,"featured_media":3216,"comment_status":"closed","ping_status":"open","sticky":false,"template":"","format":"standard","meta":{"_acf_changed":false,"footnotes":""},"categories":[248],"tags":[204,167,272],"class_list":["post-4731","post","type-post","status-publish","format-standard","has-post-thumbnail","hentry","category-publications","tag-lliteratura-en","tag-publicaciones-en","tag-xxxvii-dia-de-les-lletres-asturianes-en"],"acf":[],"yoast_head":"<!-- This site is optimized with the Yoast SEO plugin v26.7 - https:\/\/yoast.com\/wordpress\/plugins\/seo\/ -->\n<title>Lliteratura. Revista lliteraria asturiana - Academia de la Llingua Asturiana<\/title>\n<meta name=\"robots\" content=\"index, follow, max-snippet:-1, max-image-preview:large, max-video-preview:-1\" \/>\n<link rel=\"canonical\" href=\"https:\/\/alladixital.org\/en\/lliteratura-revista-lliteraria-asturiana-2\/\" \/>\n<meta property=\"og:locale\" content=\"en_US\" \/>\n<meta property=\"og:type\" content=\"article\" \/>\n<meta property=\"og:title\" content=\"Lliteratura. Revista lliteraria asturiana - Academia de la Llingua Asturiana\" \/>\n<meta property=\"og:description\" content=\"Lliteratura. Revista lliteraria asturiana. nu 3 (2016) Uvi\u00e9u, ALLA. Nueva entraga d&#8217;esta revista lliteraria editada pa celebrar el XXXVII D\u00eda de les Lletres Asturianes. Nesti n\u00famberu participen en \u00abNarrativa\u00bb \u00c1nxel &hellip; Continue reading &quot;Lliteratura. Revista lliteraria asturiana&quot;\" \/>\n<meta property=\"og:url\" content=\"https:\/\/alladixital.org\/en\/lliteratura-revista-lliteraria-asturiana-2\/\" \/>\n<meta property=\"og:site_name\" content=\"Academia de la Llingua Asturiana\" \/>\n<meta property=\"article:publisher\" content=\"https:\/\/www.facebook.com\/AcademiadelaLlinguaAsturiana\/\" \/>\n<meta property=\"article:published_time\" content=\"2016-05-05T09:37:14+00:00\" \/>\n<meta property=\"og:image\" content=\"https:\/\/alladixital.org\/wp-content\/uploads\/2016\/05\/Cubierta_Lliteratura_web.jpg\" \/>\n\t<meta property=\"og:image:width\" content=\"568\" \/>\n\t<meta property=\"og:image:height\" content=\"800\" \/>\n\t<meta property=\"og:image:type\" content=\"image\/jpeg\" \/>\n<meta name=\"author\" content=\"admin\" \/>\n<meta name=\"twitter:card\" content=\"summary_large_image\" \/>\n<meta name=\"twitter:creator\" content=\"@ALLA_ast\" \/>\n<meta name=\"twitter:site\" content=\"@ALLA_ast\" \/>\n<script type=\"application\/ld+json\" class=\"yoast-schema-graph\">{\"@context\":\"https:\/\/schema.org\",\"@graph\":[{\"@type\":\"Article\",\"@id\":\"https:\/\/alladixital.org\/en\/lliteratura-revista-lliteraria-asturiana-2\/#article\",\"isPartOf\":{\"@id\":\"https:\/\/alladixital.org\/en\/lliteratura-revista-lliteraria-asturiana-2\/\"},\"author\":{\"name\":\"admin\",\"@id\":\"https:\/\/alladixital.org\/#\/schema\/person\/656e0920ab4ffb58592f1439c950b1cc\"},\"headline\":\"Lliteratura. Revista lliteraria asturiana\",\"datePublished\":\"2016-05-05T09:37:14+00:00\",\"mainEntityOfPage\":{\"@id\":\"https:\/\/alladixital.org\/en\/lliteratura-revista-lliteraria-asturiana-2\/\"},\"wordCount\":127,\"publisher\":{\"@id\":\"https:\/\/alladixital.org\/#organization\"},\"image\":{\"@id\":\"https:\/\/alladixital.org\/en\/lliteratura-revista-lliteraria-asturiana-2\/#primaryimage\"},\"thumbnailUrl\":\"https:\/\/alladixital.org\/wp-content\/uploads\/2016\/05\/Cubierta_Lliteratura_web.jpg\",\"keywords\":[\"lliteratura\",\"publicaciones\",\"xxxvii d\u00eda de les lletres asturianes\"],\"articleSection\":[\"Publications\"],\"inLanguage\":\"en-US\"},{\"@type\":\"WebPage\",\"@id\":\"https:\/\/alladixital.org\/en\/lliteratura-revista-lliteraria-asturiana-2\/\",\"url\":\"https:\/\/alladixital.org\/en\/lliteratura-revista-lliteraria-asturiana-2\/\",\"name\":\"Lliteratura. Revista lliteraria asturiana - Academia de la Llingua Asturiana\",\"isPartOf\":{\"@id\":\"https:\/\/alladixital.org\/#website\"},\"primaryImageOfPage\":{\"@id\":\"https:\/\/alladixital.org\/en\/lliteratura-revista-lliteraria-asturiana-2\/#primaryimage\"},\"image\":{\"@id\":\"https:\/\/alladixital.org\/en\/lliteratura-revista-lliteraria-asturiana-2\/#primaryimage\"},\"thumbnailUrl\":\"https:\/\/alladixital.org\/wp-content\/uploads\/2016\/05\/Cubierta_Lliteratura_web.jpg\",\"datePublished\":\"2016-05-05T09:37:14+00:00\",\"breadcrumb\":{\"@id\":\"https:\/\/alladixital.org\/en\/lliteratura-revista-lliteraria-asturiana-2\/#breadcrumb\"},\"inLanguage\":\"en-US\",\"potentialAction\":[{\"@type\":\"ReadAction\",\"target\":[\"https:\/\/alladixital.org\/en\/lliteratura-revista-lliteraria-asturiana-2\/\"]}]},{\"@type\":\"ImageObject\",\"inLanguage\":\"en-US\",\"@id\":\"https:\/\/alladixital.org\/en\/lliteratura-revista-lliteraria-asturiana-2\/#primaryimage\",\"url\":\"https:\/\/alladixital.org\/wp-content\/uploads\/2016\/05\/Cubierta_Lliteratura_web.jpg\",\"contentUrl\":\"https:\/\/alladixital.org\/wp-content\/uploads\/2016\/05\/Cubierta_Lliteratura_web.jpg\",\"width\":568,\"height\":800},{\"@type\":\"BreadcrumbList\",\"@id\":\"https:\/\/alladixital.org\/en\/lliteratura-revista-lliteraria-asturiana-2\/#breadcrumb\",\"itemListElement\":[{\"@type\":\"ListItem\",\"position\":1,\"name\":\"Portada\",\"item\":\"https:\/\/alladixital.org\/\"},{\"@type\":\"ListItem\",\"position\":2,\"name\":\"Lliteratura. Revista lliteraria asturiana\"}]},{\"@type\":\"WebSite\",\"@id\":\"https:\/\/alladixital.org\/#website\",\"url\":\"https:\/\/alladixital.org\/\",\"name\":\"Academia de la Llingua Asturiana\",\"description\":\"ALLA\",\"publisher\":{\"@id\":\"https:\/\/alladixital.org\/#organization\"},\"potentialAction\":[{\"@type\":\"SearchAction\",\"target\":{\"@type\":\"EntryPoint\",\"urlTemplate\":\"https:\/\/alladixital.org\/?s={search_term_string}\"},\"query-input\":{\"@type\":\"PropertyValueSpecification\",\"valueRequired\":true,\"valueName\":\"search_term_string\"}}],\"inLanguage\":\"en-US\"},{\"@type\":\"Organization\",\"@id\":\"https:\/\/alladixital.org\/#organization\",\"name\":\"Academia de la Llingua Asturiana\",\"url\":\"https:\/\/alladixital.org\/\",\"logo\":{\"@type\":\"ImageObject\",\"inLanguage\":\"en-US\",\"@id\":\"https:\/\/alladixital.org\/#\/schema\/logo\/image\/\",\"url\":\"https:\/\/alladixital.org\/wp-content\/uploads\/2022\/08\/logo_LLINGUA_280_V3.jpg\",\"contentUrl\":\"https:\/\/alladixital.org\/wp-content\/uploads\/2022\/08\/logo_LLINGUA_280_V3.jpg\",\"width\":1064,\"height\":1096,\"caption\":\"Academia de la Llingua Asturiana\"},\"image\":{\"@id\":\"https:\/\/alladixital.org\/#\/schema\/logo\/image\/\"},\"sameAs\":[\"https:\/\/www.facebook.com\/AcademiadelaLlinguaAsturiana\/\",\"https:\/\/x.com\/ALLA_ast\"]},{\"@type\":\"Person\",\"@id\":\"https:\/\/alladixital.org\/#\/schema\/person\/656e0920ab4ffb58592f1439c950b1cc\",\"name\":\"admin\",\"image\":{\"@type\":\"ImageObject\",\"inLanguage\":\"en-US\",\"@id\":\"https:\/\/alladixital.org\/#\/schema\/person\/image\/\",\"url\":\"https:\/\/secure.gravatar.com\/avatar\/c7cafab1c40b86a41f7dc1a5f47b543eabcdd3630903338f35932f4e47d657cb?s=96&d=mm&r=g\",\"contentUrl\":\"https:\/\/secure.gravatar.com\/avatar\/c7cafab1c40b86a41f7dc1a5f47b543eabcdd3630903338f35932f4e47d657cb?s=96&d=mm&r=g\",\"caption\":\"admin\"},\"url\":\"https:\/\/alladixital.org\/en\/author\/admin\/\"}]}<\/script>\n<!-- \/ Yoast SEO plugin. -->","yoast_head_json":{"title":"Lliteratura. Revista lliteraria asturiana - Academia de la Llingua Asturiana","robots":{"index":"index","follow":"follow","max-snippet":"max-snippet:-1","max-image-preview":"max-image-preview:large","max-video-preview":"max-video-preview:-1"},"canonical":"https:\/\/alladixital.org\/en\/lliteratura-revista-lliteraria-asturiana-2\/","og_locale":"en_US","og_type":"article","og_title":"Lliteratura. Revista lliteraria asturiana - Academia de la Llingua Asturiana","og_description":"Lliteratura. Revista lliteraria asturiana. nu 3 (2016) Uvi\u00e9u, ALLA. Nueva entraga d&#8217;esta revista lliteraria editada pa celebrar el XXXVII D\u00eda de les Lletres Asturianes. Nesti n\u00famberu participen en \u00abNarrativa\u00bb \u00c1nxel &hellip; Continue reading \"Lliteratura. Revista lliteraria asturiana\"","og_url":"https:\/\/alladixital.org\/en\/lliteratura-revista-lliteraria-asturiana-2\/","og_site_name":"Academia de la Llingua Asturiana","article_publisher":"https:\/\/www.facebook.com\/AcademiadelaLlinguaAsturiana\/","article_published_time":"2016-05-05T09:37:14+00:00","og_image":[{"width":568,"height":800,"url":"https:\/\/alladixital.org\/wp-content\/uploads\/2016\/05\/Cubierta_Lliteratura_web.jpg","type":"image\/jpeg"}],"author":"admin","twitter_card":"summary_large_image","twitter_creator":"@ALLA_ast","twitter_site":"@ALLA_ast","schema":{"@context":"https:\/\/schema.org","@graph":[{"@type":"Article","@id":"https:\/\/alladixital.org\/en\/lliteratura-revista-lliteraria-asturiana-2\/#article","isPartOf":{"@id":"https:\/\/alladixital.org\/en\/lliteratura-revista-lliteraria-asturiana-2\/"},"author":{"name":"admin","@id":"https:\/\/alladixital.org\/#\/schema\/person\/656e0920ab4ffb58592f1439c950b1cc"},"headline":"Lliteratura. Revista lliteraria asturiana","datePublished":"2016-05-05T09:37:14+00:00","mainEntityOfPage":{"@id":"https:\/\/alladixital.org\/en\/lliteratura-revista-lliteraria-asturiana-2\/"},"wordCount":127,"publisher":{"@id":"https:\/\/alladixital.org\/#organization"},"image":{"@id":"https:\/\/alladixital.org\/en\/lliteratura-revista-lliteraria-asturiana-2\/#primaryimage"},"thumbnailUrl":"https:\/\/alladixital.org\/wp-content\/uploads\/2016\/05\/Cubierta_Lliteratura_web.jpg","keywords":["lliteratura","publicaciones","xxxvii d\u00eda de les lletres asturianes"],"articleSection":["Publications"],"inLanguage":"en-US"},{"@type":"WebPage","@id":"https:\/\/alladixital.org\/en\/lliteratura-revista-lliteraria-asturiana-2\/","url":"https:\/\/alladixital.org\/en\/lliteratura-revista-lliteraria-asturiana-2\/","name":"Lliteratura. Revista lliteraria asturiana - Academia de la Llingua Asturiana","isPartOf":{"@id":"https:\/\/alladixital.org\/#website"},"primaryImageOfPage":{"@id":"https:\/\/alladixital.org\/en\/lliteratura-revista-lliteraria-asturiana-2\/#primaryimage"},"image":{"@id":"https:\/\/alladixital.org\/en\/lliteratura-revista-lliteraria-asturiana-2\/#primaryimage"},"thumbnailUrl":"https:\/\/alladixital.org\/wp-content\/uploads\/2016\/05\/Cubierta_Lliteratura_web.jpg","datePublished":"2016-05-05T09:37:14+00:00","breadcrumb":{"@id":"https:\/\/alladixital.org\/en\/lliteratura-revista-lliteraria-asturiana-2\/#breadcrumb"},"inLanguage":"en-US","potentialAction":[{"@type":"ReadAction","target":["https:\/\/alladixital.org\/en\/lliteratura-revista-lliteraria-asturiana-2\/"]}]},{"@type":"ImageObject","inLanguage":"en-US","@id":"https:\/\/alladixital.org\/en\/lliteratura-revista-lliteraria-asturiana-2\/#primaryimage","url":"https:\/\/alladixital.org\/wp-content\/uploads\/2016\/05\/Cubierta_Lliteratura_web.jpg","contentUrl":"https:\/\/alladixital.org\/wp-content\/uploads\/2016\/05\/Cubierta_Lliteratura_web.jpg","width":568,"height":800},{"@type":"BreadcrumbList","@id":"https:\/\/alladixital.org\/en\/lliteratura-revista-lliteraria-asturiana-2\/#breadcrumb","itemListElement":[{"@type":"ListItem","position":1,"name":"Portada","item":"https:\/\/alladixital.org\/"},{"@type":"ListItem","position":2,"name":"Lliteratura. Revista lliteraria asturiana"}]},{"@type":"WebSite","@id":"https:\/\/alladixital.org\/#website","url":"https:\/\/alladixital.org\/","name":"Academia de la Llingua Asturiana","description":"ALLA","publisher":{"@id":"https:\/\/alladixital.org\/#organization"},"potentialAction":[{"@type":"SearchAction","target":{"@type":"EntryPoint","urlTemplate":"https:\/\/alladixital.org\/?s={search_term_string}"},"query-input":{"@type":"PropertyValueSpecification","valueRequired":true,"valueName":"search_term_string"}}],"inLanguage":"en-US"},{"@type":"Organization","@id":"https:\/\/alladixital.org\/#organization","name":"Academia de la Llingua Asturiana","url":"https:\/\/alladixital.org\/","logo":{"@type":"ImageObject","inLanguage":"en-US","@id":"https:\/\/alladixital.org\/#\/schema\/logo\/image\/","url":"https:\/\/alladixital.org\/wp-content\/uploads\/2022\/08\/logo_LLINGUA_280_V3.jpg","contentUrl":"https:\/\/alladixital.org\/wp-content\/uploads\/2022\/08\/logo_LLINGUA_280_V3.jpg","width":1064,"height":1096,"caption":"Academia de la Llingua Asturiana"},"image":{"@id":"https:\/\/alladixital.org\/#\/schema\/logo\/image\/"},"sameAs":["https:\/\/www.facebook.com\/AcademiadelaLlinguaAsturiana\/","https:\/\/x.com\/ALLA_ast"]},{"@type":"Person","@id":"https:\/\/alladixital.org\/#\/schema\/person\/656e0920ab4ffb58592f1439c950b1cc","name":"admin","image":{"@type":"ImageObject","inLanguage":"en-US","@id":"https:\/\/alladixital.org\/#\/schema\/person\/image\/","url":"https:\/\/secure.gravatar.com\/avatar\/c7cafab1c40b86a41f7dc1a5f47b543eabcdd3630903338f35932f4e47d657cb?s=96&d=mm&r=g","contentUrl":"https:\/\/secure.gravatar.com\/avatar\/c7cafab1c40b86a41f7dc1a5f47b543eabcdd3630903338f35932f4e47d657cb?s=96&d=mm&r=g","caption":"admin"},"url":"https:\/\/alladixital.org\/en\/author\/admin\/"}]}},"brizy_media":[],"_links":{"self":[{"href":"https:\/\/alladixital.org\/en\/wp-json\/wp\/v2\/posts\/4731","targetHints":{"allow":["GET"]}}],"collection":[{"href":"https:\/\/alladixital.org\/en\/wp-json\/wp\/v2\/posts"}],"about":[{"href":"https:\/\/alladixital.org\/en\/wp-json\/wp\/v2\/types\/post"}],"author":[{"embeddable":true,"href":"https:\/\/alladixital.org\/en\/wp-json\/wp\/v2\/users\/1"}],"replies":[{"embeddable":true,"href":"https:\/\/alladixital.org\/en\/wp-json\/wp\/v2\/comments?post=4731"}],"version-history":[{"count":0,"href":"https:\/\/alladixital.org\/en\/wp-json\/wp\/v2\/posts\/4731\/revisions"}],"wp:featuredmedia":[{"embeddable":true,"href":"https:\/\/alladixital.org\/en\/wp-json\/wp\/v2\/media\/3216"}],"wp:attachment":[{"href":"https:\/\/alladixital.org\/en\/wp-json\/wp\/v2\/media?parent=4731"}],"wp:term":[{"taxonomy":"category","embeddable":true,"href":"https:\/\/alladixital.org\/en\/wp-json\/wp\/v2\/categories?post=4731"},{"taxonomy":"post_tag","embeddable":true,"href":"https:\/\/alladixital.org\/en\/wp-json\/wp\/v2\/tags?post=4731"}],"curies":[{"name":"wp","href":"https:\/\/api.w.org\/{rel}","templated":true}]}}