{"id":4760,"date":"2015-12-13T10:58:17","date_gmt":"2015-12-13T09:58:17","guid":{"rendered":"https:\/\/alladixital.org\/cultures-revista-asturiana-de-cultura-2\/"},"modified":"2015-12-13T10:58:17","modified_gmt":"2015-12-13T09:58:17","slug":"cultures-revista-asturiana-de-cultura-2","status":"publish","type":"post","link":"https:\/\/alladixital.org\/en\/cultures-revista-asturiana-de-cultura-2\/","title":{"rendered":"CULTURES. Revista Asturiana de Cultura"},"content":{"rendered":"<p>Cultures. Revista Asturiana de Cultura. nu 19 (2015) Uvi\u00e9u, ALLA.<br \/>\nNuevu n\u00famberu de la Revista de Cultures de l&#8217;Academia de la Llingua. Nella \u00fafrense art\u00edculos d\u2019estrem\u00e1u calter de Roberto Gonz\u00e1lez-Quevedo (\u00abPaisax y cultura n\u2019Asturies (II). Los oratorios como oxetivaci\u00f3n d\u2019idees y valores\u00bb), Manuel Francisco Matar\u00edn Guil (\u00ab<em>Las ermitas de \u00e1nimas<\/em> de la comarca de los r\u00edos Andarax y Nacimiento (Almer\u00eda)\u00bb), Xuan Pedrayes Obaya (\u00abCat\u00e1logu de los oratorios en Conceyu Villaviciosa\u00bb), Rams\u00e9s Ilesies Fern\u00e1ndez &amp; Xos\u00e9 Ant\u00f3n Fern\u00e1ndez \u00abAmb\u00e1s\u00bb (\u00abAguilandeiros de San Xuan en Villapa\u00f1ada (Grau)\u00bb), Carme Pedrayes Toyos (\u00abVezos y creyencies en conceyu Villaviciosa\u00bb), Roberto Gonz\u00e1lez-Quevedo (\u00abCategorizaci\u00f3n de cultura ya naturaleza nos cuentos populares d\u2019animales\u00bb). La revista sigue cola \u00abFaza d\u2019histories de vida\u00bb colos trabayos de Milio\u2019l del Nido (\u00abMio t\u00edu Milio\u00bb) y Pepe Monteser\u00edn (\u00abPa vaques, le mio hermanu\u00bb y \u00abL\u2019octavu pasaxeru\u00bb). El n\u00famberu z\u00e1rralu la estaya \u00abRese\u00f1es\u00bb de Juan Alfonso Fern\u00e1ndez Garc\u00eda (\u00abEn <em>Ca\u2019l Gaiteiru<\/em> o l\u2019entamu de la reconstrucci\u00f3n historicista de la gaita n\u2019Asturies\u00bb).<br \/>\n<script><\/script><\/p>\n","protected":false},"excerpt":{"rendered":"<p>Cultures. Revista Asturiana de Cultura. nu 19 (2015) Uvi\u00e9u, ALLA. Nuevu n\u00famberu de la Revista de Cultures de l&#8217;Academia de la Llingua. Nella \u00fafrense art\u00edculos d\u2019estrem\u00e1u calter de Roberto Gonz\u00e1lez-Quevedo &hellip; <\/p>\n<p class=\"link-more\"><a href=\"https:\/\/alladixital.org\/en\/cultures-revista-asturiana-de-cultura-2\/\" class=\"more-link\">Continue reading<span class=\"screen-reader-text\"> &#8220;CULTURES. Revista Asturiana de Cultura&#8221;<\/span><\/a><\/p>\n","protected":false},"author":1,"featured_media":3211,"comment_status":"closed","ping_status":"open","sticky":false,"template":"","format":"standard","meta":{"_acf_changed":false,"footnotes":""},"categories":[248],"tags":[200,167],"class_list":["post-4760","post","type-post","status-publish","format-standard","has-post-thumbnail","hentry","category-publications","tag-cultures-en","tag-publicaciones-en"],"acf":[],"yoast_head":"<!-- This site is optimized with the Yoast SEO plugin v26.7 - https:\/\/yoast.com\/wordpress\/plugins\/seo\/ -->\n<title>CULTURES. Revista Asturiana de Cultura - Academia de la Llingua Asturiana<\/title>\n<meta name=\"robots\" content=\"index, follow, max-snippet:-1, max-image-preview:large, max-video-preview:-1\" \/>\n<link rel=\"canonical\" href=\"https:\/\/alladixital.org\/en\/cultures-revista-asturiana-de-cultura-2\/\" \/>\n<meta property=\"og:locale\" content=\"en_US\" \/>\n<meta property=\"og:type\" content=\"article\" \/>\n<meta property=\"og:title\" content=\"CULTURES. Revista Asturiana de Cultura - Academia de la Llingua Asturiana\" \/>\n<meta property=\"og:description\" content=\"Cultures. Revista Asturiana de Cultura. nu 19 (2015) Uvi\u00e9u, ALLA. Nuevu n\u00famberu de la Revista de Cultures de l&#8217;Academia de la Llingua. Nella \u00fafrense art\u00edculos d\u2019estrem\u00e1u calter de Roberto Gonz\u00e1lez-Quevedo &hellip; Continue reading &quot;CULTURES. Revista Asturiana de Cultura&quot;\" \/>\n<meta property=\"og:url\" content=\"https:\/\/alladixital.org\/en\/cultures-revista-asturiana-de-cultura-2\/\" \/>\n<meta property=\"og:site_name\" content=\"Academia de la Llingua Asturiana\" \/>\n<meta property=\"article:publisher\" content=\"https:\/\/www.facebook.com\/AcademiadelaLlinguaAsturiana\/\" \/>\n<meta property=\"article:published_time\" content=\"2015-12-13T09:58:17+00:00\" \/>\n<meta property=\"og:image\" content=\"https:\/\/alladixital.org\/wp-content\/uploads\/2016\/01\/Cultures-19.jpg\" \/>\n\t<meta property=\"og:image:width\" content=\"317\" \/>\n\t<meta property=\"og:image:height\" content=\"448\" \/>\n\t<meta property=\"og:image:type\" content=\"image\/jpeg\" \/>\n<meta name=\"author\" content=\"admin\" \/>\n<meta name=\"twitter:card\" content=\"summary_large_image\" \/>\n<meta name=\"twitter:creator\" content=\"@ALLA_ast\" \/>\n<meta name=\"twitter:site\" content=\"@ALLA_ast\" \/>\n<script type=\"application\/ld+json\" class=\"yoast-schema-graph\">{\"@context\":\"https:\/\/schema.org\",\"@graph\":[{\"@type\":\"Article\",\"@id\":\"https:\/\/alladixital.org\/en\/cultures-revista-asturiana-de-cultura-2\/#article\",\"isPartOf\":{\"@id\":\"https:\/\/alladixital.org\/en\/cultures-revista-asturiana-de-cultura-2\/\"},\"author\":{\"name\":\"admin\",\"@id\":\"https:\/\/alladixital.org\/#\/schema\/person\/656e0920ab4ffb58592f1439c950b1cc\"},\"headline\":\"CULTURES. Revista Asturiana de Cultura\",\"datePublished\":\"2015-12-13T09:58:17+00:00\",\"mainEntityOfPage\":{\"@id\":\"https:\/\/alladixital.org\/en\/cultures-revista-asturiana-de-cultura-2\/\"},\"wordCount\":197,\"publisher\":{\"@id\":\"https:\/\/alladixital.org\/#organization\"},\"image\":{\"@id\":\"https:\/\/alladixital.org\/en\/cultures-revista-asturiana-de-cultura-2\/#primaryimage\"},\"thumbnailUrl\":\"https:\/\/alladixital.org\/wp-content\/uploads\/2016\/01\/Cultures-19.jpg\",\"keywords\":[\"cultures\",\"publicaciones\"],\"articleSection\":[\"Publications\"],\"inLanguage\":\"en-US\"},{\"@type\":\"WebPage\",\"@id\":\"https:\/\/alladixital.org\/en\/cultures-revista-asturiana-de-cultura-2\/\",\"url\":\"https:\/\/alladixital.org\/en\/cultures-revista-asturiana-de-cultura-2\/\",\"name\":\"CULTURES. Revista Asturiana de Cultura - Academia de la Llingua Asturiana\",\"isPartOf\":{\"@id\":\"https:\/\/alladixital.org\/#website\"},\"primaryImageOfPage\":{\"@id\":\"https:\/\/alladixital.org\/en\/cultures-revista-asturiana-de-cultura-2\/#primaryimage\"},\"image\":{\"@id\":\"https:\/\/alladixital.org\/en\/cultures-revista-asturiana-de-cultura-2\/#primaryimage\"},\"thumbnailUrl\":\"https:\/\/alladixital.org\/wp-content\/uploads\/2016\/01\/Cultures-19.jpg\",\"datePublished\":\"2015-12-13T09:58:17+00:00\",\"breadcrumb\":{\"@id\":\"https:\/\/alladixital.org\/en\/cultures-revista-asturiana-de-cultura-2\/#breadcrumb\"},\"inLanguage\":\"en-US\",\"potentialAction\":[{\"@type\":\"ReadAction\",\"target\":[\"https:\/\/alladixital.org\/en\/cultures-revista-asturiana-de-cultura-2\/\"]}]},{\"@type\":\"ImageObject\",\"inLanguage\":\"en-US\",\"@id\":\"https:\/\/alladixital.org\/en\/cultures-revista-asturiana-de-cultura-2\/#primaryimage\",\"url\":\"https:\/\/alladixital.org\/wp-content\/uploads\/2016\/01\/Cultures-19.jpg\",\"contentUrl\":\"https:\/\/alladixital.org\/wp-content\/uploads\/2016\/01\/Cultures-19.jpg\",\"width\":317,\"height\":448},{\"@type\":\"BreadcrumbList\",\"@id\":\"https:\/\/alladixital.org\/en\/cultures-revista-asturiana-de-cultura-2\/#breadcrumb\",\"itemListElement\":[{\"@type\":\"ListItem\",\"position\":1,\"name\":\"Portada\",\"item\":\"https:\/\/alladixital.org\/\"},{\"@type\":\"ListItem\",\"position\":2,\"name\":\"CULTURES. Revista Asturiana de Cultura\"}]},{\"@type\":\"WebSite\",\"@id\":\"https:\/\/alladixital.org\/#website\",\"url\":\"https:\/\/alladixital.org\/\",\"name\":\"Academia de la Llingua Asturiana\",\"description\":\"ALLA\",\"publisher\":{\"@id\":\"https:\/\/alladixital.org\/#organization\"},\"potentialAction\":[{\"@type\":\"SearchAction\",\"target\":{\"@type\":\"EntryPoint\",\"urlTemplate\":\"https:\/\/alladixital.org\/?s={search_term_string}\"},\"query-input\":{\"@type\":\"PropertyValueSpecification\",\"valueRequired\":true,\"valueName\":\"search_term_string\"}}],\"inLanguage\":\"en-US\"},{\"@type\":\"Organization\",\"@id\":\"https:\/\/alladixital.org\/#organization\",\"name\":\"Academia de la Llingua Asturiana\",\"url\":\"https:\/\/alladixital.org\/\",\"logo\":{\"@type\":\"ImageObject\",\"inLanguage\":\"en-US\",\"@id\":\"https:\/\/alladixital.org\/#\/schema\/logo\/image\/\",\"url\":\"https:\/\/alladixital.org\/wp-content\/uploads\/2022\/08\/logo_LLINGUA_280_V3.jpg\",\"contentUrl\":\"https:\/\/alladixital.org\/wp-content\/uploads\/2022\/08\/logo_LLINGUA_280_V3.jpg\",\"width\":1064,\"height\":1096,\"caption\":\"Academia de la Llingua Asturiana\"},\"image\":{\"@id\":\"https:\/\/alladixital.org\/#\/schema\/logo\/image\/\"},\"sameAs\":[\"https:\/\/www.facebook.com\/AcademiadelaLlinguaAsturiana\/\",\"https:\/\/x.com\/ALLA_ast\"]},{\"@type\":\"Person\",\"@id\":\"https:\/\/alladixital.org\/#\/schema\/person\/656e0920ab4ffb58592f1439c950b1cc\",\"name\":\"admin\",\"image\":{\"@type\":\"ImageObject\",\"inLanguage\":\"en-US\",\"@id\":\"https:\/\/alladixital.org\/#\/schema\/person\/image\/\",\"url\":\"https:\/\/secure.gravatar.com\/avatar\/c7cafab1c40b86a41f7dc1a5f47b543eabcdd3630903338f35932f4e47d657cb?s=96&d=mm&r=g\",\"contentUrl\":\"https:\/\/secure.gravatar.com\/avatar\/c7cafab1c40b86a41f7dc1a5f47b543eabcdd3630903338f35932f4e47d657cb?s=96&d=mm&r=g\",\"caption\":\"admin\"},\"url\":\"https:\/\/alladixital.org\/en\/author\/admin\/\"}]}<\/script>\n<!-- \/ Yoast SEO plugin. -->","yoast_head_json":{"title":"CULTURES. Revista Asturiana de Cultura - Academia de la Llingua Asturiana","robots":{"index":"index","follow":"follow","max-snippet":"max-snippet:-1","max-image-preview":"max-image-preview:large","max-video-preview":"max-video-preview:-1"},"canonical":"https:\/\/alladixital.org\/en\/cultures-revista-asturiana-de-cultura-2\/","og_locale":"en_US","og_type":"article","og_title":"CULTURES. Revista Asturiana de Cultura - Academia de la Llingua Asturiana","og_description":"Cultures. Revista Asturiana de Cultura. nu 19 (2015) Uvi\u00e9u, ALLA. Nuevu n\u00famberu de la Revista de Cultures de l&#8217;Academia de la Llingua. Nella \u00fafrense art\u00edculos d\u2019estrem\u00e1u calter de Roberto Gonz\u00e1lez-Quevedo &hellip; Continue reading \"CULTURES. Revista Asturiana de Cultura\"","og_url":"https:\/\/alladixital.org\/en\/cultures-revista-asturiana-de-cultura-2\/","og_site_name":"Academia de la Llingua Asturiana","article_publisher":"https:\/\/www.facebook.com\/AcademiadelaLlinguaAsturiana\/","article_published_time":"2015-12-13T09:58:17+00:00","og_image":[{"width":317,"height":448,"url":"https:\/\/alladixital.org\/wp-content\/uploads\/2016\/01\/Cultures-19.jpg","type":"image\/jpeg"}],"author":"admin","twitter_card":"summary_large_image","twitter_creator":"@ALLA_ast","twitter_site":"@ALLA_ast","schema":{"@context":"https:\/\/schema.org","@graph":[{"@type":"Article","@id":"https:\/\/alladixital.org\/en\/cultures-revista-asturiana-de-cultura-2\/#article","isPartOf":{"@id":"https:\/\/alladixital.org\/en\/cultures-revista-asturiana-de-cultura-2\/"},"author":{"name":"admin","@id":"https:\/\/alladixital.org\/#\/schema\/person\/656e0920ab4ffb58592f1439c950b1cc"},"headline":"CULTURES. Revista Asturiana de Cultura","datePublished":"2015-12-13T09:58:17+00:00","mainEntityOfPage":{"@id":"https:\/\/alladixital.org\/en\/cultures-revista-asturiana-de-cultura-2\/"},"wordCount":197,"publisher":{"@id":"https:\/\/alladixital.org\/#organization"},"image":{"@id":"https:\/\/alladixital.org\/en\/cultures-revista-asturiana-de-cultura-2\/#primaryimage"},"thumbnailUrl":"https:\/\/alladixital.org\/wp-content\/uploads\/2016\/01\/Cultures-19.jpg","keywords":["cultures","publicaciones"],"articleSection":["Publications"],"inLanguage":"en-US"},{"@type":"WebPage","@id":"https:\/\/alladixital.org\/en\/cultures-revista-asturiana-de-cultura-2\/","url":"https:\/\/alladixital.org\/en\/cultures-revista-asturiana-de-cultura-2\/","name":"CULTURES. Revista Asturiana de Cultura - Academia de la Llingua Asturiana","isPartOf":{"@id":"https:\/\/alladixital.org\/#website"},"primaryImageOfPage":{"@id":"https:\/\/alladixital.org\/en\/cultures-revista-asturiana-de-cultura-2\/#primaryimage"},"image":{"@id":"https:\/\/alladixital.org\/en\/cultures-revista-asturiana-de-cultura-2\/#primaryimage"},"thumbnailUrl":"https:\/\/alladixital.org\/wp-content\/uploads\/2016\/01\/Cultures-19.jpg","datePublished":"2015-12-13T09:58:17+00:00","breadcrumb":{"@id":"https:\/\/alladixital.org\/en\/cultures-revista-asturiana-de-cultura-2\/#breadcrumb"},"inLanguage":"en-US","potentialAction":[{"@type":"ReadAction","target":["https:\/\/alladixital.org\/en\/cultures-revista-asturiana-de-cultura-2\/"]}]},{"@type":"ImageObject","inLanguage":"en-US","@id":"https:\/\/alladixital.org\/en\/cultures-revista-asturiana-de-cultura-2\/#primaryimage","url":"https:\/\/alladixital.org\/wp-content\/uploads\/2016\/01\/Cultures-19.jpg","contentUrl":"https:\/\/alladixital.org\/wp-content\/uploads\/2016\/01\/Cultures-19.jpg","width":317,"height":448},{"@type":"BreadcrumbList","@id":"https:\/\/alladixital.org\/en\/cultures-revista-asturiana-de-cultura-2\/#breadcrumb","itemListElement":[{"@type":"ListItem","position":1,"name":"Portada","item":"https:\/\/alladixital.org\/"},{"@type":"ListItem","position":2,"name":"CULTURES. Revista Asturiana de Cultura"}]},{"@type":"WebSite","@id":"https:\/\/alladixital.org\/#website","url":"https:\/\/alladixital.org\/","name":"Academia de la Llingua Asturiana","description":"ALLA","publisher":{"@id":"https:\/\/alladixital.org\/#organization"},"potentialAction":[{"@type":"SearchAction","target":{"@type":"EntryPoint","urlTemplate":"https:\/\/alladixital.org\/?s={search_term_string}"},"query-input":{"@type":"PropertyValueSpecification","valueRequired":true,"valueName":"search_term_string"}}],"inLanguage":"en-US"},{"@type":"Organization","@id":"https:\/\/alladixital.org\/#organization","name":"Academia de la Llingua Asturiana","url":"https:\/\/alladixital.org\/","logo":{"@type":"ImageObject","inLanguage":"en-US","@id":"https:\/\/alladixital.org\/#\/schema\/logo\/image\/","url":"https:\/\/alladixital.org\/wp-content\/uploads\/2022\/08\/logo_LLINGUA_280_V3.jpg","contentUrl":"https:\/\/alladixital.org\/wp-content\/uploads\/2022\/08\/logo_LLINGUA_280_V3.jpg","width":1064,"height":1096,"caption":"Academia de la Llingua Asturiana"},"image":{"@id":"https:\/\/alladixital.org\/#\/schema\/logo\/image\/"},"sameAs":["https:\/\/www.facebook.com\/AcademiadelaLlinguaAsturiana\/","https:\/\/x.com\/ALLA_ast"]},{"@type":"Person","@id":"https:\/\/alladixital.org\/#\/schema\/person\/656e0920ab4ffb58592f1439c950b1cc","name":"admin","image":{"@type":"ImageObject","inLanguage":"en-US","@id":"https:\/\/alladixital.org\/#\/schema\/person\/image\/","url":"https:\/\/secure.gravatar.com\/avatar\/c7cafab1c40b86a41f7dc1a5f47b543eabcdd3630903338f35932f4e47d657cb?s=96&d=mm&r=g","contentUrl":"https:\/\/secure.gravatar.com\/avatar\/c7cafab1c40b86a41f7dc1a5f47b543eabcdd3630903338f35932f4e47d657cb?s=96&d=mm&r=g","caption":"admin"},"url":"https:\/\/alladixital.org\/en\/author\/admin\/"}]}},"brizy_media":[],"_links":{"self":[{"href":"https:\/\/alladixital.org\/en\/wp-json\/wp\/v2\/posts\/4760","targetHints":{"allow":["GET"]}}],"collection":[{"href":"https:\/\/alladixital.org\/en\/wp-json\/wp\/v2\/posts"}],"about":[{"href":"https:\/\/alladixital.org\/en\/wp-json\/wp\/v2\/types\/post"}],"author":[{"embeddable":true,"href":"https:\/\/alladixital.org\/en\/wp-json\/wp\/v2\/users\/1"}],"replies":[{"embeddable":true,"href":"https:\/\/alladixital.org\/en\/wp-json\/wp\/v2\/comments?post=4760"}],"version-history":[{"count":0,"href":"https:\/\/alladixital.org\/en\/wp-json\/wp\/v2\/posts\/4760\/revisions"}],"wp:featuredmedia":[{"embeddable":true,"href":"https:\/\/alladixital.org\/en\/wp-json\/wp\/v2\/media\/3211"}],"wp:attachment":[{"href":"https:\/\/alladixital.org\/en\/wp-json\/wp\/v2\/media?parent=4760"}],"wp:term":[{"taxonomy":"category","embeddable":true,"href":"https:\/\/alladixital.org\/en\/wp-json\/wp\/v2\/categories?post=4760"},{"taxonomy":"post_tag","embeddable":true,"href":"https:\/\/alladixital.org\/en\/wp-json\/wp\/v2\/tags?post=4760"}],"curies":[{"name":"wp","href":"https:\/\/api.w.org\/{rel}","templated":true}]}}