{"id":4763,"date":"2015-11-30T18:28:17","date_gmt":"2015-11-30T17:28:17","guid":{"rendered":"https:\/\/alladixital.org\/allugamientu-de-lacademia-de-la-llingua-asturiana-ente-la-propuesta-presupuestaria-del-gobiernu-dasturies-en-rellacion-cola-llingua-asturiana-o-la-imposibilida-de-facer-politica-lli\/"},"modified":"2015-11-30T18:28:17","modified_gmt":"2015-11-30T17:28:17","slug":"allugamientu-de-lacademia-de-la-llingua-asturiana-ente-la-propuesta-presupuestaria-del-gobiernu-dasturies-en-rellacion-cola-llingua-asturiana-o-la-imposibilida-de-facer-politica-lli","status":"publish","type":"post","link":"https:\/\/alladixital.org\/en\/allugamientu-de-lacademia-de-la-llingua-asturiana-ente-la-propuesta-presupuestaria-del-gobiernu-dasturies-en-rellacion-cola-llingua-asturiana-o-la-imposibilida-de-facer-politica-lli\/","title":{"rendered":"Allugamientu de l\u2019Academia de la Llingua Asturiana \u00e9nte la propuesta presupuestaria del Gobiernu d\u2019Asturies en rellaci\u00f3n cola llingua asturiana, o la imposibilid\u00e1 de facer pol\u00edtica lling\u00fc\u00edstica ensin presupuestu econ\u00f3micu que la sofite"},"content":{"rendered":"<p>L\u2019Academia de la Llingua Asturiana, llueu de conocer pelos medios de comunicaci\u00f3n la propuesta presupuestaria destinada al asturianu que\u2019l Gobiernu d\u2019Asturies acaba d\u2019unviar a la Xunta Xeneral del Princip\u00e1u, quier treslladar a la opini\u00f3n p\u00fablica la so m\u00e1s fonda deceici\u00f3n pol conten\u00edu de la mesma.<\/p>\n<p>N\u2019efeutu, les espeutatives yeren otres darr\u00e9u del pautu d\u2019investidura algam\u00e1u ente la FSA-PSOE ya IX, tami\u00e9n tres la proposici\u00f3n non de llei aprobada (a mediaos d\u2019ochobre pas\u00e1u) mayoritariamente nel parllamentu asturianu colos votos favoratibles d\u2019IX, PSOE, Foro y Podemos, asina como dempu\u00e9s del alcuerdu presupuestariu pal exerciciu viniente ente\u2019l Gobiernu d\u2019Asturies y el grupu parllamentariu d\u2019IX.<\/p>\n<p>Plantegar que se pue facer pol\u00edtica lling\u00fc\u00edstica con un presupuestu de 1.500.000 d\u2019euros (esto ye, 1,5 euros por asturianu) ye daqu\u00e9 ofensible pa toles persones con una m\u00ednima sensibilid\u00e1 lling\u00fc\u00edstica y cultural asturiana. Da que pensar, nesti sen, el fechu de qu\u2019otres comunidaes con llingua propia, ente elles les que menos dediquen a pol\u00edtica lling\u00fc\u00edstica, s\u2019estremen tanto de la propuesta asturiana. Asina -y al marxe de part\u00edes econ\u00f3miques concretes destinaes a educaci\u00f3n, vida parllamentaria, xesti\u00f3n de diputaciones y universidaes, etc.- Galicia y Valencia tripliquen por persona\u2019l presupuestu asturianu; Baleares cuadripl\u00edcalu; y Navarra, pa cuasi la mit\u00e1 de poblaci\u00f3n qu\u2019Asturies y con una proporci\u00f3n d\u2019usuarios de la llingua aut\u00f3ctona que nun sobrepasa\u2019l 10% de la poblaci\u00f3n, dedica a pol\u00edtica lling\u00fc\u00edstica 4.000.000 d\u2019euros. Too ello por nun falar del presupuestu destin\u00e1u a la proteici\u00f3n del aran\u00e9s que, cenciellamente, multiplica por 10 euros el presupuestu por persona n\u2019Asturies.<\/p>\n<p>Na nuesa comunid\u00e1, llueu de lo anterior, faise dafechu imposible falar de recuperaci\u00f3n lling\u00fc\u00edstica -y mesmamente de pol\u00edtica lling\u00fc\u00edstica favoratible- cuando se cunta con unos recursos tan escandalosamente insuficientes. Ye verd\u00e1 qu\u2019hai mid\u00edes que dependen esclusivamente de la volunt\u00e1 pol\u00edtica de los xestores institucionales y que puen facese a coste cero (por exemplu, les rotulaciones de nueves instancies y servicios p\u00fablicos cuesten tanto n\u2019asturianu como en castellanu, espublizar un anunciu institucional nos medios de comunicaci\u00f3n cuesta lo mesmo n\u2019asturianu qu\u2019en castellanu, etc.), pero ye verd\u00e1 qu\u2019hai otres munches mid\u00edes que nun se puen llevar alantre, nin n\u2019Asturies nin en deng\u00fan otru sitiu, si nun van acompa\u00f1aes del encontu econ\u00f3micu que les faiga creyibles.<\/p>\n<p>Esta ye la llaceriosa situaci\u00f3n cola que nos atopamos agora na tramitaci\u00f3n parllamentaria de los presupuestos. \u00bfQu\u00e9 facer, ent\u00f3s? Pues, en primer llugar, llamar l\u2019atenci\u00f3n sobre estos fechos pa de neng\u00fan mou se puea repitir situaci\u00f3n asemeyada n\u2019a\u00f1os venideros y, sobre too, actuar agora mesmo, nel intre, faciendo ver a los part\u00edos pol\u00edticos que llevaron nos sos programes mid\u00edes concretes de pol\u00edtica lling\u00fc\u00edstica la necesid\u00e1 de plantegar enmiendes parciales a los presupuestos del 2015 que meyoren les part\u00edes econ\u00f3miques destinaes a la llingua y cultura d\u2019Asturies.<\/p>\n<p>Ye obligaci\u00f3n de l\u2019Academia de la Llingua Asturiana denunciar una situaci\u00f3n oxetivamente inxusta y fondamente discriminatoria, una vegada m\u00e1s, pa la llingua asturiana y pidir a los part\u00edos pol\u00edticos con representaci\u00f3n na Xunta Xeneral del Princip\u00e1u d\u2019Asturies qu\u2019ig\u00fcen una situaci\u00f3n que nos avergo\u00f1a como asturianos.<\/p>\n<p>Uvi\u00e9u, a 30 d\u00edes andaos del mes de payares de 2015.<\/p>\n<p><strong>ACADEMIA DE LA LLINGUA ASTURIANA<br \/>\n<\/strong><br \/>\n<script><\/script><\/p>\n","protected":false},"excerpt":{"rendered":"<p>L\u2019Academia de la Llingua Asturiana, llueu de conocer pelos medios de comunicaci\u00f3n la propuesta presupuestaria destinada al asturianu que\u2019l Gobiernu d\u2019Asturies acaba d\u2019unviar a la Xunta Xeneral del Princip\u00e1u, quier &hellip; <\/p>\n<p class=\"link-more\"><a href=\"https:\/\/alladixital.org\/en\/allugamientu-de-lacademia-de-la-llingua-asturiana-ente-la-propuesta-presupuestaria-del-gobiernu-dasturies-en-rellacion-cola-llingua-asturiana-o-la-imposibilida-de-facer-politica-lli\/\" class=\"more-link\">Continue reading<span class=\"screen-reader-text\"> &#8220;Allugamientu de l\u2019Academia de la Llingua Asturiana \u00e9nte la propuesta presupuestaria del Gobiernu d\u2019Asturies en rellaci\u00f3n cola llingua asturiana, o la imposibilid\u00e1 de facer pol\u00edtica lling\u00fc\u00edstica ensin presupuestu econ\u00f3micu que la sofite&#8221;<\/span><\/a><\/p>\n","protected":false},"author":1,"featured_media":3021,"comment_status":"closed","ping_status":"open","sticky":false,"template":"","format":"standard","meta":{"_acf_changed":false,"footnotes":""},"categories":[133],"tags":[235,244,290,291],"class_list":["post-4763","post","type-post","status-publish","format-standard","has-post-thumbnail","hentry","category-news","tag-asturianu-en","tag-comunicacion-en","tag-conseyeria-en","tag-presupuestos-en"],"acf":[],"yoast_head":"<!-- This site is optimized with the Yoast SEO plugin v26.7 - https:\/\/yoast.com\/wordpress\/plugins\/seo\/ -->\n<title>Allugamientu de l\u2019Academia de la Llingua Asturiana \u00e9nte la propuesta presupuestaria del Gobiernu d\u2019Asturies en rellaci\u00f3n cola llingua asturiana, o la imposibilid\u00e1 de facer pol\u00edtica lling\u00fc\u00edstica ensin presupuestu econ\u00f3micu que la sofite - Academia de la Llingua Asturiana<\/title>\n<meta name=\"robots\" content=\"index, follow, max-snippet:-1, max-image-preview:large, max-video-preview:-1\" \/>\n<link rel=\"canonical\" href=\"https:\/\/alladixital.org\/en\/allugamientu-de-lacademia-de-la-llingua-asturiana-ente-la-propuesta-presupuestaria-del-gobiernu-dasturies-en-rellacion-cola-llingua-asturiana-o-la-imposibilida-de-facer-politica-lli\/\" \/>\n<meta property=\"og:locale\" content=\"en_US\" \/>\n<meta property=\"og:type\" content=\"article\" \/>\n<meta property=\"og:title\" content=\"Allugamientu de l\u2019Academia de la Llingua Asturiana \u00e9nte la propuesta presupuestaria del Gobiernu d\u2019Asturies en rellaci\u00f3n cola llingua asturiana, o la imposibilid\u00e1 de facer pol\u00edtica lling\u00fc\u00edstica ensin presupuestu econ\u00f3micu que la sofite - Academia de la Llingua Asturiana\" \/>\n<meta property=\"og:description\" content=\"L\u2019Academia de la Llingua Asturiana, llueu de conocer pelos medios de comunicaci\u00f3n la propuesta presupuestaria destinada al asturianu que\u2019l Gobiernu d\u2019Asturies acaba d\u2019unviar a la Xunta Xeneral del Princip\u00e1u, quier &hellip; Continue reading &quot;Allugamientu de l\u2019Academia de la Llingua Asturiana \u00e9nte la propuesta presupuestaria del Gobiernu d\u2019Asturies en rellaci\u00f3n cola llingua asturiana, o la imposibilid\u00e1 de facer pol\u00edtica lling\u00fc\u00edstica ensin presupuestu econ\u00f3micu que la sofite&quot;\" \/>\n<meta property=\"og:url\" content=\"https:\/\/alladixital.org\/en\/allugamientu-de-lacademia-de-la-llingua-asturiana-ente-la-propuesta-presupuestaria-del-gobiernu-dasturies-en-rellacion-cola-llingua-asturiana-o-la-imposibilida-de-facer-politica-lli\/\" \/>\n<meta property=\"og:site_name\" content=\"Academia de la Llingua Asturiana\" \/>\n<meta property=\"article:publisher\" content=\"https:\/\/www.facebook.com\/AcademiadelaLlinguaAsturiana\/\" \/>\n<meta property=\"article:published_time\" content=\"2015-11-30T17:28:17+00:00\" \/>\n<meta property=\"og:image\" content=\"https:\/\/alladixital.org\/wp-content\/uploads\/2014\/05\/ALLA_2.jpg\" \/>\n\t<meta property=\"og:image:width\" content=\"385\" \/>\n\t<meta property=\"og:image:height\" content=\"256\" \/>\n\t<meta property=\"og:image:type\" content=\"image\/jpeg\" \/>\n<meta name=\"author\" content=\"admin\" \/>\n<meta name=\"twitter:card\" content=\"summary_large_image\" \/>\n<meta name=\"twitter:creator\" content=\"@ALLA_ast\" \/>\n<meta name=\"twitter:site\" content=\"@ALLA_ast\" \/>\n<script type=\"application\/ld+json\" class=\"yoast-schema-graph\">{\"@context\":\"https:\/\/schema.org\",\"@graph\":[{\"@type\":\"Article\",\"@id\":\"https:\/\/alladixital.org\/en\/allugamientu-de-lacademia-de-la-llingua-asturiana-ente-la-propuesta-presupuestaria-del-gobiernu-dasturies-en-rellacion-cola-llingua-asturiana-o-la-imposibilida-de-facer-politica-lli\/#article\",\"isPartOf\":{\"@id\":\"https:\/\/alladixital.org\/en\/allugamientu-de-lacademia-de-la-llingua-asturiana-ente-la-propuesta-presupuestaria-del-gobiernu-dasturies-en-rellacion-cola-llingua-asturiana-o-la-imposibilida-de-facer-politica-lli\/\"},\"author\":{\"name\":\"admin\",\"@id\":\"https:\/\/alladixital.org\/#\/schema\/person\/656e0920ab4ffb58592f1439c950b1cc\"},\"headline\":\"Allugamientu de l\u2019Academia de la Llingua Asturiana \u00e9nte la propuesta presupuestaria del Gobiernu d\u2019Asturies en rellaci\u00f3n cola llingua asturiana, o la imposibilid\u00e1 de facer pol\u00edtica lling\u00fc\u00edstica ensin presupuestu econ\u00f3micu que la sofite\",\"datePublished\":\"2015-11-30T17:28:17+00:00\",\"mainEntityOfPage\":{\"@id\":\"https:\/\/alladixital.org\/en\/allugamientu-de-lacademia-de-la-llingua-asturiana-ente-la-propuesta-presupuestaria-del-gobiernu-dasturies-en-rellacion-cola-llingua-asturiana-o-la-imposibilida-de-facer-politica-lli\/\"},\"wordCount\":640,\"publisher\":{\"@id\":\"https:\/\/alladixital.org\/#organization\"},\"image\":{\"@id\":\"https:\/\/alladixital.org\/en\/allugamientu-de-lacademia-de-la-llingua-asturiana-ente-la-propuesta-presupuestaria-del-gobiernu-dasturies-en-rellacion-cola-llingua-asturiana-o-la-imposibilida-de-facer-politica-lli\/#primaryimage\"},\"thumbnailUrl\":\"https:\/\/alladixital.org\/wp-content\/uploads\/2014\/05\/ALLA_2.jpg\",\"keywords\":[\"asturianu\",\"comunicaci\u00f3n\",\"conseyer\u00eda\",\"presupuestos\"],\"articleSection\":[\"News\"],\"inLanguage\":\"en-US\"},{\"@type\":\"WebPage\",\"@id\":\"https:\/\/alladixital.org\/en\/allugamientu-de-lacademia-de-la-llingua-asturiana-ente-la-propuesta-presupuestaria-del-gobiernu-dasturies-en-rellacion-cola-llingua-asturiana-o-la-imposibilida-de-facer-politica-lli\/\",\"url\":\"https:\/\/alladixital.org\/en\/allugamientu-de-lacademia-de-la-llingua-asturiana-ente-la-propuesta-presupuestaria-del-gobiernu-dasturies-en-rellacion-cola-llingua-asturiana-o-la-imposibilida-de-facer-politica-lli\/\",\"name\":\"Allugamientu de l\u2019Academia de la Llingua Asturiana \u00e9nte la propuesta presupuestaria del Gobiernu d\u2019Asturies en rellaci\u00f3n cola llingua asturiana, o la imposibilid\u00e1 de facer pol\u00edtica lling\u00fc\u00edstica ensin presupuestu econ\u00f3micu que la sofite - Academia de la Llingua Asturiana\",\"isPartOf\":{\"@id\":\"https:\/\/alladixital.org\/#website\"},\"primaryImageOfPage\":{\"@id\":\"https:\/\/alladixital.org\/en\/allugamientu-de-lacademia-de-la-llingua-asturiana-ente-la-propuesta-presupuestaria-del-gobiernu-dasturies-en-rellacion-cola-llingua-asturiana-o-la-imposibilida-de-facer-politica-lli\/#primaryimage\"},\"image\":{\"@id\":\"https:\/\/alladixital.org\/en\/allugamientu-de-lacademia-de-la-llingua-asturiana-ente-la-propuesta-presupuestaria-del-gobiernu-dasturies-en-rellacion-cola-llingua-asturiana-o-la-imposibilida-de-facer-politica-lli\/#primaryimage\"},\"thumbnailUrl\":\"https:\/\/alladixital.org\/wp-content\/uploads\/2014\/05\/ALLA_2.jpg\",\"datePublished\":\"2015-11-30T17:28:17+00:00\",\"breadcrumb\":{\"@id\":\"https:\/\/alladixital.org\/en\/allugamientu-de-lacademia-de-la-llingua-asturiana-ente-la-propuesta-presupuestaria-del-gobiernu-dasturies-en-rellacion-cola-llingua-asturiana-o-la-imposibilida-de-facer-politica-lli\/#breadcrumb\"},\"inLanguage\":\"en-US\",\"potentialAction\":[{\"@type\":\"ReadAction\",\"target\":[\"https:\/\/alladixital.org\/en\/allugamientu-de-lacademia-de-la-llingua-asturiana-ente-la-propuesta-presupuestaria-del-gobiernu-dasturies-en-rellacion-cola-llingua-asturiana-o-la-imposibilida-de-facer-politica-lli\/\"]}]},{\"@type\":\"ImageObject\",\"inLanguage\":\"en-US\",\"@id\":\"https:\/\/alladixital.org\/en\/allugamientu-de-lacademia-de-la-llingua-asturiana-ente-la-propuesta-presupuestaria-del-gobiernu-dasturies-en-rellacion-cola-llingua-asturiana-o-la-imposibilida-de-facer-politica-lli\/#primaryimage\",\"url\":\"https:\/\/alladixital.org\/wp-content\/uploads\/2014\/05\/ALLA_2.jpg\",\"contentUrl\":\"https:\/\/alladixital.org\/wp-content\/uploads\/2014\/05\/ALLA_2.jpg\",\"width\":385,\"height\":256},{\"@type\":\"BreadcrumbList\",\"@id\":\"https:\/\/alladixital.org\/en\/allugamientu-de-lacademia-de-la-llingua-asturiana-ente-la-propuesta-presupuestaria-del-gobiernu-dasturies-en-rellacion-cola-llingua-asturiana-o-la-imposibilida-de-facer-politica-lli\/#breadcrumb\",\"itemListElement\":[{\"@type\":\"ListItem\",\"position\":1,\"name\":\"Portada\",\"item\":\"https:\/\/alladixital.org\/\"},{\"@type\":\"ListItem\",\"position\":2,\"name\":\"Allugamientu de l\u2019Academia de la Llingua Asturiana \u00e9nte la propuesta presupuestaria del Gobiernu d\u2019Asturies en rellaci\u00f3n cola llingua asturiana, o la imposibilid\u00e1 de facer pol\u00edtica lling\u00fc\u00edstica ensin presupuestu econ\u00f3micu que la sofite\"}]},{\"@type\":\"WebSite\",\"@id\":\"https:\/\/alladixital.org\/#website\",\"url\":\"https:\/\/alladixital.org\/\",\"name\":\"Academia de la Llingua Asturiana\",\"description\":\"ALLA\",\"publisher\":{\"@id\":\"https:\/\/alladixital.org\/#organization\"},\"potentialAction\":[{\"@type\":\"SearchAction\",\"target\":{\"@type\":\"EntryPoint\",\"urlTemplate\":\"https:\/\/alladixital.org\/?s={search_term_string}\"},\"query-input\":{\"@type\":\"PropertyValueSpecification\",\"valueRequired\":true,\"valueName\":\"search_term_string\"}}],\"inLanguage\":\"en-US\"},{\"@type\":\"Organization\",\"@id\":\"https:\/\/alladixital.org\/#organization\",\"name\":\"Academia de la Llingua Asturiana\",\"url\":\"https:\/\/alladixital.org\/\",\"logo\":{\"@type\":\"ImageObject\",\"inLanguage\":\"en-US\",\"@id\":\"https:\/\/alladixital.org\/#\/schema\/logo\/image\/\",\"url\":\"https:\/\/alladixital.org\/wp-content\/uploads\/2022\/08\/logo_LLINGUA_280_V3.jpg\",\"contentUrl\":\"https:\/\/alladixital.org\/wp-content\/uploads\/2022\/08\/logo_LLINGUA_280_V3.jpg\",\"width\":1064,\"height\":1096,\"caption\":\"Academia de la Llingua Asturiana\"},\"image\":{\"@id\":\"https:\/\/alladixital.org\/#\/schema\/logo\/image\/\"},\"sameAs\":[\"https:\/\/www.facebook.com\/AcademiadelaLlinguaAsturiana\/\",\"https:\/\/x.com\/ALLA_ast\"]},{\"@type\":\"Person\",\"@id\":\"https:\/\/alladixital.org\/#\/schema\/person\/656e0920ab4ffb58592f1439c950b1cc\",\"name\":\"admin\",\"image\":{\"@type\":\"ImageObject\",\"inLanguage\":\"en-US\",\"@id\":\"https:\/\/alladixital.org\/#\/schema\/person\/image\/\",\"url\":\"https:\/\/secure.gravatar.com\/avatar\/c7cafab1c40b86a41f7dc1a5f47b543eabcdd3630903338f35932f4e47d657cb?s=96&d=mm&r=g\",\"contentUrl\":\"https:\/\/secure.gravatar.com\/avatar\/c7cafab1c40b86a41f7dc1a5f47b543eabcdd3630903338f35932f4e47d657cb?s=96&d=mm&r=g\",\"caption\":\"admin\"},\"url\":\"https:\/\/alladixital.org\/en\/author\/admin\/\"}]}<\/script>\n<!-- \/ Yoast SEO plugin. -->","yoast_head_json":{"title":"Allugamientu de l\u2019Academia de la Llingua Asturiana \u00e9nte la propuesta presupuestaria del Gobiernu d\u2019Asturies en rellaci\u00f3n cola llingua asturiana, o la imposibilid\u00e1 de facer pol\u00edtica lling\u00fc\u00edstica ensin presupuestu econ\u00f3micu que la sofite - Academia de la Llingua Asturiana","robots":{"index":"index","follow":"follow","max-snippet":"max-snippet:-1","max-image-preview":"max-image-preview:large","max-video-preview":"max-video-preview:-1"},"canonical":"https:\/\/alladixital.org\/en\/allugamientu-de-lacademia-de-la-llingua-asturiana-ente-la-propuesta-presupuestaria-del-gobiernu-dasturies-en-rellacion-cola-llingua-asturiana-o-la-imposibilida-de-facer-politica-lli\/","og_locale":"en_US","og_type":"article","og_title":"Allugamientu de l\u2019Academia de la Llingua Asturiana \u00e9nte la propuesta presupuestaria del Gobiernu d\u2019Asturies en rellaci\u00f3n cola llingua asturiana, o la imposibilid\u00e1 de facer pol\u00edtica lling\u00fc\u00edstica ensin presupuestu econ\u00f3micu que la sofite - Academia de la Llingua Asturiana","og_description":"L\u2019Academia de la Llingua Asturiana, llueu de conocer pelos medios de comunicaci\u00f3n la propuesta presupuestaria destinada al asturianu que\u2019l Gobiernu d\u2019Asturies acaba d\u2019unviar a la Xunta Xeneral del Princip\u00e1u, quier &hellip; Continue reading \"Allugamientu de l\u2019Academia de la Llingua Asturiana \u00e9nte la propuesta presupuestaria del Gobiernu d\u2019Asturies en rellaci\u00f3n cola llingua asturiana, o la imposibilid\u00e1 de facer pol\u00edtica lling\u00fc\u00edstica ensin presupuestu econ\u00f3micu que la sofite\"","og_url":"https:\/\/alladixital.org\/en\/allugamientu-de-lacademia-de-la-llingua-asturiana-ente-la-propuesta-presupuestaria-del-gobiernu-dasturies-en-rellacion-cola-llingua-asturiana-o-la-imposibilida-de-facer-politica-lli\/","og_site_name":"Academia de la Llingua Asturiana","article_publisher":"https:\/\/www.facebook.com\/AcademiadelaLlinguaAsturiana\/","article_published_time":"2015-11-30T17:28:17+00:00","og_image":[{"width":385,"height":256,"url":"https:\/\/alladixital.org\/wp-content\/uploads\/2014\/05\/ALLA_2.jpg","type":"image\/jpeg"}],"author":"admin","twitter_card":"summary_large_image","twitter_creator":"@ALLA_ast","twitter_site":"@ALLA_ast","schema":{"@context":"https:\/\/schema.org","@graph":[{"@type":"Article","@id":"https:\/\/alladixital.org\/en\/allugamientu-de-lacademia-de-la-llingua-asturiana-ente-la-propuesta-presupuestaria-del-gobiernu-dasturies-en-rellacion-cola-llingua-asturiana-o-la-imposibilida-de-facer-politica-lli\/#article","isPartOf":{"@id":"https:\/\/alladixital.org\/en\/allugamientu-de-lacademia-de-la-llingua-asturiana-ente-la-propuesta-presupuestaria-del-gobiernu-dasturies-en-rellacion-cola-llingua-asturiana-o-la-imposibilida-de-facer-politica-lli\/"},"author":{"name":"admin","@id":"https:\/\/alladixital.org\/#\/schema\/person\/656e0920ab4ffb58592f1439c950b1cc"},"headline":"Allugamientu de l\u2019Academia de la Llingua Asturiana \u00e9nte la propuesta presupuestaria del Gobiernu d\u2019Asturies en rellaci\u00f3n cola llingua asturiana, o la imposibilid\u00e1 de facer pol\u00edtica lling\u00fc\u00edstica ensin presupuestu econ\u00f3micu que la sofite","datePublished":"2015-11-30T17:28:17+00:00","mainEntityOfPage":{"@id":"https:\/\/alladixital.org\/en\/allugamientu-de-lacademia-de-la-llingua-asturiana-ente-la-propuesta-presupuestaria-del-gobiernu-dasturies-en-rellacion-cola-llingua-asturiana-o-la-imposibilida-de-facer-politica-lli\/"},"wordCount":640,"publisher":{"@id":"https:\/\/alladixital.org\/#organization"},"image":{"@id":"https:\/\/alladixital.org\/en\/allugamientu-de-lacademia-de-la-llingua-asturiana-ente-la-propuesta-presupuestaria-del-gobiernu-dasturies-en-rellacion-cola-llingua-asturiana-o-la-imposibilida-de-facer-politica-lli\/#primaryimage"},"thumbnailUrl":"https:\/\/alladixital.org\/wp-content\/uploads\/2014\/05\/ALLA_2.jpg","keywords":["asturianu","comunicaci\u00f3n","conseyer\u00eda","presupuestos"],"articleSection":["News"],"inLanguage":"en-US"},{"@type":"WebPage","@id":"https:\/\/alladixital.org\/en\/allugamientu-de-lacademia-de-la-llingua-asturiana-ente-la-propuesta-presupuestaria-del-gobiernu-dasturies-en-rellacion-cola-llingua-asturiana-o-la-imposibilida-de-facer-politica-lli\/","url":"https:\/\/alladixital.org\/en\/allugamientu-de-lacademia-de-la-llingua-asturiana-ente-la-propuesta-presupuestaria-del-gobiernu-dasturies-en-rellacion-cola-llingua-asturiana-o-la-imposibilida-de-facer-politica-lli\/","name":"Allugamientu de l\u2019Academia de la Llingua Asturiana \u00e9nte la propuesta presupuestaria del Gobiernu d\u2019Asturies en rellaci\u00f3n cola llingua asturiana, o la imposibilid\u00e1 de facer pol\u00edtica lling\u00fc\u00edstica ensin presupuestu econ\u00f3micu que la sofite - Academia de la Llingua Asturiana","isPartOf":{"@id":"https:\/\/alladixital.org\/#website"},"primaryImageOfPage":{"@id":"https:\/\/alladixital.org\/en\/allugamientu-de-lacademia-de-la-llingua-asturiana-ente-la-propuesta-presupuestaria-del-gobiernu-dasturies-en-rellacion-cola-llingua-asturiana-o-la-imposibilida-de-facer-politica-lli\/#primaryimage"},"image":{"@id":"https:\/\/alladixital.org\/en\/allugamientu-de-lacademia-de-la-llingua-asturiana-ente-la-propuesta-presupuestaria-del-gobiernu-dasturies-en-rellacion-cola-llingua-asturiana-o-la-imposibilida-de-facer-politica-lli\/#primaryimage"},"thumbnailUrl":"https:\/\/alladixital.org\/wp-content\/uploads\/2014\/05\/ALLA_2.jpg","datePublished":"2015-11-30T17:28:17+00:00","breadcrumb":{"@id":"https:\/\/alladixital.org\/en\/allugamientu-de-lacademia-de-la-llingua-asturiana-ente-la-propuesta-presupuestaria-del-gobiernu-dasturies-en-rellacion-cola-llingua-asturiana-o-la-imposibilida-de-facer-politica-lli\/#breadcrumb"},"inLanguage":"en-US","potentialAction":[{"@type":"ReadAction","target":["https:\/\/alladixital.org\/en\/allugamientu-de-lacademia-de-la-llingua-asturiana-ente-la-propuesta-presupuestaria-del-gobiernu-dasturies-en-rellacion-cola-llingua-asturiana-o-la-imposibilida-de-facer-politica-lli\/"]}]},{"@type":"ImageObject","inLanguage":"en-US","@id":"https:\/\/alladixital.org\/en\/allugamientu-de-lacademia-de-la-llingua-asturiana-ente-la-propuesta-presupuestaria-del-gobiernu-dasturies-en-rellacion-cola-llingua-asturiana-o-la-imposibilida-de-facer-politica-lli\/#primaryimage","url":"https:\/\/alladixital.org\/wp-content\/uploads\/2014\/05\/ALLA_2.jpg","contentUrl":"https:\/\/alladixital.org\/wp-content\/uploads\/2014\/05\/ALLA_2.jpg","width":385,"height":256},{"@type":"BreadcrumbList","@id":"https:\/\/alladixital.org\/en\/allugamientu-de-lacademia-de-la-llingua-asturiana-ente-la-propuesta-presupuestaria-del-gobiernu-dasturies-en-rellacion-cola-llingua-asturiana-o-la-imposibilida-de-facer-politica-lli\/#breadcrumb","itemListElement":[{"@type":"ListItem","position":1,"name":"Portada","item":"https:\/\/alladixital.org\/"},{"@type":"ListItem","position":2,"name":"Allugamientu de l\u2019Academia de la Llingua Asturiana \u00e9nte la propuesta presupuestaria del Gobiernu d\u2019Asturies en rellaci\u00f3n cola llingua asturiana, o la imposibilid\u00e1 de facer pol\u00edtica lling\u00fc\u00edstica ensin presupuestu econ\u00f3micu que la sofite"}]},{"@type":"WebSite","@id":"https:\/\/alladixital.org\/#website","url":"https:\/\/alladixital.org\/","name":"Academia de la Llingua Asturiana","description":"ALLA","publisher":{"@id":"https:\/\/alladixital.org\/#organization"},"potentialAction":[{"@type":"SearchAction","target":{"@type":"EntryPoint","urlTemplate":"https:\/\/alladixital.org\/?s={search_term_string}"},"query-input":{"@type":"PropertyValueSpecification","valueRequired":true,"valueName":"search_term_string"}}],"inLanguage":"en-US"},{"@type":"Organization","@id":"https:\/\/alladixital.org\/#organization","name":"Academia de la Llingua Asturiana","url":"https:\/\/alladixital.org\/","logo":{"@type":"ImageObject","inLanguage":"en-US","@id":"https:\/\/alladixital.org\/#\/schema\/logo\/image\/","url":"https:\/\/alladixital.org\/wp-content\/uploads\/2022\/08\/logo_LLINGUA_280_V3.jpg","contentUrl":"https:\/\/alladixital.org\/wp-content\/uploads\/2022\/08\/logo_LLINGUA_280_V3.jpg","width":1064,"height":1096,"caption":"Academia de la Llingua Asturiana"},"image":{"@id":"https:\/\/alladixital.org\/#\/schema\/logo\/image\/"},"sameAs":["https:\/\/www.facebook.com\/AcademiadelaLlinguaAsturiana\/","https:\/\/x.com\/ALLA_ast"]},{"@type":"Person","@id":"https:\/\/alladixital.org\/#\/schema\/person\/656e0920ab4ffb58592f1439c950b1cc","name":"admin","image":{"@type":"ImageObject","inLanguage":"en-US","@id":"https:\/\/alladixital.org\/#\/schema\/person\/image\/","url":"https:\/\/secure.gravatar.com\/avatar\/c7cafab1c40b86a41f7dc1a5f47b543eabcdd3630903338f35932f4e47d657cb?s=96&d=mm&r=g","contentUrl":"https:\/\/secure.gravatar.com\/avatar\/c7cafab1c40b86a41f7dc1a5f47b543eabcdd3630903338f35932f4e47d657cb?s=96&d=mm&r=g","caption":"admin"},"url":"https:\/\/alladixital.org\/en\/author\/admin\/"}]}},"brizy_media":[],"_links":{"self":[{"href":"https:\/\/alladixital.org\/en\/wp-json\/wp\/v2\/posts\/4763","targetHints":{"allow":["GET"]}}],"collection":[{"href":"https:\/\/alladixital.org\/en\/wp-json\/wp\/v2\/posts"}],"about":[{"href":"https:\/\/alladixital.org\/en\/wp-json\/wp\/v2\/types\/post"}],"author":[{"embeddable":true,"href":"https:\/\/alladixital.org\/en\/wp-json\/wp\/v2\/users\/1"}],"replies":[{"embeddable":true,"href":"https:\/\/alladixital.org\/en\/wp-json\/wp\/v2\/comments?post=4763"}],"version-history":[{"count":0,"href":"https:\/\/alladixital.org\/en\/wp-json\/wp\/v2\/posts\/4763\/revisions"}],"wp:featuredmedia":[{"embeddable":true,"href":"https:\/\/alladixital.org\/en\/wp-json\/wp\/v2\/media\/3021"}],"wp:attachment":[{"href":"https:\/\/alladixital.org\/en\/wp-json\/wp\/v2\/media?parent=4763"}],"wp:term":[{"taxonomy":"category","embeddable":true,"href":"https:\/\/alladixital.org\/en\/wp-json\/wp\/v2\/categories?post=4763"},{"taxonomy":"post_tag","embeddable":true,"href":"https:\/\/alladixital.org\/en\/wp-json\/wp\/v2\/tags?post=4763"}],"curies":[{"name":"wp","href":"https:\/\/api.w.org\/{rel}","templated":true}]}}