{"id":4782,"date":"2015-06-22T09:08:44","date_gmt":"2015-06-22T08:08:44","guid":{"rendered":"https:\/\/alladixital.org\/robla-conveniu-miranda-del-douro\/"},"modified":"2015-06-22T09:08:44","modified_gmt":"2015-06-22T08:08:44","slug":"robla-conveniu-miranda-del-douro","status":"publish","type":"post","link":"https:\/\/alladixital.org\/en\/robla-conveniu-miranda-del-douro\/","title":{"rendered":"Robla conveniu Miranda del Douro"},"content":{"rendered":"<p>El pas\u00e1u s\u00e1badu, 20 de xunu, tuvo llugar en Miranda del Douro (Portugal) la robla d\u2019un pautu de collaboraci\u00f3n ente l\u2019Academia de la Llingua Asturiana, la C\u00e1mara Municipal  de Miranda y l\u2019Associa\u00e7on de la Lh\u00e9ngua i Cultura Mirandesa.<\/p>\n<p>Darr\u00e9u de la xunta previa caltenida n\u2019Uvi\u00e9u\u2019l pas\u00e1u 29 d\u2019abril  ente les tres instituciones, una delegaci\u00f3n de l\u2019ALLA (formada pola presidenta, Ana M\u00aa Cano Gonz\u00e1lez, el vicepresidente, Xos\u00e9 Ant\u00f3n Gonz\u00e1lez Ria\u00f1o y l\u2019acad\u00e9micu Pablo Xuan Manzano Rodr\u00edguez) desplaz\u00f3se a Miranda del Douro pa la robla del conveniu xunto colos presidentes de la C\u00e1mara Municipal de Miranda, Artur Nunes, y de l\u2019Associa\u00e7ion de la Lh\u00e9ngua i Cultura Mirandesa, Carlos Ferreira.<\/p>\n<p>Esti conveniu pon les bases pal desendolcu de xeres conxuntes qu\u2019afiten l\u2019estudiu y espardimientu de la  llingua nel dominio \u00e1stur. Nun hai qu\u2019escaecer que\u2019l mir\u00e1nd\u00e9s (variante de la llingua com\u00fan falada n\u2019Asturies y Miranda) ye idioma oficial en Portugal dende 1999.<br \/>\n<script><\/script><\/p>\n","protected":false},"excerpt":{"rendered":"<p>El pas\u00e1u s\u00e1badu, 20 de xunu, tuvo llugar en Miranda del Douro (Portugal) la robla d\u2019un pautu de collaboraci\u00f3n ente l\u2019Academia de la Llingua Asturiana, la C\u00e1mara Municipal de Miranda &hellip; <\/p>\n<p class=\"link-more\"><a href=\"https:\/\/alladixital.org\/en\/robla-conveniu-miranda-del-douro\/\" class=\"more-link\">Continue reading<span class=\"screen-reader-text\"> &#8220;Robla conveniu Miranda del Douro&#8221;<\/span><\/a><\/p>\n","protected":false},"author":1,"featured_media":3199,"comment_status":"closed","ping_status":"open","sticky":false,"template":"","format":"standard","meta":{"_acf_changed":false,"footnotes":""},"categories":[133],"tags":[302,303,289],"class_list":["post-4782","post","type-post","status-publish","format-standard","has-post-thumbnail","hentry","category-news","tag-collaboracion-en","tag-miranda-del-douro-en","tag-pautu-en"],"acf":[],"yoast_head":"<!-- This site is optimized with the Yoast SEO plugin v26.7 - https:\/\/yoast.com\/wordpress\/plugins\/seo\/ -->\n<title>Robla conveniu Miranda del Douro - Academia de la Llingua Asturiana<\/title>\n<meta name=\"robots\" content=\"index, follow, max-snippet:-1, max-image-preview:large, max-video-preview:-1\" \/>\n<link rel=\"canonical\" href=\"https:\/\/alladixital.org\/en\/robla-conveniu-miranda-del-douro\/\" \/>\n<meta property=\"og:locale\" content=\"en_US\" \/>\n<meta property=\"og:type\" content=\"article\" \/>\n<meta property=\"og:title\" content=\"Robla conveniu Miranda del Douro - Academia de la Llingua Asturiana\" \/>\n<meta property=\"og:description\" content=\"El pas\u00e1u s\u00e1badu, 20 de xunu, tuvo llugar en Miranda del Douro (Portugal) la robla d\u2019un pautu de collaboraci\u00f3n ente l\u2019Academia de la Llingua Asturiana, la C\u00e1mara Municipal de Miranda &hellip; Continue reading &quot;Robla conveniu Miranda del Douro&quot;\" \/>\n<meta property=\"og:url\" content=\"https:\/\/alladixital.org\/en\/robla-conveniu-miranda-del-douro\/\" \/>\n<meta property=\"og:site_name\" content=\"Academia de la Llingua Asturiana\" \/>\n<meta property=\"article:publisher\" content=\"https:\/\/www.facebook.com\/AcademiadelaLlinguaAsturiana\/\" \/>\n<meta property=\"article:published_time\" content=\"2015-06-22T08:08:44+00:00\" \/>\n<meta property=\"og:image\" content=\"https:\/\/alladixital.org\/wp-content\/uploads\/2015\/06\/Robla-conveniu-Miranda-20-06-20151.jpg\" \/>\n\t<meta property=\"og:image:width\" content=\"720\" \/>\n\t<meta property=\"og:image:height\" content=\"616\" \/>\n\t<meta property=\"og:image:type\" content=\"image\/jpeg\" \/>\n<meta name=\"author\" content=\"admin\" \/>\n<meta name=\"twitter:card\" content=\"summary_large_image\" \/>\n<meta name=\"twitter:creator\" content=\"@ALLA_ast\" \/>\n<meta name=\"twitter:site\" content=\"@ALLA_ast\" \/>\n<script type=\"application\/ld+json\" class=\"yoast-schema-graph\">{\"@context\":\"https:\/\/schema.org\",\"@graph\":[{\"@type\":\"Article\",\"@id\":\"https:\/\/alladixital.org\/en\/robla-conveniu-miranda-del-douro\/#article\",\"isPartOf\":{\"@id\":\"https:\/\/alladixital.org\/en\/robla-conveniu-miranda-del-douro\/\"},\"author\":{\"name\":\"admin\",\"@id\":\"https:\/\/alladixital.org\/#\/schema\/person\/656e0920ab4ffb58592f1439c950b1cc\"},\"headline\":\"Robla conveniu Miranda del Douro\",\"datePublished\":\"2015-06-22T08:08:44+00:00\",\"mainEntityOfPage\":{\"@id\":\"https:\/\/alladixital.org\/en\/robla-conveniu-miranda-del-douro\/\"},\"wordCount\":187,\"publisher\":{\"@id\":\"https:\/\/alladixital.org\/#organization\"},\"image\":{\"@id\":\"https:\/\/alladixital.org\/en\/robla-conveniu-miranda-del-douro\/#primaryimage\"},\"thumbnailUrl\":\"https:\/\/alladixital.org\/wp-content\/uploads\/2015\/06\/Robla-conveniu-Miranda-20-06-20151.jpg\",\"keywords\":[\"collaboraci\u00f3n\",\"Miranda del Douro\",\"pautu\"],\"articleSection\":[\"News\"],\"inLanguage\":\"en-US\"},{\"@type\":\"WebPage\",\"@id\":\"https:\/\/alladixital.org\/en\/robla-conveniu-miranda-del-douro\/\",\"url\":\"https:\/\/alladixital.org\/en\/robla-conveniu-miranda-del-douro\/\",\"name\":\"Robla conveniu Miranda del Douro - Academia de la Llingua Asturiana\",\"isPartOf\":{\"@id\":\"https:\/\/alladixital.org\/#website\"},\"primaryImageOfPage\":{\"@id\":\"https:\/\/alladixital.org\/en\/robla-conveniu-miranda-del-douro\/#primaryimage\"},\"image\":{\"@id\":\"https:\/\/alladixital.org\/en\/robla-conveniu-miranda-del-douro\/#primaryimage\"},\"thumbnailUrl\":\"https:\/\/alladixital.org\/wp-content\/uploads\/2015\/06\/Robla-conveniu-Miranda-20-06-20151.jpg\",\"datePublished\":\"2015-06-22T08:08:44+00:00\",\"breadcrumb\":{\"@id\":\"https:\/\/alladixital.org\/en\/robla-conveniu-miranda-del-douro\/#breadcrumb\"},\"inLanguage\":\"en-US\",\"potentialAction\":[{\"@type\":\"ReadAction\",\"target\":[\"https:\/\/alladixital.org\/en\/robla-conveniu-miranda-del-douro\/\"]}]},{\"@type\":\"ImageObject\",\"inLanguage\":\"en-US\",\"@id\":\"https:\/\/alladixital.org\/en\/robla-conveniu-miranda-del-douro\/#primaryimage\",\"url\":\"https:\/\/alladixital.org\/wp-content\/uploads\/2015\/06\/Robla-conveniu-Miranda-20-06-20151.jpg\",\"contentUrl\":\"https:\/\/alladixital.org\/wp-content\/uploads\/2015\/06\/Robla-conveniu-Miranda-20-06-20151.jpg\",\"width\":720,\"height\":616},{\"@type\":\"BreadcrumbList\",\"@id\":\"https:\/\/alladixital.org\/en\/robla-conveniu-miranda-del-douro\/#breadcrumb\",\"itemListElement\":[{\"@type\":\"ListItem\",\"position\":1,\"name\":\"Portada\",\"item\":\"https:\/\/alladixital.org\/\"},{\"@type\":\"ListItem\",\"position\":2,\"name\":\"Robla conveniu Miranda del Douro\"}]},{\"@type\":\"WebSite\",\"@id\":\"https:\/\/alladixital.org\/#website\",\"url\":\"https:\/\/alladixital.org\/\",\"name\":\"Academia de la Llingua Asturiana\",\"description\":\"ALLA\",\"publisher\":{\"@id\":\"https:\/\/alladixital.org\/#organization\"},\"potentialAction\":[{\"@type\":\"SearchAction\",\"target\":{\"@type\":\"EntryPoint\",\"urlTemplate\":\"https:\/\/alladixital.org\/?s={search_term_string}\"},\"query-input\":{\"@type\":\"PropertyValueSpecification\",\"valueRequired\":true,\"valueName\":\"search_term_string\"}}],\"inLanguage\":\"en-US\"},{\"@type\":\"Organization\",\"@id\":\"https:\/\/alladixital.org\/#organization\",\"name\":\"Academia de la Llingua Asturiana\",\"url\":\"https:\/\/alladixital.org\/\",\"logo\":{\"@type\":\"ImageObject\",\"inLanguage\":\"en-US\",\"@id\":\"https:\/\/alladixital.org\/#\/schema\/logo\/image\/\",\"url\":\"https:\/\/alladixital.org\/wp-content\/uploads\/2022\/08\/logo_LLINGUA_280_V3.jpg\",\"contentUrl\":\"https:\/\/alladixital.org\/wp-content\/uploads\/2022\/08\/logo_LLINGUA_280_V3.jpg\",\"width\":1064,\"height\":1096,\"caption\":\"Academia de la Llingua Asturiana\"},\"image\":{\"@id\":\"https:\/\/alladixital.org\/#\/schema\/logo\/image\/\"},\"sameAs\":[\"https:\/\/www.facebook.com\/AcademiadelaLlinguaAsturiana\/\",\"https:\/\/x.com\/ALLA_ast\"]},{\"@type\":\"Person\",\"@id\":\"https:\/\/alladixital.org\/#\/schema\/person\/656e0920ab4ffb58592f1439c950b1cc\",\"name\":\"admin\",\"image\":{\"@type\":\"ImageObject\",\"inLanguage\":\"en-US\",\"@id\":\"https:\/\/alladixital.org\/#\/schema\/person\/image\/\",\"url\":\"https:\/\/secure.gravatar.com\/avatar\/c7cafab1c40b86a41f7dc1a5f47b543eabcdd3630903338f35932f4e47d657cb?s=96&d=mm&r=g\",\"contentUrl\":\"https:\/\/secure.gravatar.com\/avatar\/c7cafab1c40b86a41f7dc1a5f47b543eabcdd3630903338f35932f4e47d657cb?s=96&d=mm&r=g\",\"caption\":\"admin\"},\"url\":\"https:\/\/alladixital.org\/en\/author\/admin\/\"}]}<\/script>\n<!-- \/ Yoast SEO plugin. -->","yoast_head_json":{"title":"Robla conveniu Miranda del Douro - Academia de la Llingua Asturiana","robots":{"index":"index","follow":"follow","max-snippet":"max-snippet:-1","max-image-preview":"max-image-preview:large","max-video-preview":"max-video-preview:-1"},"canonical":"https:\/\/alladixital.org\/en\/robla-conveniu-miranda-del-douro\/","og_locale":"en_US","og_type":"article","og_title":"Robla conveniu Miranda del Douro - Academia de la Llingua Asturiana","og_description":"El pas\u00e1u s\u00e1badu, 20 de xunu, tuvo llugar en Miranda del Douro (Portugal) la robla d\u2019un pautu de collaboraci\u00f3n ente l\u2019Academia de la Llingua Asturiana, la C\u00e1mara Municipal de Miranda &hellip; Continue reading \"Robla conveniu Miranda del Douro\"","og_url":"https:\/\/alladixital.org\/en\/robla-conveniu-miranda-del-douro\/","og_site_name":"Academia de la Llingua Asturiana","article_publisher":"https:\/\/www.facebook.com\/AcademiadelaLlinguaAsturiana\/","article_published_time":"2015-06-22T08:08:44+00:00","og_image":[{"width":720,"height":616,"url":"https:\/\/alladixital.org\/wp-content\/uploads\/2015\/06\/Robla-conveniu-Miranda-20-06-20151.jpg","type":"image\/jpeg"}],"author":"admin","twitter_card":"summary_large_image","twitter_creator":"@ALLA_ast","twitter_site":"@ALLA_ast","schema":{"@context":"https:\/\/schema.org","@graph":[{"@type":"Article","@id":"https:\/\/alladixital.org\/en\/robla-conveniu-miranda-del-douro\/#article","isPartOf":{"@id":"https:\/\/alladixital.org\/en\/robla-conveniu-miranda-del-douro\/"},"author":{"name":"admin","@id":"https:\/\/alladixital.org\/#\/schema\/person\/656e0920ab4ffb58592f1439c950b1cc"},"headline":"Robla conveniu Miranda del Douro","datePublished":"2015-06-22T08:08:44+00:00","mainEntityOfPage":{"@id":"https:\/\/alladixital.org\/en\/robla-conveniu-miranda-del-douro\/"},"wordCount":187,"publisher":{"@id":"https:\/\/alladixital.org\/#organization"},"image":{"@id":"https:\/\/alladixital.org\/en\/robla-conveniu-miranda-del-douro\/#primaryimage"},"thumbnailUrl":"https:\/\/alladixital.org\/wp-content\/uploads\/2015\/06\/Robla-conveniu-Miranda-20-06-20151.jpg","keywords":["collaboraci\u00f3n","Miranda del Douro","pautu"],"articleSection":["News"],"inLanguage":"en-US"},{"@type":"WebPage","@id":"https:\/\/alladixital.org\/en\/robla-conveniu-miranda-del-douro\/","url":"https:\/\/alladixital.org\/en\/robla-conveniu-miranda-del-douro\/","name":"Robla conveniu Miranda del Douro - Academia de la Llingua Asturiana","isPartOf":{"@id":"https:\/\/alladixital.org\/#website"},"primaryImageOfPage":{"@id":"https:\/\/alladixital.org\/en\/robla-conveniu-miranda-del-douro\/#primaryimage"},"image":{"@id":"https:\/\/alladixital.org\/en\/robla-conveniu-miranda-del-douro\/#primaryimage"},"thumbnailUrl":"https:\/\/alladixital.org\/wp-content\/uploads\/2015\/06\/Robla-conveniu-Miranda-20-06-20151.jpg","datePublished":"2015-06-22T08:08:44+00:00","breadcrumb":{"@id":"https:\/\/alladixital.org\/en\/robla-conveniu-miranda-del-douro\/#breadcrumb"},"inLanguage":"en-US","potentialAction":[{"@type":"ReadAction","target":["https:\/\/alladixital.org\/en\/robla-conveniu-miranda-del-douro\/"]}]},{"@type":"ImageObject","inLanguage":"en-US","@id":"https:\/\/alladixital.org\/en\/robla-conveniu-miranda-del-douro\/#primaryimage","url":"https:\/\/alladixital.org\/wp-content\/uploads\/2015\/06\/Robla-conveniu-Miranda-20-06-20151.jpg","contentUrl":"https:\/\/alladixital.org\/wp-content\/uploads\/2015\/06\/Robla-conveniu-Miranda-20-06-20151.jpg","width":720,"height":616},{"@type":"BreadcrumbList","@id":"https:\/\/alladixital.org\/en\/robla-conveniu-miranda-del-douro\/#breadcrumb","itemListElement":[{"@type":"ListItem","position":1,"name":"Portada","item":"https:\/\/alladixital.org\/"},{"@type":"ListItem","position":2,"name":"Robla conveniu Miranda del Douro"}]},{"@type":"WebSite","@id":"https:\/\/alladixital.org\/#website","url":"https:\/\/alladixital.org\/","name":"Academia de la Llingua Asturiana","description":"ALLA","publisher":{"@id":"https:\/\/alladixital.org\/#organization"},"potentialAction":[{"@type":"SearchAction","target":{"@type":"EntryPoint","urlTemplate":"https:\/\/alladixital.org\/?s={search_term_string}"},"query-input":{"@type":"PropertyValueSpecification","valueRequired":true,"valueName":"search_term_string"}}],"inLanguage":"en-US"},{"@type":"Organization","@id":"https:\/\/alladixital.org\/#organization","name":"Academia de la Llingua Asturiana","url":"https:\/\/alladixital.org\/","logo":{"@type":"ImageObject","inLanguage":"en-US","@id":"https:\/\/alladixital.org\/#\/schema\/logo\/image\/","url":"https:\/\/alladixital.org\/wp-content\/uploads\/2022\/08\/logo_LLINGUA_280_V3.jpg","contentUrl":"https:\/\/alladixital.org\/wp-content\/uploads\/2022\/08\/logo_LLINGUA_280_V3.jpg","width":1064,"height":1096,"caption":"Academia de la Llingua Asturiana"},"image":{"@id":"https:\/\/alladixital.org\/#\/schema\/logo\/image\/"},"sameAs":["https:\/\/www.facebook.com\/AcademiadelaLlinguaAsturiana\/","https:\/\/x.com\/ALLA_ast"]},{"@type":"Person","@id":"https:\/\/alladixital.org\/#\/schema\/person\/656e0920ab4ffb58592f1439c950b1cc","name":"admin","image":{"@type":"ImageObject","inLanguage":"en-US","@id":"https:\/\/alladixital.org\/#\/schema\/person\/image\/","url":"https:\/\/secure.gravatar.com\/avatar\/c7cafab1c40b86a41f7dc1a5f47b543eabcdd3630903338f35932f4e47d657cb?s=96&d=mm&r=g","contentUrl":"https:\/\/secure.gravatar.com\/avatar\/c7cafab1c40b86a41f7dc1a5f47b543eabcdd3630903338f35932f4e47d657cb?s=96&d=mm&r=g","caption":"admin"},"url":"https:\/\/alladixital.org\/en\/author\/admin\/"}]}},"brizy_media":[],"_links":{"self":[{"href":"https:\/\/alladixital.org\/en\/wp-json\/wp\/v2\/posts\/4782","targetHints":{"allow":["GET"]}}],"collection":[{"href":"https:\/\/alladixital.org\/en\/wp-json\/wp\/v2\/posts"}],"about":[{"href":"https:\/\/alladixital.org\/en\/wp-json\/wp\/v2\/types\/post"}],"author":[{"embeddable":true,"href":"https:\/\/alladixital.org\/en\/wp-json\/wp\/v2\/users\/1"}],"replies":[{"embeddable":true,"href":"https:\/\/alladixital.org\/en\/wp-json\/wp\/v2\/comments?post=4782"}],"version-history":[{"count":0,"href":"https:\/\/alladixital.org\/en\/wp-json\/wp\/v2\/posts\/4782\/revisions"}],"wp:featuredmedia":[{"embeddable":true,"href":"https:\/\/alladixital.org\/en\/wp-json\/wp\/v2\/media\/3199"}],"wp:attachment":[{"href":"https:\/\/alladixital.org\/en\/wp-json\/wp\/v2\/media?parent=4782"}],"wp:term":[{"taxonomy":"category","embeddable":true,"href":"https:\/\/alladixital.org\/en\/wp-json\/wp\/v2\/categories?post=4782"},{"taxonomy":"post_tag","embeddable":true,"href":"https:\/\/alladixital.org\/en\/wp-json\/wp\/v2\/tags?post=4782"}],"curies":[{"name":"wp","href":"https:\/\/api.w.org\/{rel}","templated":true}]}}