{"id":4788,"date":"2015-04-29T13:56:50","date_gmt":"2015-04-29T11:56:50","guid":{"rendered":"https:\/\/alladixital.org\/xunta-de-trabayu-con-representantes-de-miranda-de-l-douro\/"},"modified":"2022-07-06T12:58:04","modified_gmt":"2022-07-06T10:58:04","slug":"xunta-de-trabayu-con-representantes-de-miranda-de-l-douro","status":"publish","type":"post","link":"https:\/\/alladixital.org\/en\/xunta-de-trabayu-con-representantes-de-miranda-de-l-douro\/","title":{"rendered":"Xunta con representantes de Miranda de l Douro"},"content":{"rendered":"<p>Esti mi\u00e9rcoles, 29 d\u2019abril, tuvo llugar nel llar de l\u2019Academia de la Llingua Asturiana una xunta de trabayu ente esta instituci\u00f3n y una delegaci\u00f3n de Miranda de l Douro encabezada pol presidente de la C\u00e1mara Municipal de Miranda de l Douro, Artur Nunes, xunto col presidente de l\u2019Associa\u00e7on de la Lh\u00e9ngua i Cultura Mirandesa, Carlos Ferreira, y los vicepresidentes d\u2019esta asociaci\u00f3n Alfredo Cameir\u00e3o y Mario Correia.<br \/>\nNesta xunta trat\u00e1ronse dellos aspeutos venceyaos a la collaboraci\u00f3n ente les instituciones y apaut\u00f3se la robla d\u2019un Conveniu de collaboraci\u00f3n el pr\u00f3ximu 20 de xunu de 2015 en Miranda de l Douro.<br \/>\n<script><\/script><\/p>\n","protected":false},"excerpt":{"rendered":"<p>Esti mi\u00e9rcoles, 29 d\u2019abril, tuvo llugar nel llar de l\u2019Academia de la Llingua Asturiana una xunta de trabayu ente esta instituci\u00f3n y una delegaci\u00f3n de Miranda de l Douro encabezada &hellip; <\/p>\n<p class=\"link-more\"><a href=\"https:\/\/alladixital.org\/en\/xunta-de-trabayu-con-representantes-de-miranda-de-l-douro\/\" class=\"more-link\">Continue reading<span class=\"screen-reader-text\"> &#8220;Xunta con representantes de Miranda de l Douro&#8221;<\/span><\/a><\/p>\n","protected":false},"author":1,"featured_media":3189,"comment_status":"closed","ping_status":"closed","sticky":false,"template":"","format":"standard","meta":{"_acf_changed":false,"footnotes":""},"categories":[133],"tags":[235,154,307,289],"class_list":["post-4788","post","type-post","status-publish","format-standard","has-post-thumbnail","hentry","category-news","tag-asturianu-en","tag-llingua-asturiana-en","tag-miranda-de-l-douro-en","tag-pautu-en"],"acf":[],"yoast_head":"<!-- This site is optimized with the Yoast SEO plugin v26.7 - https:\/\/yoast.com\/wordpress\/plugins\/seo\/ -->\n<title>Xunta con representantes de Miranda de l Douro - Academia de la Llingua Asturiana<\/title>\n<meta name=\"robots\" content=\"index, follow, max-snippet:-1, max-image-preview:large, max-video-preview:-1\" \/>\n<link rel=\"canonical\" href=\"https:\/\/alladixital.org\/en\/xunta-de-trabayu-con-representantes-de-miranda-de-l-douro\/\" \/>\n<meta property=\"og:locale\" content=\"en_US\" \/>\n<meta property=\"og:type\" content=\"article\" \/>\n<meta property=\"og:title\" content=\"Xunta con representantes de Miranda de l Douro - Academia de la Llingua Asturiana\" \/>\n<meta property=\"og:description\" content=\"Esti mi\u00e9rcoles, 29 d\u2019abril, tuvo llugar nel llar de l\u2019Academia de la Llingua Asturiana una xunta de trabayu ente esta instituci\u00f3n y una delegaci\u00f3n de Miranda de l Douro encabezada &hellip; Continue reading &quot;Xunta con representantes de Miranda de l Douro&quot;\" \/>\n<meta property=\"og:url\" content=\"https:\/\/alladixital.org\/en\/xunta-de-trabayu-con-representantes-de-miranda-de-l-douro\/\" \/>\n<meta property=\"og:site_name\" content=\"Academia de la Llingua Asturiana\" \/>\n<meta property=\"article:publisher\" content=\"https:\/\/www.facebook.com\/AcademiadelaLlinguaAsturiana\/\" \/>\n<meta property=\"article:published_time\" content=\"2015-04-29T11:56:50+00:00\" \/>\n<meta property=\"article:modified_time\" content=\"2022-07-06T10:58:04+00:00\" \/>\n<meta property=\"og:image\" content=\"https:\/\/alladixital.org\/wp-content\/uploads\/2015\/04\/IMG_3155.jpg\" \/>\n\t<meta property=\"og:image:width\" content=\"1280\" \/>\n\t<meta property=\"og:image:height\" content=\"960\" \/>\n\t<meta property=\"og:image:type\" content=\"image\/jpeg\" \/>\n<meta name=\"author\" content=\"admin\" \/>\n<meta name=\"twitter:card\" content=\"summary_large_image\" \/>\n<meta name=\"twitter:creator\" content=\"@ALLA_ast\" \/>\n<meta name=\"twitter:site\" content=\"@ALLA_ast\" \/>\n<script type=\"application\/ld+json\" class=\"yoast-schema-graph\">{\"@context\":\"https:\/\/schema.org\",\"@graph\":[{\"@type\":\"Article\",\"@id\":\"https:\/\/alladixital.org\/en\/xunta-de-trabayu-con-representantes-de-miranda-de-l-douro\/#article\",\"isPartOf\":{\"@id\":\"https:\/\/alladixital.org\/en\/xunta-de-trabayu-con-representantes-de-miranda-de-l-douro\/\"},\"author\":{\"name\":\"admin\",\"@id\":\"https:\/\/alladixital.org\/#\/schema\/person\/656e0920ab4ffb58592f1439c950b1cc\"},\"headline\":\"Xunta con representantes de Miranda de l Douro\",\"datePublished\":\"2015-04-29T11:56:50+00:00\",\"dateModified\":\"2022-07-06T10:58:04+00:00\",\"mainEntityOfPage\":{\"@id\":\"https:\/\/alladixital.org\/en\/xunta-de-trabayu-con-representantes-de-miranda-de-l-douro\/\"},\"wordCount\":121,\"publisher\":{\"@id\":\"https:\/\/alladixital.org\/#organization\"},\"image\":{\"@id\":\"https:\/\/alladixital.org\/en\/xunta-de-trabayu-con-representantes-de-miranda-de-l-douro\/#primaryimage\"},\"thumbnailUrl\":\"https:\/\/alladixital.org\/wp-content\/uploads\/2015\/04\/IMG_3155.jpg\",\"keywords\":[\"asturianu\",\"llingua asturiana\",\"Miranda de l Douro\",\"pautu\"],\"articleSection\":[\"News\"],\"inLanguage\":\"en-US\"},{\"@type\":\"WebPage\",\"@id\":\"https:\/\/alladixital.org\/en\/xunta-de-trabayu-con-representantes-de-miranda-de-l-douro\/\",\"url\":\"https:\/\/alladixital.org\/en\/xunta-de-trabayu-con-representantes-de-miranda-de-l-douro\/\",\"name\":\"Xunta con representantes de Miranda de l Douro - Academia de la Llingua Asturiana\",\"isPartOf\":{\"@id\":\"https:\/\/alladixital.org\/#website\"},\"primaryImageOfPage\":{\"@id\":\"https:\/\/alladixital.org\/en\/xunta-de-trabayu-con-representantes-de-miranda-de-l-douro\/#primaryimage\"},\"image\":{\"@id\":\"https:\/\/alladixital.org\/en\/xunta-de-trabayu-con-representantes-de-miranda-de-l-douro\/#primaryimage\"},\"thumbnailUrl\":\"https:\/\/alladixital.org\/wp-content\/uploads\/2015\/04\/IMG_3155.jpg\",\"datePublished\":\"2015-04-29T11:56:50+00:00\",\"dateModified\":\"2022-07-06T10:58:04+00:00\",\"breadcrumb\":{\"@id\":\"https:\/\/alladixital.org\/en\/xunta-de-trabayu-con-representantes-de-miranda-de-l-douro\/#breadcrumb\"},\"inLanguage\":\"en-US\",\"potentialAction\":[{\"@type\":\"ReadAction\",\"target\":[\"https:\/\/alladixital.org\/en\/xunta-de-trabayu-con-representantes-de-miranda-de-l-douro\/\"]}]},{\"@type\":\"ImageObject\",\"inLanguage\":\"en-US\",\"@id\":\"https:\/\/alladixital.org\/en\/xunta-de-trabayu-con-representantes-de-miranda-de-l-douro\/#primaryimage\",\"url\":\"https:\/\/alladixital.org\/wp-content\/uploads\/2015\/04\/IMG_3155.jpg\",\"contentUrl\":\"https:\/\/alladixital.org\/wp-content\/uploads\/2015\/04\/IMG_3155.jpg\",\"width\":1280,\"height\":960},{\"@type\":\"BreadcrumbList\",\"@id\":\"https:\/\/alladixital.org\/en\/xunta-de-trabayu-con-representantes-de-miranda-de-l-douro\/#breadcrumb\",\"itemListElement\":[{\"@type\":\"ListItem\",\"position\":1,\"name\":\"Portada\",\"item\":\"https:\/\/alladixital.org\/\"},{\"@type\":\"ListItem\",\"position\":2,\"name\":\"Xunta con representantes de Miranda de l Douro\"}]},{\"@type\":\"WebSite\",\"@id\":\"https:\/\/alladixital.org\/#website\",\"url\":\"https:\/\/alladixital.org\/\",\"name\":\"Academia de la Llingua Asturiana\",\"description\":\"ALLA\",\"publisher\":{\"@id\":\"https:\/\/alladixital.org\/#organization\"},\"potentialAction\":[{\"@type\":\"SearchAction\",\"target\":{\"@type\":\"EntryPoint\",\"urlTemplate\":\"https:\/\/alladixital.org\/?s={search_term_string}\"},\"query-input\":{\"@type\":\"PropertyValueSpecification\",\"valueRequired\":true,\"valueName\":\"search_term_string\"}}],\"inLanguage\":\"en-US\"},{\"@type\":\"Organization\",\"@id\":\"https:\/\/alladixital.org\/#organization\",\"name\":\"Academia de la Llingua Asturiana\",\"url\":\"https:\/\/alladixital.org\/\",\"logo\":{\"@type\":\"ImageObject\",\"inLanguage\":\"en-US\",\"@id\":\"https:\/\/alladixital.org\/#\/schema\/logo\/image\/\",\"url\":\"https:\/\/alladixital.org\/wp-content\/uploads\/2022\/08\/logo_LLINGUA_280_V3.jpg\",\"contentUrl\":\"https:\/\/alladixital.org\/wp-content\/uploads\/2022\/08\/logo_LLINGUA_280_V3.jpg\",\"width\":1064,\"height\":1096,\"caption\":\"Academia de la Llingua Asturiana\"},\"image\":{\"@id\":\"https:\/\/alladixital.org\/#\/schema\/logo\/image\/\"},\"sameAs\":[\"https:\/\/www.facebook.com\/AcademiadelaLlinguaAsturiana\/\",\"https:\/\/x.com\/ALLA_ast\"]},{\"@type\":\"Person\",\"@id\":\"https:\/\/alladixital.org\/#\/schema\/person\/656e0920ab4ffb58592f1439c950b1cc\",\"name\":\"admin\",\"image\":{\"@type\":\"ImageObject\",\"inLanguage\":\"en-US\",\"@id\":\"https:\/\/alladixital.org\/#\/schema\/person\/image\/\",\"url\":\"https:\/\/secure.gravatar.com\/avatar\/c7cafab1c40b86a41f7dc1a5f47b543eabcdd3630903338f35932f4e47d657cb?s=96&d=mm&r=g\",\"contentUrl\":\"https:\/\/secure.gravatar.com\/avatar\/c7cafab1c40b86a41f7dc1a5f47b543eabcdd3630903338f35932f4e47d657cb?s=96&d=mm&r=g\",\"caption\":\"admin\"},\"url\":\"https:\/\/alladixital.org\/en\/author\/admin\/\"}]}<\/script>\n<!-- \/ Yoast SEO plugin. -->","yoast_head_json":{"title":"Xunta con representantes de Miranda de l Douro - Academia de la Llingua Asturiana","robots":{"index":"index","follow":"follow","max-snippet":"max-snippet:-1","max-image-preview":"max-image-preview:large","max-video-preview":"max-video-preview:-1"},"canonical":"https:\/\/alladixital.org\/en\/xunta-de-trabayu-con-representantes-de-miranda-de-l-douro\/","og_locale":"en_US","og_type":"article","og_title":"Xunta con representantes de Miranda de l Douro - Academia de la Llingua Asturiana","og_description":"Esti mi\u00e9rcoles, 29 d\u2019abril, tuvo llugar nel llar de l\u2019Academia de la Llingua Asturiana una xunta de trabayu ente esta instituci\u00f3n y una delegaci\u00f3n de Miranda de l Douro encabezada &hellip; Continue reading \"Xunta con representantes de Miranda de l Douro\"","og_url":"https:\/\/alladixital.org\/en\/xunta-de-trabayu-con-representantes-de-miranda-de-l-douro\/","og_site_name":"Academia de la Llingua Asturiana","article_publisher":"https:\/\/www.facebook.com\/AcademiadelaLlinguaAsturiana\/","article_published_time":"2015-04-29T11:56:50+00:00","article_modified_time":"2022-07-06T10:58:04+00:00","og_image":[{"width":1280,"height":960,"url":"https:\/\/alladixital.org\/wp-content\/uploads\/2015\/04\/IMG_3155.jpg","type":"image\/jpeg"}],"author":"admin","twitter_card":"summary_large_image","twitter_creator":"@ALLA_ast","twitter_site":"@ALLA_ast","schema":{"@context":"https:\/\/schema.org","@graph":[{"@type":"Article","@id":"https:\/\/alladixital.org\/en\/xunta-de-trabayu-con-representantes-de-miranda-de-l-douro\/#article","isPartOf":{"@id":"https:\/\/alladixital.org\/en\/xunta-de-trabayu-con-representantes-de-miranda-de-l-douro\/"},"author":{"name":"admin","@id":"https:\/\/alladixital.org\/#\/schema\/person\/656e0920ab4ffb58592f1439c950b1cc"},"headline":"Xunta con representantes de Miranda de l Douro","datePublished":"2015-04-29T11:56:50+00:00","dateModified":"2022-07-06T10:58:04+00:00","mainEntityOfPage":{"@id":"https:\/\/alladixital.org\/en\/xunta-de-trabayu-con-representantes-de-miranda-de-l-douro\/"},"wordCount":121,"publisher":{"@id":"https:\/\/alladixital.org\/#organization"},"image":{"@id":"https:\/\/alladixital.org\/en\/xunta-de-trabayu-con-representantes-de-miranda-de-l-douro\/#primaryimage"},"thumbnailUrl":"https:\/\/alladixital.org\/wp-content\/uploads\/2015\/04\/IMG_3155.jpg","keywords":["asturianu","llingua asturiana","Miranda de l Douro","pautu"],"articleSection":["News"],"inLanguage":"en-US"},{"@type":"WebPage","@id":"https:\/\/alladixital.org\/en\/xunta-de-trabayu-con-representantes-de-miranda-de-l-douro\/","url":"https:\/\/alladixital.org\/en\/xunta-de-trabayu-con-representantes-de-miranda-de-l-douro\/","name":"Xunta con representantes de Miranda de l Douro - Academia de la Llingua Asturiana","isPartOf":{"@id":"https:\/\/alladixital.org\/#website"},"primaryImageOfPage":{"@id":"https:\/\/alladixital.org\/en\/xunta-de-trabayu-con-representantes-de-miranda-de-l-douro\/#primaryimage"},"image":{"@id":"https:\/\/alladixital.org\/en\/xunta-de-trabayu-con-representantes-de-miranda-de-l-douro\/#primaryimage"},"thumbnailUrl":"https:\/\/alladixital.org\/wp-content\/uploads\/2015\/04\/IMG_3155.jpg","datePublished":"2015-04-29T11:56:50+00:00","dateModified":"2022-07-06T10:58:04+00:00","breadcrumb":{"@id":"https:\/\/alladixital.org\/en\/xunta-de-trabayu-con-representantes-de-miranda-de-l-douro\/#breadcrumb"},"inLanguage":"en-US","potentialAction":[{"@type":"ReadAction","target":["https:\/\/alladixital.org\/en\/xunta-de-trabayu-con-representantes-de-miranda-de-l-douro\/"]}]},{"@type":"ImageObject","inLanguage":"en-US","@id":"https:\/\/alladixital.org\/en\/xunta-de-trabayu-con-representantes-de-miranda-de-l-douro\/#primaryimage","url":"https:\/\/alladixital.org\/wp-content\/uploads\/2015\/04\/IMG_3155.jpg","contentUrl":"https:\/\/alladixital.org\/wp-content\/uploads\/2015\/04\/IMG_3155.jpg","width":1280,"height":960},{"@type":"BreadcrumbList","@id":"https:\/\/alladixital.org\/en\/xunta-de-trabayu-con-representantes-de-miranda-de-l-douro\/#breadcrumb","itemListElement":[{"@type":"ListItem","position":1,"name":"Portada","item":"https:\/\/alladixital.org\/"},{"@type":"ListItem","position":2,"name":"Xunta con representantes de Miranda de l Douro"}]},{"@type":"WebSite","@id":"https:\/\/alladixital.org\/#website","url":"https:\/\/alladixital.org\/","name":"Academia de la Llingua Asturiana","description":"ALLA","publisher":{"@id":"https:\/\/alladixital.org\/#organization"},"potentialAction":[{"@type":"SearchAction","target":{"@type":"EntryPoint","urlTemplate":"https:\/\/alladixital.org\/?s={search_term_string}"},"query-input":{"@type":"PropertyValueSpecification","valueRequired":true,"valueName":"search_term_string"}}],"inLanguage":"en-US"},{"@type":"Organization","@id":"https:\/\/alladixital.org\/#organization","name":"Academia de la Llingua Asturiana","url":"https:\/\/alladixital.org\/","logo":{"@type":"ImageObject","inLanguage":"en-US","@id":"https:\/\/alladixital.org\/#\/schema\/logo\/image\/","url":"https:\/\/alladixital.org\/wp-content\/uploads\/2022\/08\/logo_LLINGUA_280_V3.jpg","contentUrl":"https:\/\/alladixital.org\/wp-content\/uploads\/2022\/08\/logo_LLINGUA_280_V3.jpg","width":1064,"height":1096,"caption":"Academia de la Llingua Asturiana"},"image":{"@id":"https:\/\/alladixital.org\/#\/schema\/logo\/image\/"},"sameAs":["https:\/\/www.facebook.com\/AcademiadelaLlinguaAsturiana\/","https:\/\/x.com\/ALLA_ast"]},{"@type":"Person","@id":"https:\/\/alladixital.org\/#\/schema\/person\/656e0920ab4ffb58592f1439c950b1cc","name":"admin","image":{"@type":"ImageObject","inLanguage":"en-US","@id":"https:\/\/alladixital.org\/#\/schema\/person\/image\/","url":"https:\/\/secure.gravatar.com\/avatar\/c7cafab1c40b86a41f7dc1a5f47b543eabcdd3630903338f35932f4e47d657cb?s=96&d=mm&r=g","contentUrl":"https:\/\/secure.gravatar.com\/avatar\/c7cafab1c40b86a41f7dc1a5f47b543eabcdd3630903338f35932f4e47d657cb?s=96&d=mm&r=g","caption":"admin"},"url":"https:\/\/alladixital.org\/en\/author\/admin\/"}]}},"brizy_media":[],"_links":{"self":[{"href":"https:\/\/alladixital.org\/en\/wp-json\/wp\/v2\/posts\/4788","targetHints":{"allow":["GET"]}}],"collection":[{"href":"https:\/\/alladixital.org\/en\/wp-json\/wp\/v2\/posts"}],"about":[{"href":"https:\/\/alladixital.org\/en\/wp-json\/wp\/v2\/types\/post"}],"author":[{"embeddable":true,"href":"https:\/\/alladixital.org\/en\/wp-json\/wp\/v2\/users\/1"}],"replies":[{"embeddable":true,"href":"https:\/\/alladixital.org\/en\/wp-json\/wp\/v2\/comments?post=4788"}],"version-history":[{"count":0,"href":"https:\/\/alladixital.org\/en\/wp-json\/wp\/v2\/posts\/4788\/revisions"}],"wp:featuredmedia":[{"embeddable":true,"href":"https:\/\/alladixital.org\/en\/wp-json\/wp\/v2\/media\/3189"}],"wp:attachment":[{"href":"https:\/\/alladixital.org\/en\/wp-json\/wp\/v2\/media?parent=4788"}],"wp:term":[{"taxonomy":"category","embeddable":true,"href":"https:\/\/alladixital.org\/en\/wp-json\/wp\/v2\/categories?post=4788"},{"taxonomy":"post_tag","embeddable":true,"href":"https:\/\/alladixital.org\/en\/wp-json\/wp\/v2\/tags?post=4788"}],"curies":[{"name":"wp","href":"https:\/\/api.w.org\/{rel}","templated":true}]}}