{"id":4803,"date":"2015-03-24T13:17:06","date_gmt":"2015-03-24T12:17:06","guid":{"rendered":"https:\/\/alladixital.org\/ensenanza-del-asturianu\/"},"modified":"2015-03-24T13:17:06","modified_gmt":"2015-03-24T12:17:06","slug":"ensenanza-del-asturianu","status":"publish","type":"post","link":"https:\/\/alladixital.org\/en\/ensenanza-del-asturianu\/","title":{"rendered":"Ense\u00f1anza del asturianu: especialid\u00e1 docente, curr\u00edculu escolar y oficialid\u00e1"},"content":{"rendered":"<p>L\u2019Academia vien siguiendo con perxustificada alarma les noticies qu\u2019estos caberos meses y d\u00edes arrodien la ense\u00f1anza de la Llingua Asturiana nes estremaes estayes educatives. Ente otres:<\/p>\n<ol>\n<li>La negativa del Ministeriu d\u2019Educaci\u00f3n a inxerir nel Decretu d\u2019Especialidaes Docentes la posibilid\u00e1 de que la materia \u00abLlingua Asturiana\u00bb pudiere ser una de les especialidaes pal profesor\u00e1u d\u2019Educaci\u00f3n Primaria y Secundaria. Y ello magar cuente con una enmienda del propiu Conseyu Escolar del Est\u00e1u que reclama tal posibilid\u00e1. Esta negativa ye, l\u00f3xicamente, responsabilid\u00e1 del Ministeriu, pero tami\u00e9n de la Conseyer\u00eda d\u2019Educaci\u00f3n y Cultura d\u2019Asturies que nun fexo por negociar al m\u00e1ximu nivel les condiciones de la petici\u00f3n.<\/li>\n<\/ol>\n<ol start=\"2\">\n<li>La inxustificable y allegal propuesta de la Conseyer\u00eda d\u2019Educaci\u00f3n del Gobiernu d\u2019Asturies p\u2019allugar l\u2019asignatura \u00abLlingua Asturiana\u00bb dientro de la Educaci\u00f3n Secundaria nunes condiciones d\u2019optativid\u00e1 \u2013y competencia desigual\u2013 con 4 materies: Segunda Llingua Estranxera, Cultura Cl\u00e1sica, Aniciu a l\u2019Activid\u00e1 Entamadora y Empresarial y Materia Propuesta pol centru docente. Persabe\u2019l Gobiernu d\u2019Asturies qu\u2019esto incumple dafechu l\u2019art\u00edculu 10 de la Llei d\u2019Usu del Asturianu, xustamente\u2019l dedic\u00e1u al curr\u00edculu, que diz:<\/li>\n<\/ol>\n<p style=\"padding-left: 90px;\"><em>3. La escoyeta del estudiu o del emplegu del bable\/asturianu como asignatura del curr\u00edculu en neng\u00fan casu podr\u00e1 servir de motivu de discriminaci\u00f3n de los alumnos.<\/em><\/p>\n<p style=\"padding-left: 90px;\"><em>Pa los que lo escueyan, el so aprendimientu o usu nun podr\u00e1 torgar que reciban la mesma formaci\u00f3n y conocimientos n\u2019iguald\u00e1 de condiciones que\u2019l restu del alumn\u00e1u.<\/em><em><br \/>\n<\/em><\/p>\n<ol start=\"3\">\n<li>La risible ya insultante decisi\u00f3n, tami\u00e9n de l\u2019alministraci\u00f3n educativa n\u2019Asturies, de camentar que l\u2019asturianu pue deprendese nel Bachilleratu rebaxando de 4 a 1 hora selmanal la so docencia nunes condiciones d\u2019axuste, am\u00e1s, pr\u00e1uticamente imposibles pal alumn\u00e1u.<\/li>\n<\/ol>\n<p>L\u2019Academia entiende que nel tresfondu de toa esta llamentable situaci\u00f3n ta la testona realid\u00e1 de que l\u2019asturianu ye la \u00fanica llingua del est\u00e1u espa\u00f1ol non oficial. Esto nun almite duldes. De fechu, cuando\u2019l Ministeriu refuga la especialid\u00e1 pon como xida que l\u2019asturianu nun ye oficial; y asina mesmo cuando la Conseyer\u00eda nun ye a alcontrar el llugar qu\u2019a la Llingua Asturiana-y corresponder\u00eda nun curr\u00edculu normal pa una comunid\u00e1 billing\u00fce, el problema, na pr\u00e1utica, vien a ser exautamente\u2019l mesmu.<\/p>\n<p>Y ye qu\u2019equ\u00ed, n\u2019Asturies, intenta facese daqu\u00e9 imposible, xur\u00eddica y socialmente: caltener una llingua y una cultura al marxe del marcu constitucional de referencia que ye la oficializaci\u00f3n. Esti ye\u2019l cam\u00edn l\u00f3xicu que siguieron los gallegos, los vascos, los navarros, los catalanes, los baleares y los araneses.<\/p>\n<p>Tamos diciendo, en fin, que la hestoria de m\u00e1s de 3 d\u00e9cades amuesa que cualquier pasu llegal que represente un encontu oxetivu pal caltenimientu del asturianu como llingua de cultura n\u2019Asturies esfr\u00f3nase de contino escontra\u2019l fechu de que l\u2019idioma de los asturianos nun ye oficial. Y esto han sabelo los part\u00edos pol\u00edticos asitiaos n\u2019Asturies, de mou qu\u2019agora que tamos en plenu periodu pre-ellectoral tienen que ser conscientes de que si nun planteguen y negocien la co-oficialid\u00e1 de la llingua asturiana t\u00e1n conden\u00e1ndola conscientemente a la so desapaici\u00f3n. Y\u00e1 nun valen m\u00e1s vueltes nin m\u00e1s ambig\u00fcedaes: o se ta cola llingua y la cultura d\u2019Asturies o se ta por facela desapaecer.<\/p>\n<p>En tou casu, la socied\u00e1 asturiana ha saber que l\u2019Academia de la Llingua Asturiana siempres tar\u00e1 alliniada con aquelles persones ya instituciones que defenden el derechu a usar l\u2019asturianu n\u2019iguald\u00e1 de condiciones que\u2019l restu de les lling\u00fces oficiales del Est\u00e1u.<\/p>\n<p>Uvi\u00e9u, 24 de marzu de 2015<\/p>\n<p>&nbsp;<\/p>\n<p><strong>\u00a0\u00a0\u00a0\u00a0\u00a0\u00a0\u00a0\u00a0\u00a0\u00a0\u00a0\u00a0\u00a0\u00a0\u00a0\u00a0\u00a0\u00a0\u00a0\u00a0\u00a0\u00a0\u00a0\u00a0\u00a0\u00a0\u00a0\u00a0\u00a0\u00a0\u00a0\u00a0\u00a0\u00a0\u00a0\u00a0\u00a0\u00a0\u00a0\u00a0\u00a0\u00a0\u00a0\u00a0\u00a0\u00a0\u00a0\u00a0\u00a0\u00a0\u00a0\u00a0\u00a0\u00a0\u00a0\u00a0 Academia de la Llingua Asturiana<\/strong><\/p>\n<p>&nbsp;<\/p>\n<p>&nbsp;<br \/>\n<script><\/script><\/p>\n","protected":false},"excerpt":{"rendered":"<p>L\u2019Academia vien siguiendo con perxustificada alarma les noticies qu\u2019estos caberos meses y d\u00edes arrodien la ense\u00f1anza de la Llingua Asturiana nes estremaes estayes educatives. Ente otres: La negativa del Ministeriu &hellip; <\/p>\n<p class=\"link-more\"><a href=\"https:\/\/alladixital.org\/en\/ensenanza-del-asturianu\/\" class=\"more-link\">Continue reading<span class=\"screen-reader-text\"> &#8220;Ense\u00f1anza del asturianu: especialid\u00e1 docente, curr\u00edculu escolar y oficialid\u00e1&#8221;<\/span><\/a><\/p>\n","protected":false},"author":1,"featured_media":3183,"comment_status":"closed","ping_status":"open","sticky":false,"template":"","format":"standard","meta":{"_acf_changed":false,"footnotes":""},"categories":[133],"tags":[244,290,317,318,282,319,255],"class_list":["post-4803","post","type-post","status-publish","format-standard","has-post-thumbnail","hentry","category-news","tag-comunicacion-en","tag-conseyeria-en","tag-curriculu-en","tag-educacion-en","tag-ensenanza-en","tag-especialida-docente-en","tag-oficialida-en"],"acf":[],"yoast_head":"<!-- This site is optimized with the Yoast SEO plugin v26.7 - https:\/\/yoast.com\/wordpress\/plugins\/seo\/ -->\n<title>Ense\u00f1anza del asturianu: especialid\u00e1 docente, curr\u00edculu escolar y oficialid\u00e1 - Academia de la Llingua Asturiana<\/title>\n<meta name=\"robots\" content=\"index, follow, max-snippet:-1, max-image-preview:large, max-video-preview:-1\" \/>\n<link rel=\"canonical\" href=\"https:\/\/alladixital.org\/en\/ensenanza-del-asturianu\/\" \/>\n<meta property=\"og:locale\" content=\"en_US\" \/>\n<meta property=\"og:type\" content=\"article\" \/>\n<meta property=\"og:title\" content=\"Ense\u00f1anza del asturianu: especialid\u00e1 docente, curr\u00edculu escolar y oficialid\u00e1 - Academia de la Llingua Asturiana\" \/>\n<meta property=\"og:description\" content=\"L\u2019Academia vien siguiendo con perxustificada alarma les noticies qu\u2019estos caberos meses y d\u00edes arrodien la ense\u00f1anza de la Llingua Asturiana nes estremaes estayes educatives. Ente otres: La negativa del Ministeriu &hellip; Continue reading &quot;Ense\u00f1anza del asturianu: especialid\u00e1 docente, curr\u00edculu escolar y oficialid\u00e1&quot;\" \/>\n<meta property=\"og:url\" content=\"https:\/\/alladixital.org\/en\/ensenanza-del-asturianu\/\" \/>\n<meta property=\"og:site_name\" content=\"Academia de la Llingua Asturiana\" \/>\n<meta property=\"article:publisher\" content=\"https:\/\/www.facebook.com\/AcademiadelaLlinguaAsturiana\/\" \/>\n<meta property=\"article:published_time\" content=\"2015-03-24T12:17:06+00:00\" \/>\n<meta property=\"og:image\" content=\"https:\/\/alladixital.org\/wp-content\/uploads\/2015\/03\/IMG_30341.jpg\" \/>\n\t<meta property=\"og:image:width\" content=\"1500\" \/>\n\t<meta property=\"og:image:height\" content=\"1417\" \/>\n\t<meta property=\"og:image:type\" content=\"image\/jpeg\" \/>\n<meta name=\"author\" content=\"admin\" \/>\n<meta name=\"twitter:card\" content=\"summary_large_image\" \/>\n<meta name=\"twitter:creator\" content=\"@ALLA_ast\" \/>\n<meta name=\"twitter:site\" content=\"@ALLA_ast\" \/>\n<script type=\"application\/ld+json\" class=\"yoast-schema-graph\">{\"@context\":\"https:\/\/schema.org\",\"@graph\":[{\"@type\":\"Article\",\"@id\":\"https:\/\/alladixital.org\/en\/ensenanza-del-asturianu\/#article\",\"isPartOf\":{\"@id\":\"https:\/\/alladixital.org\/en\/ensenanza-del-asturianu\/\"},\"author\":{\"name\":\"admin\",\"@id\":\"https:\/\/alladixital.org\/#\/schema\/person\/656e0920ab4ffb58592f1439c950b1cc\"},\"headline\":\"Ense\u00f1anza del asturianu: especialid\u00e1 docente, curr\u00edculu escolar y oficialid\u00e1\",\"datePublished\":\"2015-03-24T12:17:06+00:00\",\"mainEntityOfPage\":{\"@id\":\"https:\/\/alladixital.org\/en\/ensenanza-del-asturianu\/\"},\"wordCount\":652,\"publisher\":{\"@id\":\"https:\/\/alladixital.org\/#organization\"},\"image\":{\"@id\":\"https:\/\/alladixital.org\/en\/ensenanza-del-asturianu\/#primaryimage\"},\"thumbnailUrl\":\"https:\/\/alladixital.org\/wp-content\/uploads\/2015\/03\/IMG_30341.jpg\",\"keywords\":[\"comunicaci\u00f3n\",\"conseyer\u00eda\",\"curr\u00edculu\",\"educaci\u00f3n\",\"ense\u00f1anza\",\"especialid\u00e1 docente\",\"oficialid\u00e1\"],\"articleSection\":[\"News\"],\"inLanguage\":\"en-US\"},{\"@type\":\"WebPage\",\"@id\":\"https:\/\/alladixital.org\/en\/ensenanza-del-asturianu\/\",\"url\":\"https:\/\/alladixital.org\/en\/ensenanza-del-asturianu\/\",\"name\":\"Ense\u00f1anza del asturianu: especialid\u00e1 docente, curr\u00edculu escolar y oficialid\u00e1 - Academia de la Llingua Asturiana\",\"isPartOf\":{\"@id\":\"https:\/\/alladixital.org\/#website\"},\"primaryImageOfPage\":{\"@id\":\"https:\/\/alladixital.org\/en\/ensenanza-del-asturianu\/#primaryimage\"},\"image\":{\"@id\":\"https:\/\/alladixital.org\/en\/ensenanza-del-asturianu\/#primaryimage\"},\"thumbnailUrl\":\"https:\/\/alladixital.org\/wp-content\/uploads\/2015\/03\/IMG_30341.jpg\",\"datePublished\":\"2015-03-24T12:17:06+00:00\",\"breadcrumb\":{\"@id\":\"https:\/\/alladixital.org\/en\/ensenanza-del-asturianu\/#breadcrumb\"},\"inLanguage\":\"en-US\",\"potentialAction\":[{\"@type\":\"ReadAction\",\"target\":[\"https:\/\/alladixital.org\/en\/ensenanza-del-asturianu\/\"]}]},{\"@type\":\"ImageObject\",\"inLanguage\":\"en-US\",\"@id\":\"https:\/\/alladixital.org\/en\/ensenanza-del-asturianu\/#primaryimage\",\"url\":\"https:\/\/alladixital.org\/wp-content\/uploads\/2015\/03\/IMG_30341.jpg\",\"contentUrl\":\"https:\/\/alladixital.org\/wp-content\/uploads\/2015\/03\/IMG_30341.jpg\",\"width\":1500,\"height\":1417},{\"@type\":\"BreadcrumbList\",\"@id\":\"https:\/\/alladixital.org\/en\/ensenanza-del-asturianu\/#breadcrumb\",\"itemListElement\":[{\"@type\":\"ListItem\",\"position\":1,\"name\":\"Portada\",\"item\":\"https:\/\/alladixital.org\/\"},{\"@type\":\"ListItem\",\"position\":2,\"name\":\"Ense\u00f1anza del asturianu: especialid\u00e1 docente, curr\u00edculu escolar y oficialid\u00e1\"}]},{\"@type\":\"WebSite\",\"@id\":\"https:\/\/alladixital.org\/#website\",\"url\":\"https:\/\/alladixital.org\/\",\"name\":\"Academia de la Llingua Asturiana\",\"description\":\"ALLA\",\"publisher\":{\"@id\":\"https:\/\/alladixital.org\/#organization\"},\"potentialAction\":[{\"@type\":\"SearchAction\",\"target\":{\"@type\":\"EntryPoint\",\"urlTemplate\":\"https:\/\/alladixital.org\/?s={search_term_string}\"},\"query-input\":{\"@type\":\"PropertyValueSpecification\",\"valueRequired\":true,\"valueName\":\"search_term_string\"}}],\"inLanguage\":\"en-US\"},{\"@type\":\"Organization\",\"@id\":\"https:\/\/alladixital.org\/#organization\",\"name\":\"Academia de la Llingua Asturiana\",\"url\":\"https:\/\/alladixital.org\/\",\"logo\":{\"@type\":\"ImageObject\",\"inLanguage\":\"en-US\",\"@id\":\"https:\/\/alladixital.org\/#\/schema\/logo\/image\/\",\"url\":\"https:\/\/alladixital.org\/wp-content\/uploads\/2022\/08\/logo_LLINGUA_280_V3.jpg\",\"contentUrl\":\"https:\/\/alladixital.org\/wp-content\/uploads\/2022\/08\/logo_LLINGUA_280_V3.jpg\",\"width\":1064,\"height\":1096,\"caption\":\"Academia de la Llingua Asturiana\"},\"image\":{\"@id\":\"https:\/\/alladixital.org\/#\/schema\/logo\/image\/\"},\"sameAs\":[\"https:\/\/www.facebook.com\/AcademiadelaLlinguaAsturiana\/\",\"https:\/\/x.com\/ALLA_ast\"]},{\"@type\":\"Person\",\"@id\":\"https:\/\/alladixital.org\/#\/schema\/person\/656e0920ab4ffb58592f1439c950b1cc\",\"name\":\"admin\",\"image\":{\"@type\":\"ImageObject\",\"inLanguage\":\"en-US\",\"@id\":\"https:\/\/alladixital.org\/#\/schema\/person\/image\/\",\"url\":\"https:\/\/secure.gravatar.com\/avatar\/c7cafab1c40b86a41f7dc1a5f47b543eabcdd3630903338f35932f4e47d657cb?s=96&d=mm&r=g\",\"contentUrl\":\"https:\/\/secure.gravatar.com\/avatar\/c7cafab1c40b86a41f7dc1a5f47b543eabcdd3630903338f35932f4e47d657cb?s=96&d=mm&r=g\",\"caption\":\"admin\"},\"url\":\"https:\/\/alladixital.org\/en\/author\/admin\/\"}]}<\/script>\n<!-- \/ Yoast SEO plugin. -->","yoast_head_json":{"title":"Ense\u00f1anza del asturianu: especialid\u00e1 docente, curr\u00edculu escolar y oficialid\u00e1 - Academia de la Llingua Asturiana","robots":{"index":"index","follow":"follow","max-snippet":"max-snippet:-1","max-image-preview":"max-image-preview:large","max-video-preview":"max-video-preview:-1"},"canonical":"https:\/\/alladixital.org\/en\/ensenanza-del-asturianu\/","og_locale":"en_US","og_type":"article","og_title":"Ense\u00f1anza del asturianu: especialid\u00e1 docente, curr\u00edculu escolar y oficialid\u00e1 - Academia de la Llingua Asturiana","og_description":"L\u2019Academia vien siguiendo con perxustificada alarma les noticies qu\u2019estos caberos meses y d\u00edes arrodien la ense\u00f1anza de la Llingua Asturiana nes estremaes estayes educatives. Ente otres: La negativa del Ministeriu &hellip; Continue reading \"Ense\u00f1anza del asturianu: especialid\u00e1 docente, curr\u00edculu escolar y oficialid\u00e1\"","og_url":"https:\/\/alladixital.org\/en\/ensenanza-del-asturianu\/","og_site_name":"Academia de la Llingua Asturiana","article_publisher":"https:\/\/www.facebook.com\/AcademiadelaLlinguaAsturiana\/","article_published_time":"2015-03-24T12:17:06+00:00","og_image":[{"width":1500,"height":1417,"url":"https:\/\/alladixital.org\/wp-content\/uploads\/2015\/03\/IMG_30341.jpg","type":"image\/jpeg"}],"author":"admin","twitter_card":"summary_large_image","twitter_creator":"@ALLA_ast","twitter_site":"@ALLA_ast","schema":{"@context":"https:\/\/schema.org","@graph":[{"@type":"Article","@id":"https:\/\/alladixital.org\/en\/ensenanza-del-asturianu\/#article","isPartOf":{"@id":"https:\/\/alladixital.org\/en\/ensenanza-del-asturianu\/"},"author":{"name":"admin","@id":"https:\/\/alladixital.org\/#\/schema\/person\/656e0920ab4ffb58592f1439c950b1cc"},"headline":"Ense\u00f1anza del asturianu: especialid\u00e1 docente, curr\u00edculu escolar y oficialid\u00e1","datePublished":"2015-03-24T12:17:06+00:00","mainEntityOfPage":{"@id":"https:\/\/alladixital.org\/en\/ensenanza-del-asturianu\/"},"wordCount":652,"publisher":{"@id":"https:\/\/alladixital.org\/#organization"},"image":{"@id":"https:\/\/alladixital.org\/en\/ensenanza-del-asturianu\/#primaryimage"},"thumbnailUrl":"https:\/\/alladixital.org\/wp-content\/uploads\/2015\/03\/IMG_30341.jpg","keywords":["comunicaci\u00f3n","conseyer\u00eda","curr\u00edculu","educaci\u00f3n","ense\u00f1anza","especialid\u00e1 docente","oficialid\u00e1"],"articleSection":["News"],"inLanguage":"en-US"},{"@type":"WebPage","@id":"https:\/\/alladixital.org\/en\/ensenanza-del-asturianu\/","url":"https:\/\/alladixital.org\/en\/ensenanza-del-asturianu\/","name":"Ense\u00f1anza del asturianu: especialid\u00e1 docente, curr\u00edculu escolar y oficialid\u00e1 - Academia de la Llingua Asturiana","isPartOf":{"@id":"https:\/\/alladixital.org\/#website"},"primaryImageOfPage":{"@id":"https:\/\/alladixital.org\/en\/ensenanza-del-asturianu\/#primaryimage"},"image":{"@id":"https:\/\/alladixital.org\/en\/ensenanza-del-asturianu\/#primaryimage"},"thumbnailUrl":"https:\/\/alladixital.org\/wp-content\/uploads\/2015\/03\/IMG_30341.jpg","datePublished":"2015-03-24T12:17:06+00:00","breadcrumb":{"@id":"https:\/\/alladixital.org\/en\/ensenanza-del-asturianu\/#breadcrumb"},"inLanguage":"en-US","potentialAction":[{"@type":"ReadAction","target":["https:\/\/alladixital.org\/en\/ensenanza-del-asturianu\/"]}]},{"@type":"ImageObject","inLanguage":"en-US","@id":"https:\/\/alladixital.org\/en\/ensenanza-del-asturianu\/#primaryimage","url":"https:\/\/alladixital.org\/wp-content\/uploads\/2015\/03\/IMG_30341.jpg","contentUrl":"https:\/\/alladixital.org\/wp-content\/uploads\/2015\/03\/IMG_30341.jpg","width":1500,"height":1417},{"@type":"BreadcrumbList","@id":"https:\/\/alladixital.org\/en\/ensenanza-del-asturianu\/#breadcrumb","itemListElement":[{"@type":"ListItem","position":1,"name":"Portada","item":"https:\/\/alladixital.org\/"},{"@type":"ListItem","position":2,"name":"Ense\u00f1anza del asturianu: especialid\u00e1 docente, curr\u00edculu escolar y oficialid\u00e1"}]},{"@type":"WebSite","@id":"https:\/\/alladixital.org\/#website","url":"https:\/\/alladixital.org\/","name":"Academia de la Llingua Asturiana","description":"ALLA","publisher":{"@id":"https:\/\/alladixital.org\/#organization"},"potentialAction":[{"@type":"SearchAction","target":{"@type":"EntryPoint","urlTemplate":"https:\/\/alladixital.org\/?s={search_term_string}"},"query-input":{"@type":"PropertyValueSpecification","valueRequired":true,"valueName":"search_term_string"}}],"inLanguage":"en-US"},{"@type":"Organization","@id":"https:\/\/alladixital.org\/#organization","name":"Academia de la Llingua Asturiana","url":"https:\/\/alladixital.org\/","logo":{"@type":"ImageObject","inLanguage":"en-US","@id":"https:\/\/alladixital.org\/#\/schema\/logo\/image\/","url":"https:\/\/alladixital.org\/wp-content\/uploads\/2022\/08\/logo_LLINGUA_280_V3.jpg","contentUrl":"https:\/\/alladixital.org\/wp-content\/uploads\/2022\/08\/logo_LLINGUA_280_V3.jpg","width":1064,"height":1096,"caption":"Academia de la Llingua Asturiana"},"image":{"@id":"https:\/\/alladixital.org\/#\/schema\/logo\/image\/"},"sameAs":["https:\/\/www.facebook.com\/AcademiadelaLlinguaAsturiana\/","https:\/\/x.com\/ALLA_ast"]},{"@type":"Person","@id":"https:\/\/alladixital.org\/#\/schema\/person\/656e0920ab4ffb58592f1439c950b1cc","name":"admin","image":{"@type":"ImageObject","inLanguage":"en-US","@id":"https:\/\/alladixital.org\/#\/schema\/person\/image\/","url":"https:\/\/secure.gravatar.com\/avatar\/c7cafab1c40b86a41f7dc1a5f47b543eabcdd3630903338f35932f4e47d657cb?s=96&d=mm&r=g","contentUrl":"https:\/\/secure.gravatar.com\/avatar\/c7cafab1c40b86a41f7dc1a5f47b543eabcdd3630903338f35932f4e47d657cb?s=96&d=mm&r=g","caption":"admin"},"url":"https:\/\/alladixital.org\/en\/author\/admin\/"}]}},"brizy_media":[],"_links":{"self":[{"href":"https:\/\/alladixital.org\/en\/wp-json\/wp\/v2\/posts\/4803","targetHints":{"allow":["GET"]}}],"collection":[{"href":"https:\/\/alladixital.org\/en\/wp-json\/wp\/v2\/posts"}],"about":[{"href":"https:\/\/alladixital.org\/en\/wp-json\/wp\/v2\/types\/post"}],"author":[{"embeddable":true,"href":"https:\/\/alladixital.org\/en\/wp-json\/wp\/v2\/users\/1"}],"replies":[{"embeddable":true,"href":"https:\/\/alladixital.org\/en\/wp-json\/wp\/v2\/comments?post=4803"}],"version-history":[{"count":0,"href":"https:\/\/alladixital.org\/en\/wp-json\/wp\/v2\/posts\/4803\/revisions"}],"wp:featuredmedia":[{"embeddable":true,"href":"https:\/\/alladixital.org\/en\/wp-json\/wp\/v2\/media\/3183"}],"wp:attachment":[{"href":"https:\/\/alladixital.org\/en\/wp-json\/wp\/v2\/media?parent=4803"}],"wp:term":[{"taxonomy":"category","embeddable":true,"href":"https:\/\/alladixital.org\/en\/wp-json\/wp\/v2\/categories?post=4803"},{"taxonomy":"post_tag","embeddable":true,"href":"https:\/\/alladixital.org\/en\/wp-json\/wp\/v2\/tags?post=4803"}],"curies":[{"name":"wp","href":"https:\/\/api.w.org\/{rel}","templated":true}]}}