{"id":4808,"date":"2015-03-02T13:10:52","date_gmt":"2015-03-02T12:10:52","guid":{"rendered":"https:\/\/alladixital.org\/na-alcordanza-damadeu-ferreira\/"},"modified":"2015-03-02T13:10:52","modified_gmt":"2015-03-02T12:10:52","slug":"na-alcordanza-damadeu-ferreira","status":"publish","type":"post","link":"https:\/\/alladixital.org\/en\/na-alcordanza-damadeu-ferreira\/","title":{"rendered":"Na alcordanza d\u2019Amadeu Ferreira"},"content":{"rendered":"<p>Ayeri, domingu, 1 de marzu, fin\u00f3 los sos d\u00edes en Lisboa Amadeu Ferreira, \u00fan de los m\u00e1s destacaos escritores y defensores del mirand\u00e9s.<\/p>\n<p>Amadeu Ferreira yera, al empar, un gran amigu d\u2019Asturies y de l\u2019Academia de la Llingua Asturiana como s\u2019amuesa por exemplu, cola so participaci\u00f3n nes XXII Xornaes Internacionales d&#8217;Estudiu, nel a\u00f1u 2003, nes qu\u2019imparti\u00f3 la conferencia de t\u00edtulu &#8220;L dreito lhengu\u00edstico pertu\u00e9s i la lh\u00e9ngua mirandesa&#8221;.<\/p>\n<p>Nun d\u00eda de tanta tristura pa la llingua y cultura comunes, l\u2019Academia axunta la nota de prensa asoleyada pola so familia col encamientu de que fora espublizada en mirand\u00e9s.<\/p>\n<p style=\"padding-left: 30px;\">NOTA D&#8217;AMPRENSA<\/p>\n<p style=\"padding-left: 30px;\">&#8220;NACIMIENTO DE COUSAS NUOBAS&#8221;<\/p>\n<p style=\"padding-left: 30px;\">Morriu-se hoije, 1 de m\u00e1rcio, an sue casa, an Lisboua, l poeta, scritor i jurista Amadeu Ferreira, por bias de padecer de un c\u00e1ncaro de l celebro hai mais de anho i meio. Cumprindo-se l sou pedido, l cuorpo ser\u00e1 cremado. Nun haber\u00e1 cerim\u00f3nias f\u00fanebres.<\/p>\n<p style=\"padding-left: 30px;\">Eiran a realizar-se dues houmenaiges an sue mim\u00f3ria esta sumana: ua l die 3, ter\u00e7a, apuis l meio de la tarde, an Lisboua, na Casa de Tr\u00e1s-ls-Montes; outra l die 4, a la tarde, na sue tierra, an Sendin, Miranda de l Douro, na Casa de la Cultura, adonde ls amigos poderan rendir le houmenaige, lendo testos de l\u2019outorie de l scritor ou simplemente passando.<\/p>\n<p style=\"padding-left: 30px;\">Amadeu Ferreira naciu a 29 de j\u00falio de 1950 an Sendin, Miranda de l Douro. Era persidente de la Associa\u00e7on de la Lh\u00e9ngua i Cultura Mirandesa, persidente de la Academie de Lhetras de Tr\u00e1s-lsMontes, bice-persidente de la Comisson de l Mercado de Balores Mobiliairos (CMVM), porsor cumbidado de la Faculdade de Dreito de la Ounibersidade Nuoba de Lisboua, membro de l Cunseilho Giral de l Anstituto Polit\u00e9cnico de Breg\u00e1ncia i, zde 2004, comendador de la Orde de l M\u00e9rito de la Rep\u00fablica Pertuesa.<\/p>\n<p style=\"padding-left: 30px;\">Outor i tradutor dua bast\u00edssema obra an pertu\u00e9s i mirand\u00e9s, tamien culs pseud\u00f3nimos Fracisco Niebro, Marcus Miranda i Fonso Roixo, Amadeu Ferreira dou mos obras cient\u00edficas i lhiterairas, an poesie i an prosa. Antre muitas outras publicou: ne l Dreito, &#8220;Homic\u00eddio Preveligiado&#8221; i &#8220;Direito dos Valores Mobili\u00e1rios&#8221;; an poesie, &#8220;Cebadeiros&#8221;, &#8220;Ars Vivendi \/ Ars Moriendi&#8221; i &#8220;Norteando&#8221;; an prosa, &#8220;La bouba de la Tenerie \/ Tempo de Fogo&#8221;, &#8220;Cuntas de Tiu Jouquin&#8221;, &#8220;Lh\u00e9ngua Mirandesa \u2013 Manifesto an Forma de Hino&#8221; i &#8220;Ditos Dezideiros \/ Prov\u00e9rbios Mirandeses&#8221;. Traduziu pa la lh\u00e9ngua mirandesa obras cumo &#8220;Ls Quatro Eibangeilhos&#8221;, &#8220;Ls L\u00fasiadas&#8221;, de Lu\u00eds Vaz de Cam\u00f5es, &#8220;Mensaige&#8221;, de Fernando Pessoa, dues abinturas de &#8220;Ast\u00e9rix&#8221; i obras de Hour\u00e1cio, Bergildo i Catulo, antre muitos outros. Alh\u00e1 desso, fui colaborador, subretodo an mirand\u00e9s, de de l Jornal Nordeste, adonde mantenie hai muitos anhos la Fuolha Mirandesa, de l Mensageiro de Bragan\u00e7a, de l Di\u00e1rio de Tr\u00e1s-os-Montes, de l P\u00fablico i de la r\u00e1dio MirandumFM, i publicou mais de tr\u00e9s mil testos, quaijeque todos lhiterairos, an blogues cumo Fuontes de l Aire, Cumo Quien Bai de Camino i Froles Mirandesas.<\/p>\n<p style=\"padding-left: 30px;\">La sue biografie i l sou mais reciente lhibro, \u201cBelhe\u00e7 \/ Velhice\u201d, tenen salimiento marcado pa l die 5 de m\u00e1rcio, esta sumana, na Faculdade de Dreito de la Nuoba de Lisboua. Neste \u00faltimo puode ler se pula mano de l sou pseud\u00f3nimo Fracisco Niebro:<\/p>\n<p style=\"padding-left: 30px;\">&#8220;Hai un tiempo para nacer i un tiempo para un se morrer. L&#8217;alma nun puode bolar pa l cielo. Sen\u00f3, cumo podien nacer cousas nuobas? Essa ye la rucerrei\u00e7on de las almas: son bidas nuobas. Son bichicos, arbicas i todo l que bibe. Ye por esso que f\u00e1zen mui mal an anterrar las pessonas ne l semit\u00e9rio: habien de las anterrar pul campo para ajudar las almas a nacer. Assi, Dius, seia quien fur, ten muito mais trabalho.&#8221;<\/p>\n<p><script><\/script><\/p>\n","protected":false},"excerpt":{"rendered":"<p>Ayeri, domingu, 1 de marzu, fin\u00f3 los sos d\u00edes en Lisboa Amadeu Ferreira, \u00fan de los m\u00e1s destacaos escritores y defensores del mirand\u00e9s. Amadeu Ferreira yera, al empar, un gran &hellip; <\/p>\n<p class=\"link-more\"><a href=\"https:\/\/alladixital.org\/en\/na-alcordanza-damadeu-ferreira\/\" class=\"more-link\">Continue reading<span class=\"screen-reader-text\"> &#8220;Na alcordanza d\u2019Amadeu Ferreira&#8221;<\/span><\/a><\/p>\n","protected":false},"author":1,"featured_media":3181,"comment_status":"closed","ping_status":"open","sticky":false,"template":"","format":"standard","meta":{"_acf_changed":false,"footnotes":""},"categories":[133],"tags":[],"class_list":["post-4808","post","type-post","status-publish","format-standard","has-post-thumbnail","hentry","category-news"],"acf":[],"yoast_head":"<!-- This site is optimized with the Yoast SEO plugin v26.7 - https:\/\/yoast.com\/wordpress\/plugins\/seo\/ -->\n<title>Na alcordanza d\u2019Amadeu Ferreira - Academia de la Llingua Asturiana<\/title>\n<meta name=\"robots\" content=\"index, follow, max-snippet:-1, max-image-preview:large, max-video-preview:-1\" \/>\n<link rel=\"canonical\" href=\"https:\/\/alladixital.org\/en\/na-alcordanza-damadeu-ferreira\/\" \/>\n<meta property=\"og:locale\" content=\"en_US\" \/>\n<meta property=\"og:type\" content=\"article\" \/>\n<meta property=\"og:title\" content=\"Na alcordanza d\u2019Amadeu Ferreira - Academia de la Llingua Asturiana\" \/>\n<meta property=\"og:description\" content=\"Ayeri, domingu, 1 de marzu, fin\u00f3 los sos d\u00edes en Lisboa Amadeu Ferreira, \u00fan de los m\u00e1s destacaos escritores y defensores del mirand\u00e9s. Amadeu Ferreira yera, al empar, un gran &hellip; Continue reading &quot;Na alcordanza d\u2019Amadeu Ferreira&quot;\" \/>\n<meta property=\"og:url\" content=\"https:\/\/alladixital.org\/en\/na-alcordanza-damadeu-ferreira\/\" \/>\n<meta property=\"og:site_name\" content=\"Academia de la Llingua Asturiana\" \/>\n<meta property=\"article:publisher\" content=\"https:\/\/www.facebook.com\/AcademiadelaLlinguaAsturiana\/\" \/>\n<meta property=\"article:published_time\" content=\"2015-03-02T12:10:52+00:00\" \/>\n<meta property=\"og:image\" content=\"https:\/\/alladixital.org\/wp-content\/uploads\/2015\/03\/amadeu.jpg\" \/>\n\t<meta property=\"og:image:width\" content=\"749\" \/>\n\t<meta property=\"og:image:height\" content=\"564\" \/>\n\t<meta property=\"og:image:type\" content=\"image\/jpeg\" \/>\n<meta name=\"author\" content=\"admin\" \/>\n<meta name=\"twitter:card\" content=\"summary_large_image\" \/>\n<meta name=\"twitter:creator\" content=\"@ALLA_ast\" \/>\n<meta name=\"twitter:site\" content=\"@ALLA_ast\" \/>\n<script type=\"application\/ld+json\" class=\"yoast-schema-graph\">{\"@context\":\"https:\/\/schema.org\",\"@graph\":[{\"@type\":\"Article\",\"@id\":\"https:\/\/alladixital.org\/en\/na-alcordanza-damadeu-ferreira\/#article\",\"isPartOf\":{\"@id\":\"https:\/\/alladixital.org\/en\/na-alcordanza-damadeu-ferreira\/\"},\"author\":{\"name\":\"admin\",\"@id\":\"https:\/\/alladixital.org\/#\/schema\/person\/656e0920ab4ffb58592f1439c950b1cc\"},\"headline\":\"Na alcordanza d\u2019Amadeu Ferreira\",\"datePublished\":\"2015-03-02T12:10:52+00:00\",\"mainEntityOfPage\":{\"@id\":\"https:\/\/alladixital.org\/en\/na-alcordanza-damadeu-ferreira\/\"},\"wordCount\":656,\"publisher\":{\"@id\":\"https:\/\/alladixital.org\/#organization\"},\"image\":{\"@id\":\"https:\/\/alladixital.org\/en\/na-alcordanza-damadeu-ferreira\/#primaryimage\"},\"thumbnailUrl\":\"https:\/\/alladixital.org\/wp-content\/uploads\/2015\/03\/amadeu.jpg\",\"articleSection\":[\"News\"],\"inLanguage\":\"en-US\"},{\"@type\":\"WebPage\",\"@id\":\"https:\/\/alladixital.org\/en\/na-alcordanza-damadeu-ferreira\/\",\"url\":\"https:\/\/alladixital.org\/en\/na-alcordanza-damadeu-ferreira\/\",\"name\":\"Na alcordanza d\u2019Amadeu Ferreira - Academia de la Llingua Asturiana\",\"isPartOf\":{\"@id\":\"https:\/\/alladixital.org\/#website\"},\"primaryImageOfPage\":{\"@id\":\"https:\/\/alladixital.org\/en\/na-alcordanza-damadeu-ferreira\/#primaryimage\"},\"image\":{\"@id\":\"https:\/\/alladixital.org\/en\/na-alcordanza-damadeu-ferreira\/#primaryimage\"},\"thumbnailUrl\":\"https:\/\/alladixital.org\/wp-content\/uploads\/2015\/03\/amadeu.jpg\",\"datePublished\":\"2015-03-02T12:10:52+00:00\",\"breadcrumb\":{\"@id\":\"https:\/\/alladixital.org\/en\/na-alcordanza-damadeu-ferreira\/#breadcrumb\"},\"inLanguage\":\"en-US\",\"potentialAction\":[{\"@type\":\"ReadAction\",\"target\":[\"https:\/\/alladixital.org\/en\/na-alcordanza-damadeu-ferreira\/\"]}]},{\"@type\":\"ImageObject\",\"inLanguage\":\"en-US\",\"@id\":\"https:\/\/alladixital.org\/en\/na-alcordanza-damadeu-ferreira\/#primaryimage\",\"url\":\"https:\/\/alladixital.org\/wp-content\/uploads\/2015\/03\/amadeu.jpg\",\"contentUrl\":\"https:\/\/alladixital.org\/wp-content\/uploads\/2015\/03\/amadeu.jpg\",\"width\":749,\"height\":564},{\"@type\":\"BreadcrumbList\",\"@id\":\"https:\/\/alladixital.org\/en\/na-alcordanza-damadeu-ferreira\/#breadcrumb\",\"itemListElement\":[{\"@type\":\"ListItem\",\"position\":1,\"name\":\"Portada\",\"item\":\"https:\/\/alladixital.org\/\"},{\"@type\":\"ListItem\",\"position\":2,\"name\":\"Na alcordanza d\u2019Amadeu Ferreira\"}]},{\"@type\":\"WebSite\",\"@id\":\"https:\/\/alladixital.org\/#website\",\"url\":\"https:\/\/alladixital.org\/\",\"name\":\"Academia de la Llingua Asturiana\",\"description\":\"ALLA\",\"publisher\":{\"@id\":\"https:\/\/alladixital.org\/#organization\"},\"potentialAction\":[{\"@type\":\"SearchAction\",\"target\":{\"@type\":\"EntryPoint\",\"urlTemplate\":\"https:\/\/alladixital.org\/?s={search_term_string}\"},\"query-input\":{\"@type\":\"PropertyValueSpecification\",\"valueRequired\":true,\"valueName\":\"search_term_string\"}}],\"inLanguage\":\"en-US\"},{\"@type\":\"Organization\",\"@id\":\"https:\/\/alladixital.org\/#organization\",\"name\":\"Academia de la Llingua Asturiana\",\"url\":\"https:\/\/alladixital.org\/\",\"logo\":{\"@type\":\"ImageObject\",\"inLanguage\":\"en-US\",\"@id\":\"https:\/\/alladixital.org\/#\/schema\/logo\/image\/\",\"url\":\"https:\/\/alladixital.org\/wp-content\/uploads\/2022\/08\/logo_LLINGUA_280_V3.jpg\",\"contentUrl\":\"https:\/\/alladixital.org\/wp-content\/uploads\/2022\/08\/logo_LLINGUA_280_V3.jpg\",\"width\":1064,\"height\":1096,\"caption\":\"Academia de la Llingua Asturiana\"},\"image\":{\"@id\":\"https:\/\/alladixital.org\/#\/schema\/logo\/image\/\"},\"sameAs\":[\"https:\/\/www.facebook.com\/AcademiadelaLlinguaAsturiana\/\",\"https:\/\/x.com\/ALLA_ast\"]},{\"@type\":\"Person\",\"@id\":\"https:\/\/alladixital.org\/#\/schema\/person\/656e0920ab4ffb58592f1439c950b1cc\",\"name\":\"admin\",\"image\":{\"@type\":\"ImageObject\",\"inLanguage\":\"en-US\",\"@id\":\"https:\/\/alladixital.org\/#\/schema\/person\/image\/\",\"url\":\"https:\/\/secure.gravatar.com\/avatar\/c7cafab1c40b86a41f7dc1a5f47b543eabcdd3630903338f35932f4e47d657cb?s=96&d=mm&r=g\",\"contentUrl\":\"https:\/\/secure.gravatar.com\/avatar\/c7cafab1c40b86a41f7dc1a5f47b543eabcdd3630903338f35932f4e47d657cb?s=96&d=mm&r=g\",\"caption\":\"admin\"},\"url\":\"https:\/\/alladixital.org\/en\/author\/admin\/\"}]}<\/script>\n<!-- \/ Yoast SEO plugin. -->","yoast_head_json":{"title":"Na alcordanza d\u2019Amadeu Ferreira - Academia de la Llingua Asturiana","robots":{"index":"index","follow":"follow","max-snippet":"max-snippet:-1","max-image-preview":"max-image-preview:large","max-video-preview":"max-video-preview:-1"},"canonical":"https:\/\/alladixital.org\/en\/na-alcordanza-damadeu-ferreira\/","og_locale":"en_US","og_type":"article","og_title":"Na alcordanza d\u2019Amadeu Ferreira - Academia de la Llingua Asturiana","og_description":"Ayeri, domingu, 1 de marzu, fin\u00f3 los sos d\u00edes en Lisboa Amadeu Ferreira, \u00fan de los m\u00e1s destacaos escritores y defensores del mirand\u00e9s. Amadeu Ferreira yera, al empar, un gran &hellip; Continue reading \"Na alcordanza d\u2019Amadeu Ferreira\"","og_url":"https:\/\/alladixital.org\/en\/na-alcordanza-damadeu-ferreira\/","og_site_name":"Academia de la Llingua Asturiana","article_publisher":"https:\/\/www.facebook.com\/AcademiadelaLlinguaAsturiana\/","article_published_time":"2015-03-02T12:10:52+00:00","og_image":[{"width":749,"height":564,"url":"https:\/\/alladixital.org\/wp-content\/uploads\/2015\/03\/amadeu.jpg","type":"image\/jpeg"}],"author":"admin","twitter_card":"summary_large_image","twitter_creator":"@ALLA_ast","twitter_site":"@ALLA_ast","schema":{"@context":"https:\/\/schema.org","@graph":[{"@type":"Article","@id":"https:\/\/alladixital.org\/en\/na-alcordanza-damadeu-ferreira\/#article","isPartOf":{"@id":"https:\/\/alladixital.org\/en\/na-alcordanza-damadeu-ferreira\/"},"author":{"name":"admin","@id":"https:\/\/alladixital.org\/#\/schema\/person\/656e0920ab4ffb58592f1439c950b1cc"},"headline":"Na alcordanza d\u2019Amadeu Ferreira","datePublished":"2015-03-02T12:10:52+00:00","mainEntityOfPage":{"@id":"https:\/\/alladixital.org\/en\/na-alcordanza-damadeu-ferreira\/"},"wordCount":656,"publisher":{"@id":"https:\/\/alladixital.org\/#organization"},"image":{"@id":"https:\/\/alladixital.org\/en\/na-alcordanza-damadeu-ferreira\/#primaryimage"},"thumbnailUrl":"https:\/\/alladixital.org\/wp-content\/uploads\/2015\/03\/amadeu.jpg","articleSection":["News"],"inLanguage":"en-US"},{"@type":"WebPage","@id":"https:\/\/alladixital.org\/en\/na-alcordanza-damadeu-ferreira\/","url":"https:\/\/alladixital.org\/en\/na-alcordanza-damadeu-ferreira\/","name":"Na alcordanza d\u2019Amadeu Ferreira - Academia de la Llingua Asturiana","isPartOf":{"@id":"https:\/\/alladixital.org\/#website"},"primaryImageOfPage":{"@id":"https:\/\/alladixital.org\/en\/na-alcordanza-damadeu-ferreira\/#primaryimage"},"image":{"@id":"https:\/\/alladixital.org\/en\/na-alcordanza-damadeu-ferreira\/#primaryimage"},"thumbnailUrl":"https:\/\/alladixital.org\/wp-content\/uploads\/2015\/03\/amadeu.jpg","datePublished":"2015-03-02T12:10:52+00:00","breadcrumb":{"@id":"https:\/\/alladixital.org\/en\/na-alcordanza-damadeu-ferreira\/#breadcrumb"},"inLanguage":"en-US","potentialAction":[{"@type":"ReadAction","target":["https:\/\/alladixital.org\/en\/na-alcordanza-damadeu-ferreira\/"]}]},{"@type":"ImageObject","inLanguage":"en-US","@id":"https:\/\/alladixital.org\/en\/na-alcordanza-damadeu-ferreira\/#primaryimage","url":"https:\/\/alladixital.org\/wp-content\/uploads\/2015\/03\/amadeu.jpg","contentUrl":"https:\/\/alladixital.org\/wp-content\/uploads\/2015\/03\/amadeu.jpg","width":749,"height":564},{"@type":"BreadcrumbList","@id":"https:\/\/alladixital.org\/en\/na-alcordanza-damadeu-ferreira\/#breadcrumb","itemListElement":[{"@type":"ListItem","position":1,"name":"Portada","item":"https:\/\/alladixital.org\/"},{"@type":"ListItem","position":2,"name":"Na alcordanza d\u2019Amadeu Ferreira"}]},{"@type":"WebSite","@id":"https:\/\/alladixital.org\/#website","url":"https:\/\/alladixital.org\/","name":"Academia de la Llingua Asturiana","description":"ALLA","publisher":{"@id":"https:\/\/alladixital.org\/#organization"},"potentialAction":[{"@type":"SearchAction","target":{"@type":"EntryPoint","urlTemplate":"https:\/\/alladixital.org\/?s={search_term_string}"},"query-input":{"@type":"PropertyValueSpecification","valueRequired":true,"valueName":"search_term_string"}}],"inLanguage":"en-US"},{"@type":"Organization","@id":"https:\/\/alladixital.org\/#organization","name":"Academia de la Llingua Asturiana","url":"https:\/\/alladixital.org\/","logo":{"@type":"ImageObject","inLanguage":"en-US","@id":"https:\/\/alladixital.org\/#\/schema\/logo\/image\/","url":"https:\/\/alladixital.org\/wp-content\/uploads\/2022\/08\/logo_LLINGUA_280_V3.jpg","contentUrl":"https:\/\/alladixital.org\/wp-content\/uploads\/2022\/08\/logo_LLINGUA_280_V3.jpg","width":1064,"height":1096,"caption":"Academia de la Llingua Asturiana"},"image":{"@id":"https:\/\/alladixital.org\/#\/schema\/logo\/image\/"},"sameAs":["https:\/\/www.facebook.com\/AcademiadelaLlinguaAsturiana\/","https:\/\/x.com\/ALLA_ast"]},{"@type":"Person","@id":"https:\/\/alladixital.org\/#\/schema\/person\/656e0920ab4ffb58592f1439c950b1cc","name":"admin","image":{"@type":"ImageObject","inLanguage":"en-US","@id":"https:\/\/alladixital.org\/#\/schema\/person\/image\/","url":"https:\/\/secure.gravatar.com\/avatar\/c7cafab1c40b86a41f7dc1a5f47b543eabcdd3630903338f35932f4e47d657cb?s=96&d=mm&r=g","contentUrl":"https:\/\/secure.gravatar.com\/avatar\/c7cafab1c40b86a41f7dc1a5f47b543eabcdd3630903338f35932f4e47d657cb?s=96&d=mm&r=g","caption":"admin"},"url":"https:\/\/alladixital.org\/en\/author\/admin\/"}]}},"brizy_media":[],"_links":{"self":[{"href":"https:\/\/alladixital.org\/en\/wp-json\/wp\/v2\/posts\/4808","targetHints":{"allow":["GET"]}}],"collection":[{"href":"https:\/\/alladixital.org\/en\/wp-json\/wp\/v2\/posts"}],"about":[{"href":"https:\/\/alladixital.org\/en\/wp-json\/wp\/v2\/types\/post"}],"author":[{"embeddable":true,"href":"https:\/\/alladixital.org\/en\/wp-json\/wp\/v2\/users\/1"}],"replies":[{"embeddable":true,"href":"https:\/\/alladixital.org\/en\/wp-json\/wp\/v2\/comments?post=4808"}],"version-history":[{"count":0,"href":"https:\/\/alladixital.org\/en\/wp-json\/wp\/v2\/posts\/4808\/revisions"}],"wp:featuredmedia":[{"embeddable":true,"href":"https:\/\/alladixital.org\/en\/wp-json\/wp\/v2\/media\/3181"}],"wp:attachment":[{"href":"https:\/\/alladixital.org\/en\/wp-json\/wp\/v2\/media?parent=4808"}],"wp:term":[{"taxonomy":"category","embeddable":true,"href":"https:\/\/alladixital.org\/en\/wp-json\/wp\/v2\/categories?post=4808"},{"taxonomy":"post_tag","embeddable":true,"href":"https:\/\/alladixital.org\/en\/wp-json\/wp\/v2\/tags?post=4808"}],"curies":[{"name":"wp","href":"https:\/\/api.w.org\/{rel}","templated":true}]}}