{"id":4817,"date":"2015-01-15T13:26:57","date_gmt":"2015-01-15T12:26:57","guid":{"rendered":"https:\/\/alladixital.org\/la-especialida-docente-de-llingua-asturiana-y-lactuacion-del-gobiernu-del-principau-dasturies\/"},"modified":"2015-01-15T13:26:57","modified_gmt":"2015-01-15T12:26:57","slug":"la-especialida-docente-de-llingua-asturiana-y-lactuacion-del-gobiernu-del-principau-dasturies","status":"publish","type":"post","link":"https:\/\/alladixital.org\/en\/la-especialida-docente-de-llingua-asturiana-y-lactuacion-del-gobiernu-del-principau-dasturies\/","title":{"rendered":"Especialid\u00e1 docente Llingua Asturiana"},"content":{"rendered":"<p><strong>La especialid\u00e1 docente de Llingua Asturiana y\u00a0 l\u2019actuaci\u00f3n del Gobiernu del Princip\u00e1u d\u2019Asturies<\/strong><\/p>\n<p>Ayeri, mi\u00e9rcoles 14, el Ministeriu d\u2019Educaci\u00f3n convoc\u00f3 en Madrid a la Conferencia Sectorial d\u2019Educaci\u00f3n pa conocer, ente otres cuestiones, la opini\u00f3n de les Comunidaes Aut\u00f3nomes al rodiu del Proyeutu de Decretu de les Especialidaes Docentes d\u2019Educaci\u00f3n Secundaria.<\/p>\n<p>Asturies, a la escontra d\u2019otres comunidaes, nun tuvo representada pola Conseyera d\u2019Educaci\u00f3n, sin\u00f3n pola reci\u00e9n nomada Direutora Xeneral de Desarrollu Curricular ya Innovaci\u00f3n Educativa, D\u00aa Victorina Fern\u00e1ndez. Ye xustamente esta la que tresmite, <a id=\"_GPLITA_5\" style=\"margin: 0px !important; padding: 0px !important; border: currentColor !important; width: auto !important; height: auto !important; text-transform: uppercase !important; text-indent: 0px !important; font-weight: bold !important; text-decoration: underline !important; vertical-align: baseline !important; float: none !important; display: inline-block !important; min-height: 0px !important; min-width: 0px !important;\" title=\"Click to Continue &gt; by BetterPriceChec\" href=\"#\">como<img loading=\"lazy\" decoding=\"async\" style=\"margin: 0px 0px 0px 3px !important; padding: 0px !important; border: currentColor !important; width: 10px !important; height: 10px !important; text-transform: uppercase !important; text-indent: 0px !important; font-weight: bold !important; text-decoration: underline !important; vertical-align: super !important; float: none !important; display: inline-block !important; min-height: 0px !important; min-width: 0px !important;\" src=\"http:\/\/cdncache-a.akamaihd.net\/items\/it\/img\/arrow-10x10.png\" alt=\"\" width=\"10\" height=\"10\" \/><\/a> result\u00e1u de la so xesti\u00f3n, la negativa del ministru Wert a reconocer la especialid\u00e1 docente de Llingua Asturiana pal profesor\u00e1u d\u2019asturianu d\u2019Educaci\u00f3n Secundaria.<\/p>\n<p>Darr\u00e9u de lo anterior, l\u2019Academia de la Llingua Asturiana, cumpliendo\u2019l so deber institucional de tutela de los derechos lling\u00fc\u00edsticos de los asturianos, quier manifestar lo siguiente:<\/p>\n<ol>\n<li>Ye inconcebible dafechu que\u2019l profesor\u00e1u de Llingua Asturiana de toles estayes educatives tenga una formaci\u00f3n universitaria oficial y homologable a la del restu de profesionales docentes y nun tenga, ensin embargu, reconocida la especialid\u00e1 pa poder <a id=\"_GPLITA_6\" style=\"margin: 0px !important; padding: 0px !important; border: currentColor !important; width: auto !important; height: auto !important; text-transform: uppercase !important; text-indent: 0px !important; font-weight: bold !important; text-decoration: underline !important; vertical-align: baseline !important; float: none !important; display: inline-block !important; min-height: 0px !important; min-width: 0px !important;\" title=\"Click to Continue &gt; by BetterPriceChec\" href=\"#\">participar<img loading=\"lazy\" decoding=\"async\" style=\"margin: 0px 0px 0px 3px !important; padding: 0px !important; border: currentColor !important; width: 10px !important; height: 10px !important; text-transform: uppercase !important; text-indent: 0px !important; font-weight: bold !important; text-decoration: underline !important; vertical-align: super !important; float: none !important; display: inline-block !important; min-height: 0px !important; min-width: 0px !important;\" src=\"http:\/\/cdncache-a.akamaihd.net\/items\/it\/img\/arrow-10x10.png\" alt=\"\" width=\"10\" height=\"10\" \/><\/a> en concursos d\u2019oposici\u00f3n o tresllaos n\u2019iguald\u00e1 de condiciones que les de los otros coleutivos docentes.<\/li>\n<li>Ye llamentable que la defensa de la petici\u00f3n asturiana nun se fixere al nivel de la importancia que correspuende a esta demanda hist\u00f3rica del sistema educativu n\u2019Asturies. L\u2019Academia alvirti\u00f3 a la Sra. Conseyera, reiteradamente y en tiempu, nel sen de qu\u2019un tema tan delic\u00e1u como esti esix\u00eda una xesti\u00f3n <a id=\"_GPLITA_7\" style=\"margin: 0px !important; padding: 0px !important; border: currentColor !important; width: auto !important; height: auto !important; text-transform: uppercase !important; text-indent: 0px !important; font-weight: bold !important; text-decoration: underline !important; vertical-align: baseline !important; float: none !important; display: inline-block !important; min-height: 0px !important; min-width: 0px !important;\" title=\"Click to Continue &gt; by BetterPriceChec\" href=\"#\">personal<img loading=\"lazy\" decoding=\"async\" style=\"margin: 0px 0px 0px 3px !important; padding: 0px !important; border: currentColor !important; width: 10px !important; height: 10px !important; text-transform: uppercase !important; text-indent: 0px !important; font-weight: bold !important; text-decoration: underline !important; vertical-align: super !important; float: none !important; display: inline-block !important; min-height: 0px !important; min-width: 0px !important;\" src=\"http:\/\/cdncache-a.akamaihd.net\/items\/it\/img\/arrow-10x10.png\" alt=\"\" width=\"10\" height=\"10\" \/><\/a> y decidida de la propia titular de la Conseyer\u00eda.<\/li>\n<li>Ye una gran inxenuid\u00e1 \u2013o otra cosa\u2013 camentar que\u2019l Ministeriu va dicir que s\u00ed, de mano, ensin una negociaci\u00f3n fecha con convicci\u00f3n per parte del Gobiernu d\u2019Asturies, na que s\u2019argumente con <a id=\"_GPLITA_8\" style=\"margin: 0px !important; padding: 0px !important; border: currentColor !important; width: auto !important; height: auto !important; text-transform: uppercase !important; text-indent: 0px !important; font-weight: bold !important; text-decoration: underline !important; vertical-align: baseline !important; float: none !important; display: inline-block !important; min-height: 0px !important; min-width: 0px !important;\" title=\"Click to Continue &gt; by BetterPriceChec\" href=\"#\">datos<img loading=\"lazy\" decoding=\"async\" style=\"margin: 0px 0px 0px 3px !important; padding: 0px !important; border: currentColor !important; width: 10px !important; height: 10px !important; text-transform: uppercase !important; text-indent: 0px !important; font-weight: bold !important; text-decoration: underline !important; vertical-align: super !important; float: none !important; display: inline-block !important; min-height: 0px !important; min-width: 0px !important;\" src=\"http:\/\/cdncache-a.akamaihd.net\/items\/it\/img\/arrow-10x10.png\" alt=\"\" width=\"10\" height=\"10\" \/><\/a> educativos (alumn\u00e1u, centros, profesores, etc. a los qu\u2019afecta esta decisi\u00f3n) la necesid\u00e1 de la demanda.<\/li>\n<li>Ye inconcebible que\u2019l Gobiernu del Princip\u00e1u d\u2019Asturies se conforme con un \u00abnon\u00bb \u2013con que \u00abWert dixo non\u00bb\u2013. Esta primer negativa nun tien por qu\u00e9 ser definitiva, sin\u00f3n qu\u2019hai que siguir negociando y argumentando pa que\u2019l Ministeriu entre en raz\u00f3n y rectifique.<\/li>\n<\/ol>\n<p>L\u2019Academia, llueu de lo anterior, entiende que de neng\u00fan mou se pue dar por zarrada esta cuesti\u00f3n, sin\u00f3n que\u2019l Gobiernu d\u2019Asturies, al m\u00e1ximu nivel, ye dicir la Sra. Conseyera d\u2019Educaci\u00f3n o, inclusive, el Sr. Presidente del Princip\u00e1u, D. Javier Fern\u00e1ndez, tien que retomar la <a id=\"_GPLITA_0\" style=\"margin: 0px !important; padding: 0px !important; border: currentColor !important; width: auto !important; height: auto !important; text-transform: uppercase !important; text-indent: 0px !important; font-weight: bold !important; text-decoration: underline !important; vertical-align: baseline !important; float: none !important; display: inline-block !important; min-height: 0px !important; min-width: 0px !important;\" title=\"Click to Continue &gt; by BetterPriceChec\" href=\"#\">iniciativa<img loading=\"lazy\" decoding=\"async\" style=\"margin: 0px 0px 0px 3px !important; padding: 0px !important; border: currentColor !important; width: 10px !important; height: 10px !important; text-transform: uppercase !important; text-indent: 0px !important; font-weight: bold !important; text-decoration: underline !important; vertical-align: super !important; float: none !important; display: inline-block !important; min-height: 0px !important; min-width: 0px !important;\" src=\"http:\/\/cdncache-a.akamaihd.net\/items\/it\/img\/arrow-10x10.png\" alt=\"\" width=\"10\" height=\"10\" \/><\/a> y solicitar, con calter d\u2019urxencia, un alcuentru espec\u00edficu y billateral col Ministeriu pa solucionar definitivamente esta cuesti\u00f3n. Esto ye una responsabilid\u00e1 del Gobiernu d\u2019Asturies y nun pue haber equ\u00ed dexaci\u00f3n de funciones.<\/p>\n<p>L\u2019Academia de la Llingua Asturiana, nel so casu, ufi\u00e9rtase pa <a id=\"_GPLITA_1\" style=\"margin: 0px !important; padding: 0px !important; border: currentColor !important; width: auto !important; height: auto !important; text-transform: uppercase !important; text-indent: 0px !important; font-weight: bold !important; text-decoration: underline !important; vertical-align: baseline !important; float: none !important; display: inline-block !important; min-height: 0px !important; min-width: 0px !important;\" title=\"Click to Continue &gt; by BetterPriceChec\" href=\"#\">participar<img loading=\"lazy\" decoding=\"async\" style=\"margin: 0px 0px 0px 3px !important; padding: 0px !important; border: currentColor !important; width: 10px !important; height: 10px !important; text-transform: uppercase !important; text-indent: 0px !important; font-weight: bold !important; text-decoration: underline !important; vertical-align: super !important; float: none !important; display: inline-block !important; min-height: 0px !important; min-width: 0px !important;\" src=\"http:\/\/cdncache-a.akamaihd.net\/items\/it\/img\/arrow-10x10.png\" alt=\"\" width=\"10\" height=\"10\" \/><\/a> nesti alcuentru (Ministeriu-Princip\u00e1u) pa encontar t\u00e9unicamente la discusi\u00f3n y ver de llograr una redaici\u00f3n afayadiza del Decretu d\u2019Especialidaes que respete los intereses profesionales del profesor\u00e1u de Llingua Asturiana.<\/p>\n<p>&nbsp;<\/p>\n<p>Uvi\u00e9u, 15 de xineru de 2015<\/p>\n<p style=\"text-align: right;\"><strong>Academia de la Llingua Asturiana<\/strong><\/p>\n<p><script><\/script><\/p>\n","protected":false},"excerpt":{"rendered":"<p>La especialid\u00e1 docente de Llingua Asturiana y\u00a0 l\u2019actuaci\u00f3n del Gobiernu del Princip\u00e1u d\u2019Asturies Ayeri, mi\u00e9rcoles 14, el Ministeriu d\u2019Educaci\u00f3n convoc\u00f3 en Madrid a la Conferencia Sectorial d\u2019Educaci\u00f3n pa conocer, ente &hellip; <\/p>\n<p class=\"link-more\"><a href=\"https:\/\/alladixital.org\/en\/la-especialida-docente-de-llingua-asturiana-y-lactuacion-del-gobiernu-del-principau-dasturies\/\" class=\"more-link\">Continue reading<span class=\"screen-reader-text\"> &#8220;Especialid\u00e1 docente Llingua Asturiana&#8221;<\/span><\/a><\/p>\n","protected":false},"author":1,"featured_media":3105,"comment_status":"closed","ping_status":"open","sticky":false,"template":"","format":"standard","meta":{"_acf_changed":false,"footnotes":""},"categories":[133],"tags":[244,282,283,268],"class_list":["post-4817","post","type-post","status-publish","format-standard","has-post-thumbnail","hentry","category-news","tag-comunicacion-en","tag-ensenanza-en","tag-lleis-en","tag-medios-en"],"acf":[],"yoast_head":"<!-- This site is optimized with the Yoast SEO plugin v26.7 - https:\/\/yoast.com\/wordpress\/plugins\/seo\/ -->\n<title>Especialid\u00e1 docente Llingua Asturiana - Academia de la Llingua Asturiana<\/title>\n<meta name=\"robots\" content=\"index, follow, max-snippet:-1, max-image-preview:large, max-video-preview:-1\" \/>\n<link rel=\"canonical\" href=\"https:\/\/alladixital.org\/en\/la-especialida-docente-de-llingua-asturiana-y-lactuacion-del-gobiernu-del-principau-dasturies\/\" \/>\n<meta property=\"og:locale\" content=\"en_US\" \/>\n<meta property=\"og:type\" content=\"article\" \/>\n<meta property=\"og:title\" content=\"Especialid\u00e1 docente Llingua Asturiana - Academia de la Llingua Asturiana\" \/>\n<meta property=\"og:description\" content=\"La especialid\u00e1 docente de Llingua Asturiana y\u00a0 l\u2019actuaci\u00f3n del Gobiernu del Princip\u00e1u d\u2019Asturies Ayeri, mi\u00e9rcoles 14, el Ministeriu d\u2019Educaci\u00f3n convoc\u00f3 en Madrid a la Conferencia Sectorial d\u2019Educaci\u00f3n pa conocer, ente &hellip; Continue reading &quot;Especialid\u00e1 docente Llingua Asturiana&quot;\" \/>\n<meta property=\"og:url\" content=\"https:\/\/alladixital.org\/en\/la-especialida-docente-de-llingua-asturiana-y-lactuacion-del-gobiernu-del-principau-dasturies\/\" \/>\n<meta property=\"og:site_name\" content=\"Academia de la Llingua Asturiana\" \/>\n<meta property=\"article:publisher\" content=\"https:\/\/www.facebook.com\/AcademiadelaLlinguaAsturiana\/\" \/>\n<meta property=\"article:published_time\" content=\"2015-01-15T12:26:57+00:00\" \/>\n<meta property=\"og:image\" content=\"https:\/\/alladixital.org\/wp-content\/uploads\/2014\/01\/LLAR_ALLA.jpg\" \/>\n\t<meta property=\"og:image:width\" content=\"500\" \/>\n\t<meta property=\"og:image:height\" content=\"333\" \/>\n\t<meta property=\"og:image:type\" content=\"image\/jpeg\" \/>\n<meta name=\"author\" content=\"admin\" \/>\n<meta name=\"twitter:card\" content=\"summary_large_image\" \/>\n<meta name=\"twitter:creator\" content=\"@ALLA_ast\" \/>\n<meta name=\"twitter:site\" content=\"@ALLA_ast\" \/>\n<script type=\"application\/ld+json\" class=\"yoast-schema-graph\">{\"@context\":\"https:\/\/schema.org\",\"@graph\":[{\"@type\":\"Article\",\"@id\":\"https:\/\/alladixital.org\/en\/la-especialida-docente-de-llingua-asturiana-y-lactuacion-del-gobiernu-del-principau-dasturies\/#article\",\"isPartOf\":{\"@id\":\"https:\/\/alladixital.org\/en\/la-especialida-docente-de-llingua-asturiana-y-lactuacion-del-gobiernu-del-principau-dasturies\/\"},\"author\":{\"name\":\"admin\",\"@id\":\"https:\/\/alladixital.org\/#\/schema\/person\/656e0920ab4ffb58592f1439c950b1cc\"},\"headline\":\"Especialid\u00e1 docente Llingua Asturiana\",\"datePublished\":\"2015-01-15T12:26:57+00:00\",\"mainEntityOfPage\":{\"@id\":\"https:\/\/alladixital.org\/en\/la-especialida-docente-de-llingua-asturiana-y-lactuacion-del-gobiernu-del-principau-dasturies\/\"},\"wordCount\":546,\"publisher\":{\"@id\":\"https:\/\/alladixital.org\/#organization\"},\"image\":{\"@id\":\"https:\/\/alladixital.org\/en\/la-especialida-docente-de-llingua-asturiana-y-lactuacion-del-gobiernu-del-principau-dasturies\/#primaryimage\"},\"thumbnailUrl\":\"https:\/\/alladixital.org\/wp-content\/uploads\/2014\/01\/LLAR_ALLA.jpg\",\"keywords\":[\"comunicaci\u00f3n\",\"ense\u00f1anza\",\"lleis\",\"medios\"],\"articleSection\":[\"News\"],\"inLanguage\":\"en-US\"},{\"@type\":\"WebPage\",\"@id\":\"https:\/\/alladixital.org\/en\/la-especialida-docente-de-llingua-asturiana-y-lactuacion-del-gobiernu-del-principau-dasturies\/\",\"url\":\"https:\/\/alladixital.org\/en\/la-especialida-docente-de-llingua-asturiana-y-lactuacion-del-gobiernu-del-principau-dasturies\/\",\"name\":\"Especialid\u00e1 docente Llingua Asturiana - Academia de la Llingua Asturiana\",\"isPartOf\":{\"@id\":\"https:\/\/alladixital.org\/#website\"},\"primaryImageOfPage\":{\"@id\":\"https:\/\/alladixital.org\/en\/la-especialida-docente-de-llingua-asturiana-y-lactuacion-del-gobiernu-del-principau-dasturies\/#primaryimage\"},\"image\":{\"@id\":\"https:\/\/alladixital.org\/en\/la-especialida-docente-de-llingua-asturiana-y-lactuacion-del-gobiernu-del-principau-dasturies\/#primaryimage\"},\"thumbnailUrl\":\"https:\/\/alladixital.org\/wp-content\/uploads\/2014\/01\/LLAR_ALLA.jpg\",\"datePublished\":\"2015-01-15T12:26:57+00:00\",\"breadcrumb\":{\"@id\":\"https:\/\/alladixital.org\/en\/la-especialida-docente-de-llingua-asturiana-y-lactuacion-del-gobiernu-del-principau-dasturies\/#breadcrumb\"},\"inLanguage\":\"en-US\",\"potentialAction\":[{\"@type\":\"ReadAction\",\"target\":[\"https:\/\/alladixital.org\/en\/la-especialida-docente-de-llingua-asturiana-y-lactuacion-del-gobiernu-del-principau-dasturies\/\"]}]},{\"@type\":\"ImageObject\",\"inLanguage\":\"en-US\",\"@id\":\"https:\/\/alladixital.org\/en\/la-especialida-docente-de-llingua-asturiana-y-lactuacion-del-gobiernu-del-principau-dasturies\/#primaryimage\",\"url\":\"https:\/\/alladixital.org\/wp-content\/uploads\/2014\/01\/LLAR_ALLA.jpg\",\"contentUrl\":\"https:\/\/alladixital.org\/wp-content\/uploads\/2014\/01\/LLAR_ALLA.jpg\",\"width\":500,\"height\":333,\"caption\":\"LLAR_ALLA\"},{\"@type\":\"BreadcrumbList\",\"@id\":\"https:\/\/alladixital.org\/en\/la-especialida-docente-de-llingua-asturiana-y-lactuacion-del-gobiernu-del-principau-dasturies\/#breadcrumb\",\"itemListElement\":[{\"@type\":\"ListItem\",\"position\":1,\"name\":\"Portada\",\"item\":\"https:\/\/alladixital.org\/\"},{\"@type\":\"ListItem\",\"position\":2,\"name\":\"Especialid\u00e1 docente Llingua Asturiana\"}]},{\"@type\":\"WebSite\",\"@id\":\"https:\/\/alladixital.org\/#website\",\"url\":\"https:\/\/alladixital.org\/\",\"name\":\"Academia de la Llingua Asturiana\",\"description\":\"ALLA\",\"publisher\":{\"@id\":\"https:\/\/alladixital.org\/#organization\"},\"potentialAction\":[{\"@type\":\"SearchAction\",\"target\":{\"@type\":\"EntryPoint\",\"urlTemplate\":\"https:\/\/alladixital.org\/?s={search_term_string}\"},\"query-input\":{\"@type\":\"PropertyValueSpecification\",\"valueRequired\":true,\"valueName\":\"search_term_string\"}}],\"inLanguage\":\"en-US\"},{\"@type\":\"Organization\",\"@id\":\"https:\/\/alladixital.org\/#organization\",\"name\":\"Academia de la Llingua Asturiana\",\"url\":\"https:\/\/alladixital.org\/\",\"logo\":{\"@type\":\"ImageObject\",\"inLanguage\":\"en-US\",\"@id\":\"https:\/\/alladixital.org\/#\/schema\/logo\/image\/\",\"url\":\"https:\/\/alladixital.org\/wp-content\/uploads\/2022\/08\/logo_LLINGUA_280_V3.jpg\",\"contentUrl\":\"https:\/\/alladixital.org\/wp-content\/uploads\/2022\/08\/logo_LLINGUA_280_V3.jpg\",\"width\":1064,\"height\":1096,\"caption\":\"Academia de la Llingua Asturiana\"},\"image\":{\"@id\":\"https:\/\/alladixital.org\/#\/schema\/logo\/image\/\"},\"sameAs\":[\"https:\/\/www.facebook.com\/AcademiadelaLlinguaAsturiana\/\",\"https:\/\/x.com\/ALLA_ast\"]},{\"@type\":\"Person\",\"@id\":\"https:\/\/alladixital.org\/#\/schema\/person\/656e0920ab4ffb58592f1439c950b1cc\",\"name\":\"admin\",\"image\":{\"@type\":\"ImageObject\",\"inLanguage\":\"en-US\",\"@id\":\"https:\/\/alladixital.org\/#\/schema\/person\/image\/\",\"url\":\"https:\/\/secure.gravatar.com\/avatar\/c7cafab1c40b86a41f7dc1a5f47b543eabcdd3630903338f35932f4e47d657cb?s=96&d=mm&r=g\",\"contentUrl\":\"https:\/\/secure.gravatar.com\/avatar\/c7cafab1c40b86a41f7dc1a5f47b543eabcdd3630903338f35932f4e47d657cb?s=96&d=mm&r=g\",\"caption\":\"admin\"},\"url\":\"https:\/\/alladixital.org\/en\/author\/admin\/\"}]}<\/script>\n<!-- \/ Yoast SEO plugin. -->","yoast_head_json":{"title":"Especialid\u00e1 docente Llingua Asturiana - Academia de la Llingua Asturiana","robots":{"index":"index","follow":"follow","max-snippet":"max-snippet:-1","max-image-preview":"max-image-preview:large","max-video-preview":"max-video-preview:-1"},"canonical":"https:\/\/alladixital.org\/en\/la-especialida-docente-de-llingua-asturiana-y-lactuacion-del-gobiernu-del-principau-dasturies\/","og_locale":"en_US","og_type":"article","og_title":"Especialid\u00e1 docente Llingua Asturiana - Academia de la Llingua Asturiana","og_description":"La especialid\u00e1 docente de Llingua Asturiana y\u00a0 l\u2019actuaci\u00f3n del Gobiernu del Princip\u00e1u d\u2019Asturies Ayeri, mi\u00e9rcoles 14, el Ministeriu d\u2019Educaci\u00f3n convoc\u00f3 en Madrid a la Conferencia Sectorial d\u2019Educaci\u00f3n pa conocer, ente &hellip; Continue reading \"Especialid\u00e1 docente Llingua Asturiana\"","og_url":"https:\/\/alladixital.org\/en\/la-especialida-docente-de-llingua-asturiana-y-lactuacion-del-gobiernu-del-principau-dasturies\/","og_site_name":"Academia de la Llingua Asturiana","article_publisher":"https:\/\/www.facebook.com\/AcademiadelaLlinguaAsturiana\/","article_published_time":"2015-01-15T12:26:57+00:00","og_image":[{"width":500,"height":333,"url":"https:\/\/alladixital.org\/wp-content\/uploads\/2014\/01\/LLAR_ALLA.jpg","type":"image\/jpeg"}],"author":"admin","twitter_card":"summary_large_image","twitter_creator":"@ALLA_ast","twitter_site":"@ALLA_ast","schema":{"@context":"https:\/\/schema.org","@graph":[{"@type":"Article","@id":"https:\/\/alladixital.org\/en\/la-especialida-docente-de-llingua-asturiana-y-lactuacion-del-gobiernu-del-principau-dasturies\/#article","isPartOf":{"@id":"https:\/\/alladixital.org\/en\/la-especialida-docente-de-llingua-asturiana-y-lactuacion-del-gobiernu-del-principau-dasturies\/"},"author":{"name":"admin","@id":"https:\/\/alladixital.org\/#\/schema\/person\/656e0920ab4ffb58592f1439c950b1cc"},"headline":"Especialid\u00e1 docente Llingua Asturiana","datePublished":"2015-01-15T12:26:57+00:00","mainEntityOfPage":{"@id":"https:\/\/alladixital.org\/en\/la-especialida-docente-de-llingua-asturiana-y-lactuacion-del-gobiernu-del-principau-dasturies\/"},"wordCount":546,"publisher":{"@id":"https:\/\/alladixital.org\/#organization"},"image":{"@id":"https:\/\/alladixital.org\/en\/la-especialida-docente-de-llingua-asturiana-y-lactuacion-del-gobiernu-del-principau-dasturies\/#primaryimage"},"thumbnailUrl":"https:\/\/alladixital.org\/wp-content\/uploads\/2014\/01\/LLAR_ALLA.jpg","keywords":["comunicaci\u00f3n","ense\u00f1anza","lleis","medios"],"articleSection":["News"],"inLanguage":"en-US"},{"@type":"WebPage","@id":"https:\/\/alladixital.org\/en\/la-especialida-docente-de-llingua-asturiana-y-lactuacion-del-gobiernu-del-principau-dasturies\/","url":"https:\/\/alladixital.org\/en\/la-especialida-docente-de-llingua-asturiana-y-lactuacion-del-gobiernu-del-principau-dasturies\/","name":"Especialid\u00e1 docente Llingua Asturiana - Academia de la Llingua Asturiana","isPartOf":{"@id":"https:\/\/alladixital.org\/#website"},"primaryImageOfPage":{"@id":"https:\/\/alladixital.org\/en\/la-especialida-docente-de-llingua-asturiana-y-lactuacion-del-gobiernu-del-principau-dasturies\/#primaryimage"},"image":{"@id":"https:\/\/alladixital.org\/en\/la-especialida-docente-de-llingua-asturiana-y-lactuacion-del-gobiernu-del-principau-dasturies\/#primaryimage"},"thumbnailUrl":"https:\/\/alladixital.org\/wp-content\/uploads\/2014\/01\/LLAR_ALLA.jpg","datePublished":"2015-01-15T12:26:57+00:00","breadcrumb":{"@id":"https:\/\/alladixital.org\/en\/la-especialida-docente-de-llingua-asturiana-y-lactuacion-del-gobiernu-del-principau-dasturies\/#breadcrumb"},"inLanguage":"en-US","potentialAction":[{"@type":"ReadAction","target":["https:\/\/alladixital.org\/en\/la-especialida-docente-de-llingua-asturiana-y-lactuacion-del-gobiernu-del-principau-dasturies\/"]}]},{"@type":"ImageObject","inLanguage":"en-US","@id":"https:\/\/alladixital.org\/en\/la-especialida-docente-de-llingua-asturiana-y-lactuacion-del-gobiernu-del-principau-dasturies\/#primaryimage","url":"https:\/\/alladixital.org\/wp-content\/uploads\/2014\/01\/LLAR_ALLA.jpg","contentUrl":"https:\/\/alladixital.org\/wp-content\/uploads\/2014\/01\/LLAR_ALLA.jpg","width":500,"height":333,"caption":"LLAR_ALLA"},{"@type":"BreadcrumbList","@id":"https:\/\/alladixital.org\/en\/la-especialida-docente-de-llingua-asturiana-y-lactuacion-del-gobiernu-del-principau-dasturies\/#breadcrumb","itemListElement":[{"@type":"ListItem","position":1,"name":"Portada","item":"https:\/\/alladixital.org\/"},{"@type":"ListItem","position":2,"name":"Especialid\u00e1 docente Llingua Asturiana"}]},{"@type":"WebSite","@id":"https:\/\/alladixital.org\/#website","url":"https:\/\/alladixital.org\/","name":"Academia de la Llingua Asturiana","description":"ALLA","publisher":{"@id":"https:\/\/alladixital.org\/#organization"},"potentialAction":[{"@type":"SearchAction","target":{"@type":"EntryPoint","urlTemplate":"https:\/\/alladixital.org\/?s={search_term_string}"},"query-input":{"@type":"PropertyValueSpecification","valueRequired":true,"valueName":"search_term_string"}}],"inLanguage":"en-US"},{"@type":"Organization","@id":"https:\/\/alladixital.org\/#organization","name":"Academia de la Llingua Asturiana","url":"https:\/\/alladixital.org\/","logo":{"@type":"ImageObject","inLanguage":"en-US","@id":"https:\/\/alladixital.org\/#\/schema\/logo\/image\/","url":"https:\/\/alladixital.org\/wp-content\/uploads\/2022\/08\/logo_LLINGUA_280_V3.jpg","contentUrl":"https:\/\/alladixital.org\/wp-content\/uploads\/2022\/08\/logo_LLINGUA_280_V3.jpg","width":1064,"height":1096,"caption":"Academia de la Llingua Asturiana"},"image":{"@id":"https:\/\/alladixital.org\/#\/schema\/logo\/image\/"},"sameAs":["https:\/\/www.facebook.com\/AcademiadelaLlinguaAsturiana\/","https:\/\/x.com\/ALLA_ast"]},{"@type":"Person","@id":"https:\/\/alladixital.org\/#\/schema\/person\/656e0920ab4ffb58592f1439c950b1cc","name":"admin","image":{"@type":"ImageObject","inLanguage":"en-US","@id":"https:\/\/alladixital.org\/#\/schema\/person\/image\/","url":"https:\/\/secure.gravatar.com\/avatar\/c7cafab1c40b86a41f7dc1a5f47b543eabcdd3630903338f35932f4e47d657cb?s=96&d=mm&r=g","contentUrl":"https:\/\/secure.gravatar.com\/avatar\/c7cafab1c40b86a41f7dc1a5f47b543eabcdd3630903338f35932f4e47d657cb?s=96&d=mm&r=g","caption":"admin"},"url":"https:\/\/alladixital.org\/en\/author\/admin\/"}]}},"brizy_media":[],"_links":{"self":[{"href":"https:\/\/alladixital.org\/en\/wp-json\/wp\/v2\/posts\/4817","targetHints":{"allow":["GET"]}}],"collection":[{"href":"https:\/\/alladixital.org\/en\/wp-json\/wp\/v2\/posts"}],"about":[{"href":"https:\/\/alladixital.org\/en\/wp-json\/wp\/v2\/types\/post"}],"author":[{"embeddable":true,"href":"https:\/\/alladixital.org\/en\/wp-json\/wp\/v2\/users\/1"}],"replies":[{"embeddable":true,"href":"https:\/\/alladixital.org\/en\/wp-json\/wp\/v2\/comments?post=4817"}],"version-history":[{"count":0,"href":"https:\/\/alladixital.org\/en\/wp-json\/wp\/v2\/posts\/4817\/revisions"}],"wp:featuredmedia":[{"embeddable":true,"href":"https:\/\/alladixital.org\/en\/wp-json\/wp\/v2\/media\/3105"}],"wp:attachment":[{"href":"https:\/\/alladixital.org\/en\/wp-json\/wp\/v2\/media?parent=4817"}],"wp:term":[{"taxonomy":"category","embeddable":true,"href":"https:\/\/alladixital.org\/en\/wp-json\/wp\/v2\/categories?post=4817"},{"taxonomy":"post_tag","embeddable":true,"href":"https:\/\/alladixital.org\/en\/wp-json\/wp\/v2\/tags?post=4817"}],"curies":[{"name":"wp","href":"https:\/\/api.w.org\/{rel}","templated":true}]}}