{"id":4823,"date":"2014-12-18T08:30:28","date_gmt":"2014-12-18T07:30:28","guid":{"rendered":"https:\/\/alladixital.org\/actu-dhomenax-nalcordanza-del-profesor-d-miguel-ramos-corrada\/"},"modified":"2014-12-18T08:30:28","modified_gmt":"2014-12-18T07:30:28","slug":"actu-dhomenax-nalcordanza-del-profesor-d-miguel-ramos-corrada","status":"publish","type":"post","link":"https:\/\/alladixital.org\/en\/actu-dhomenax-nalcordanza-del-profesor-d-miguel-ramos-corrada\/","title":{"rendered":"Actu d&#8217;homenax Ramos Corrada"},"content":{"rendered":"<p>Ayeri 17 d&#8217;avientu, l\u2019Academia de la Llingua Asturiana celebr\u00f3 l&#8217;actu d\u2019homenax\u00a0 na alcordanza del profesor D. Miguel Ramos Corrada, vicepresidente de l\u2019ALLA, a les 7:00 de la tarde, na sala de conferencies del Antiguu Institutu Xovellanos de Xix\u00f3n.<\/p>\n<p>Nel actu intervinieron:<\/p>\n<ul>\n<li>D. Carlos Rubiera Tuya, Conceyal d\u2019Educaci\u00f3n, Cultura, Moced\u00e1 y Fiestes del Conceyu de Xix\u00f3n.<\/li>\n<li>D. Mario Men\u00e9ndez Fern\u00e1ndez, Coordinador del\u00a0Centru d\u2019Orientaci\u00f3n, Informaci\u00f3n y Empl\u00e9u de la UNED n\u2019Asturies.<\/li>\n<li>D\u00f1a. Ana Mar\u00eda Fueyo Llaneza, Direutora Xeneral de Pol\u00edtica Lling\u00fc\u00edstica del Gobiernu del Princip\u00e1u d\u2019Asturies.<\/li>\n<li>D. Vicente Gotor Santamar\u00eda, Rector de la Universid\u00e1 d\u2019Uvi\u00e9u.<\/li>\n<li>D\u00f1a. Ana M\u00aa Cano Gonz\u00e1lez, Presidenta de l\u2019Academia de la Llingua Asturiana.<\/li>\n<\/ul>\n<p>Nesta xornada institucional present\u00f3se\u2019l llibru <em>Estudios lliterarios y otros trabayos<\/em>, obra que recueye\u2019l so llabor como m\u00e1ximu especialista que foi de la Lliteratura Asturiana.<br \/>\n<script><\/script><\/p>\n","protected":false},"excerpt":{"rendered":"<p>Ayeri 17 d&#8217;avientu, l\u2019Academia de la Llingua Asturiana celebr\u00f3 l&#8217;actu d\u2019homenax\u00a0 na alcordanza del profesor D. Miguel Ramos Corrada, vicepresidente de l\u2019ALLA, a les 7:00 de la tarde, na sala &hellip; <\/p>\n<p class=\"link-more\"><a href=\"https:\/\/alladixital.org\/en\/actu-dhomenax-nalcordanza-del-profesor-d-miguel-ramos-corrada\/\" class=\"more-link\">Continue reading<span class=\"screen-reader-text\"> &#8220;Actu d&#8217;homenax Ramos Corrada&#8221;<\/span><\/a><\/p>\n","protected":false},"author":1,"featured_media":3178,"comment_status":"closed","ping_status":"open","sticky":false,"template":"","format":"standard","meta":{"_acf_changed":false,"footnotes":""},"categories":[133],"tags":[244,320,160],"class_list":["post-4823","post","type-post","status-publish","format-standard","has-post-thumbnail","hentry","category-news","tag-comunicacion-en","tag-homenax-en","tag-presentacion-en"],"acf":[],"yoast_head":"<!-- This site is optimized with the Yoast SEO plugin v26.7 - https:\/\/yoast.com\/wordpress\/plugins\/seo\/ -->\n<title>Actu d&#039;homenax Ramos Corrada - Academia de la Llingua Asturiana<\/title>\n<meta name=\"robots\" content=\"index, follow, max-snippet:-1, max-image-preview:large, max-video-preview:-1\" \/>\n<link rel=\"canonical\" href=\"https:\/\/alladixital.org\/en\/actu-dhomenax-nalcordanza-del-profesor-d-miguel-ramos-corrada\/\" \/>\n<meta property=\"og:locale\" content=\"en_US\" \/>\n<meta property=\"og:type\" content=\"article\" \/>\n<meta property=\"og:title\" content=\"Actu d&#039;homenax Ramos Corrada - Academia de la Llingua Asturiana\" \/>\n<meta property=\"og:description\" content=\"Ayeri 17 d&#8217;avientu, l\u2019Academia de la Llingua Asturiana celebr\u00f3 l&#8217;actu d\u2019homenax\u00a0 na alcordanza del profesor D. Miguel Ramos Corrada, vicepresidente de l\u2019ALLA, a les 7:00 de la tarde, na sala &hellip; Continue reading &quot;Actu d&#8217;homenax Ramos Corrada&quot;\" \/>\n<meta property=\"og:url\" content=\"https:\/\/alladixital.org\/en\/actu-dhomenax-nalcordanza-del-profesor-d-miguel-ramos-corrada\/\" \/>\n<meta property=\"og:site_name\" content=\"Academia de la Llingua Asturiana\" \/>\n<meta property=\"article:publisher\" content=\"https:\/\/www.facebook.com\/AcademiadelaLlinguaAsturiana\/\" \/>\n<meta property=\"article:published_time\" content=\"2014-12-18T07:30:28+00:00\" \/>\n<meta property=\"og:image\" content=\"https:\/\/alladixital.org\/wp-content\/uploads\/2014\/12\/IMG_2778.jpg\" \/>\n\t<meta property=\"og:image:width\" content=\"653\" \/>\n\t<meta property=\"og:image:height\" content=\"490\" \/>\n\t<meta property=\"og:image:type\" content=\"image\/jpeg\" \/>\n<meta name=\"author\" content=\"admin\" \/>\n<meta name=\"twitter:card\" content=\"summary_large_image\" \/>\n<meta name=\"twitter:creator\" content=\"@ALLA_ast\" \/>\n<meta name=\"twitter:site\" content=\"@ALLA_ast\" \/>\n<script type=\"application\/ld+json\" class=\"yoast-schema-graph\">{\"@context\":\"https:\/\/schema.org\",\"@graph\":[{\"@type\":\"Article\",\"@id\":\"https:\/\/alladixital.org\/en\/actu-dhomenax-nalcordanza-del-profesor-d-miguel-ramos-corrada\/#article\",\"isPartOf\":{\"@id\":\"https:\/\/alladixital.org\/en\/actu-dhomenax-nalcordanza-del-profesor-d-miguel-ramos-corrada\/\"},\"author\":{\"name\":\"admin\",\"@id\":\"https:\/\/alladixital.org\/#\/schema\/person\/656e0920ab4ffb58592f1439c950b1cc\"},\"headline\":\"Actu d&#8217;homenax Ramos Corrada\",\"datePublished\":\"2014-12-18T07:30:28+00:00\",\"mainEntityOfPage\":{\"@id\":\"https:\/\/alladixital.org\/en\/actu-dhomenax-nalcordanza-del-profesor-d-miguel-ramos-corrada\/\"},\"wordCount\":165,\"publisher\":{\"@id\":\"https:\/\/alladixital.org\/#organization\"},\"image\":{\"@id\":\"https:\/\/alladixital.org\/en\/actu-dhomenax-nalcordanza-del-profesor-d-miguel-ramos-corrada\/#primaryimage\"},\"thumbnailUrl\":\"https:\/\/alladixital.org\/wp-content\/uploads\/2014\/12\/IMG_2778.jpg\",\"keywords\":[\"comunicaci\u00f3n\",\"Homenax\",\"presentaci\u00f3n\"],\"articleSection\":[\"News\"],\"inLanguage\":\"en-US\"},{\"@type\":\"WebPage\",\"@id\":\"https:\/\/alladixital.org\/en\/actu-dhomenax-nalcordanza-del-profesor-d-miguel-ramos-corrada\/\",\"url\":\"https:\/\/alladixital.org\/en\/actu-dhomenax-nalcordanza-del-profesor-d-miguel-ramos-corrada\/\",\"name\":\"Actu d'homenax Ramos Corrada - Academia de la Llingua Asturiana\",\"isPartOf\":{\"@id\":\"https:\/\/alladixital.org\/#website\"},\"primaryImageOfPage\":{\"@id\":\"https:\/\/alladixital.org\/en\/actu-dhomenax-nalcordanza-del-profesor-d-miguel-ramos-corrada\/#primaryimage\"},\"image\":{\"@id\":\"https:\/\/alladixital.org\/en\/actu-dhomenax-nalcordanza-del-profesor-d-miguel-ramos-corrada\/#primaryimage\"},\"thumbnailUrl\":\"https:\/\/alladixital.org\/wp-content\/uploads\/2014\/12\/IMG_2778.jpg\",\"datePublished\":\"2014-12-18T07:30:28+00:00\",\"breadcrumb\":{\"@id\":\"https:\/\/alladixital.org\/en\/actu-dhomenax-nalcordanza-del-profesor-d-miguel-ramos-corrada\/#breadcrumb\"},\"inLanguage\":\"en-US\",\"potentialAction\":[{\"@type\":\"ReadAction\",\"target\":[\"https:\/\/alladixital.org\/en\/actu-dhomenax-nalcordanza-del-profesor-d-miguel-ramos-corrada\/\"]}]},{\"@type\":\"ImageObject\",\"inLanguage\":\"en-US\",\"@id\":\"https:\/\/alladixital.org\/en\/actu-dhomenax-nalcordanza-del-profesor-d-miguel-ramos-corrada\/#primaryimage\",\"url\":\"https:\/\/alladixital.org\/wp-content\/uploads\/2014\/12\/IMG_2778.jpg\",\"contentUrl\":\"https:\/\/alladixital.org\/wp-content\/uploads\/2014\/12\/IMG_2778.jpg\",\"width\":653,\"height\":490},{\"@type\":\"BreadcrumbList\",\"@id\":\"https:\/\/alladixital.org\/en\/actu-dhomenax-nalcordanza-del-profesor-d-miguel-ramos-corrada\/#breadcrumb\",\"itemListElement\":[{\"@type\":\"ListItem\",\"position\":1,\"name\":\"Portada\",\"item\":\"https:\/\/alladixital.org\/\"},{\"@type\":\"ListItem\",\"position\":2,\"name\":\"Actu d&#8217;homenax Ramos Corrada\"}]},{\"@type\":\"WebSite\",\"@id\":\"https:\/\/alladixital.org\/#website\",\"url\":\"https:\/\/alladixital.org\/\",\"name\":\"Academia de la Llingua Asturiana\",\"description\":\"ALLA\",\"publisher\":{\"@id\":\"https:\/\/alladixital.org\/#organization\"},\"potentialAction\":[{\"@type\":\"SearchAction\",\"target\":{\"@type\":\"EntryPoint\",\"urlTemplate\":\"https:\/\/alladixital.org\/?s={search_term_string}\"},\"query-input\":{\"@type\":\"PropertyValueSpecification\",\"valueRequired\":true,\"valueName\":\"search_term_string\"}}],\"inLanguage\":\"en-US\"},{\"@type\":\"Organization\",\"@id\":\"https:\/\/alladixital.org\/#organization\",\"name\":\"Academia de la Llingua Asturiana\",\"url\":\"https:\/\/alladixital.org\/\",\"logo\":{\"@type\":\"ImageObject\",\"inLanguage\":\"en-US\",\"@id\":\"https:\/\/alladixital.org\/#\/schema\/logo\/image\/\",\"url\":\"https:\/\/alladixital.org\/wp-content\/uploads\/2022\/08\/logo_LLINGUA_280_V3.jpg\",\"contentUrl\":\"https:\/\/alladixital.org\/wp-content\/uploads\/2022\/08\/logo_LLINGUA_280_V3.jpg\",\"width\":1064,\"height\":1096,\"caption\":\"Academia de la Llingua Asturiana\"},\"image\":{\"@id\":\"https:\/\/alladixital.org\/#\/schema\/logo\/image\/\"},\"sameAs\":[\"https:\/\/www.facebook.com\/AcademiadelaLlinguaAsturiana\/\",\"https:\/\/x.com\/ALLA_ast\"]},{\"@type\":\"Person\",\"@id\":\"https:\/\/alladixital.org\/#\/schema\/person\/656e0920ab4ffb58592f1439c950b1cc\",\"name\":\"admin\",\"image\":{\"@type\":\"ImageObject\",\"inLanguage\":\"en-US\",\"@id\":\"https:\/\/alladixital.org\/#\/schema\/person\/image\/\",\"url\":\"https:\/\/secure.gravatar.com\/avatar\/c7cafab1c40b86a41f7dc1a5f47b543eabcdd3630903338f35932f4e47d657cb?s=96&d=mm&r=g\",\"contentUrl\":\"https:\/\/secure.gravatar.com\/avatar\/c7cafab1c40b86a41f7dc1a5f47b543eabcdd3630903338f35932f4e47d657cb?s=96&d=mm&r=g\",\"caption\":\"admin\"},\"url\":\"https:\/\/alladixital.org\/en\/author\/admin\/\"}]}<\/script>\n<!-- \/ Yoast SEO plugin. -->","yoast_head_json":{"title":"Actu d'homenax Ramos Corrada - Academia de la Llingua Asturiana","robots":{"index":"index","follow":"follow","max-snippet":"max-snippet:-1","max-image-preview":"max-image-preview:large","max-video-preview":"max-video-preview:-1"},"canonical":"https:\/\/alladixital.org\/en\/actu-dhomenax-nalcordanza-del-profesor-d-miguel-ramos-corrada\/","og_locale":"en_US","og_type":"article","og_title":"Actu d'homenax Ramos Corrada - Academia de la Llingua Asturiana","og_description":"Ayeri 17 d&#8217;avientu, l\u2019Academia de la Llingua Asturiana celebr\u00f3 l&#8217;actu d\u2019homenax\u00a0 na alcordanza del profesor D. Miguel Ramos Corrada, vicepresidente de l\u2019ALLA, a les 7:00 de la tarde, na sala &hellip; Continue reading \"Actu d&#8217;homenax Ramos Corrada\"","og_url":"https:\/\/alladixital.org\/en\/actu-dhomenax-nalcordanza-del-profesor-d-miguel-ramos-corrada\/","og_site_name":"Academia de la Llingua Asturiana","article_publisher":"https:\/\/www.facebook.com\/AcademiadelaLlinguaAsturiana\/","article_published_time":"2014-12-18T07:30:28+00:00","og_image":[{"width":653,"height":490,"url":"https:\/\/alladixital.org\/wp-content\/uploads\/2014\/12\/IMG_2778.jpg","type":"image\/jpeg"}],"author":"admin","twitter_card":"summary_large_image","twitter_creator":"@ALLA_ast","twitter_site":"@ALLA_ast","schema":{"@context":"https:\/\/schema.org","@graph":[{"@type":"Article","@id":"https:\/\/alladixital.org\/en\/actu-dhomenax-nalcordanza-del-profesor-d-miguel-ramos-corrada\/#article","isPartOf":{"@id":"https:\/\/alladixital.org\/en\/actu-dhomenax-nalcordanza-del-profesor-d-miguel-ramos-corrada\/"},"author":{"name":"admin","@id":"https:\/\/alladixital.org\/#\/schema\/person\/656e0920ab4ffb58592f1439c950b1cc"},"headline":"Actu d&#8217;homenax Ramos Corrada","datePublished":"2014-12-18T07:30:28+00:00","mainEntityOfPage":{"@id":"https:\/\/alladixital.org\/en\/actu-dhomenax-nalcordanza-del-profesor-d-miguel-ramos-corrada\/"},"wordCount":165,"publisher":{"@id":"https:\/\/alladixital.org\/#organization"},"image":{"@id":"https:\/\/alladixital.org\/en\/actu-dhomenax-nalcordanza-del-profesor-d-miguel-ramos-corrada\/#primaryimage"},"thumbnailUrl":"https:\/\/alladixital.org\/wp-content\/uploads\/2014\/12\/IMG_2778.jpg","keywords":["comunicaci\u00f3n","Homenax","presentaci\u00f3n"],"articleSection":["News"],"inLanguage":"en-US"},{"@type":"WebPage","@id":"https:\/\/alladixital.org\/en\/actu-dhomenax-nalcordanza-del-profesor-d-miguel-ramos-corrada\/","url":"https:\/\/alladixital.org\/en\/actu-dhomenax-nalcordanza-del-profesor-d-miguel-ramos-corrada\/","name":"Actu d'homenax Ramos Corrada - Academia de la Llingua Asturiana","isPartOf":{"@id":"https:\/\/alladixital.org\/#website"},"primaryImageOfPage":{"@id":"https:\/\/alladixital.org\/en\/actu-dhomenax-nalcordanza-del-profesor-d-miguel-ramos-corrada\/#primaryimage"},"image":{"@id":"https:\/\/alladixital.org\/en\/actu-dhomenax-nalcordanza-del-profesor-d-miguel-ramos-corrada\/#primaryimage"},"thumbnailUrl":"https:\/\/alladixital.org\/wp-content\/uploads\/2014\/12\/IMG_2778.jpg","datePublished":"2014-12-18T07:30:28+00:00","breadcrumb":{"@id":"https:\/\/alladixital.org\/en\/actu-dhomenax-nalcordanza-del-profesor-d-miguel-ramos-corrada\/#breadcrumb"},"inLanguage":"en-US","potentialAction":[{"@type":"ReadAction","target":["https:\/\/alladixital.org\/en\/actu-dhomenax-nalcordanza-del-profesor-d-miguel-ramos-corrada\/"]}]},{"@type":"ImageObject","inLanguage":"en-US","@id":"https:\/\/alladixital.org\/en\/actu-dhomenax-nalcordanza-del-profesor-d-miguel-ramos-corrada\/#primaryimage","url":"https:\/\/alladixital.org\/wp-content\/uploads\/2014\/12\/IMG_2778.jpg","contentUrl":"https:\/\/alladixital.org\/wp-content\/uploads\/2014\/12\/IMG_2778.jpg","width":653,"height":490},{"@type":"BreadcrumbList","@id":"https:\/\/alladixital.org\/en\/actu-dhomenax-nalcordanza-del-profesor-d-miguel-ramos-corrada\/#breadcrumb","itemListElement":[{"@type":"ListItem","position":1,"name":"Portada","item":"https:\/\/alladixital.org\/"},{"@type":"ListItem","position":2,"name":"Actu d&#8217;homenax Ramos Corrada"}]},{"@type":"WebSite","@id":"https:\/\/alladixital.org\/#website","url":"https:\/\/alladixital.org\/","name":"Academia de la Llingua Asturiana","description":"ALLA","publisher":{"@id":"https:\/\/alladixital.org\/#organization"},"potentialAction":[{"@type":"SearchAction","target":{"@type":"EntryPoint","urlTemplate":"https:\/\/alladixital.org\/?s={search_term_string}"},"query-input":{"@type":"PropertyValueSpecification","valueRequired":true,"valueName":"search_term_string"}}],"inLanguage":"en-US"},{"@type":"Organization","@id":"https:\/\/alladixital.org\/#organization","name":"Academia de la Llingua Asturiana","url":"https:\/\/alladixital.org\/","logo":{"@type":"ImageObject","inLanguage":"en-US","@id":"https:\/\/alladixital.org\/#\/schema\/logo\/image\/","url":"https:\/\/alladixital.org\/wp-content\/uploads\/2022\/08\/logo_LLINGUA_280_V3.jpg","contentUrl":"https:\/\/alladixital.org\/wp-content\/uploads\/2022\/08\/logo_LLINGUA_280_V3.jpg","width":1064,"height":1096,"caption":"Academia de la Llingua Asturiana"},"image":{"@id":"https:\/\/alladixital.org\/#\/schema\/logo\/image\/"},"sameAs":["https:\/\/www.facebook.com\/AcademiadelaLlinguaAsturiana\/","https:\/\/x.com\/ALLA_ast"]},{"@type":"Person","@id":"https:\/\/alladixital.org\/#\/schema\/person\/656e0920ab4ffb58592f1439c950b1cc","name":"admin","image":{"@type":"ImageObject","inLanguage":"en-US","@id":"https:\/\/alladixital.org\/#\/schema\/person\/image\/","url":"https:\/\/secure.gravatar.com\/avatar\/c7cafab1c40b86a41f7dc1a5f47b543eabcdd3630903338f35932f4e47d657cb?s=96&d=mm&r=g","contentUrl":"https:\/\/secure.gravatar.com\/avatar\/c7cafab1c40b86a41f7dc1a5f47b543eabcdd3630903338f35932f4e47d657cb?s=96&d=mm&r=g","caption":"admin"},"url":"https:\/\/alladixital.org\/en\/author\/admin\/"}]}},"brizy_media":[],"_links":{"self":[{"href":"https:\/\/alladixital.org\/en\/wp-json\/wp\/v2\/posts\/4823","targetHints":{"allow":["GET"]}}],"collection":[{"href":"https:\/\/alladixital.org\/en\/wp-json\/wp\/v2\/posts"}],"about":[{"href":"https:\/\/alladixital.org\/en\/wp-json\/wp\/v2\/types\/post"}],"author":[{"embeddable":true,"href":"https:\/\/alladixital.org\/en\/wp-json\/wp\/v2\/users\/1"}],"replies":[{"embeddable":true,"href":"https:\/\/alladixital.org\/en\/wp-json\/wp\/v2\/comments?post=4823"}],"version-history":[{"count":0,"href":"https:\/\/alladixital.org\/en\/wp-json\/wp\/v2\/posts\/4823\/revisions"}],"wp:featuredmedia":[{"embeddable":true,"href":"https:\/\/alladixital.org\/en\/wp-json\/wp\/v2\/media\/3178"}],"wp:attachment":[{"href":"https:\/\/alladixital.org\/en\/wp-json\/wp\/v2\/media?parent=4823"}],"wp:term":[{"taxonomy":"category","embeddable":true,"href":"https:\/\/alladixital.org\/en\/wp-json\/wp\/v2\/categories?post=4823"},{"taxonomy":"post_tag","embeddable":true,"href":"https:\/\/alladixital.org\/en\/wp-json\/wp\/v2\/tags?post=4823"}],"curies":[{"name":"wp","href":"https:\/\/api.w.org\/{rel}","templated":true}]}}