{"id":4857,"date":"2013-11-05T10:07:19","date_gmt":"2013-11-05T09:07:19","guid":{"rendered":"https:\/\/alladixital.org\/concursos-de-lacademia-2014\/"},"modified":"2013-11-05T10:07:19","modified_gmt":"2013-11-05T09:07:19","slug":"concursos-de-lacademia-2014","status":"publish","type":"post","link":"https:\/\/alladixital.org\/en\/concursos-de-lacademia-2014\/","title":{"rendered":"Concursos de l&#8217;Academia 2014"},"content":{"rendered":"<p style=\"text-align: justify;\"><span style=\"color: #000000;\"><b>CONCURSOS D\u2019INVESTIGACI\u00d3N <\/b><\/span><\/p>\n<p style=\"text-align: justify;\"><span style=\"color: #000000;\"><i>L\u2019Academia de la Llingua Asturiana, naguando pol llogru d\u2019una llingua dignificada y persabiendo que la investigaci\u00f3n ye \u00fan de los meyores encontos de toa reivindicaci\u00f3n, fai convocatoria de cuatro premios pa obres en llingua asturiana seg\u00fan s\u2019afita nestes bases:<\/i><\/span><\/p>\n<ol style=\"text-align: justify;\">\n<li><span style=\"color: #000000;\">Conv\u00f3case <b>un premiu <\/b>de 600 \u20ac pa un trabayu de recoyida de <b>material topon\u00edmico<\/b> oral, ensin asoleyar, qu\u2019abarque<\/span><br \/>\n<span style=\"color: #000000;\"> la totalid\u00e1 d\u2019una parroquia, grupu de parroquies o Conceyu, siguiendo\u2019l modelu afit\u00e1u na coleici\u00f3n \u00abToponimia\u00bb asoleyada por esta Academia.<\/span><\/li>\n<li><span style=\"color: #000000;\">Conv\u00f3case <b>un premiu<\/b> de 600 \u20ac pa un trabayu de recoyida oral de <b>l\u00e9xicu asturianu<\/b> ensin asoleyar.<\/span><\/li>\n<li><span style=\"color: #000000;\">Conv\u00f3case <b>un premiu<\/b> de 600 \u20ac pa un trabayu d\u2019<b>investigaci\u00f3n lling\u00fc\u00edstica<\/b> ensin asoleyar que tenga aspeutos lling\u00fc\u00edsticos o sociolling\u00fc\u00edsticos d\u2019Asturies como oxetu d\u2019estudiu, dende una perspeutiva sincr\u00f3nica o diacr\u00f3nica. El trabayu pue cincar aspeutos xenerales o espec\u00edficos.<\/span><\/li>\n<li><span style=\"color: #000000;\">Conv\u00f3case <b>un premiu<\/b> de 600 \u20ac pa un trabayu d\u2019investigaci\u00f3n sobre <b>lliteratura asturiana<\/b> (oral o escrita) que seya orixinal ensin asoleyar, que nun pase de 100 fueyes tama\u00f1u foliu.<\/span><\/li>\n<li><span style=\"color: #000000;\">A xuiciu del xur\u00e1u podr\u00e1n dase hasta <b>3 acc\u00e9sits<\/b>, \u00fan de 300 \u20ac y dos de 150 \u20ac, en ca\u00fana de les modalidaes citaes. <\/span><\/li>\n<li><span style=\"color: #000000;\">Los premios podr\u00e1n quedar ermos.<\/span><\/li>\n<li><span style=\"color: #000000;\">Puen participar toles persones interesaes, pero non los miembros de n\u00famberu de l\u2019Academia de la<\/span><br \/>\n<span style=\"color: #000000;\"> Llingua Asturiana.<\/span><\/li>\n<li><span style=\"color: #000000;\">Nun podr\u00e1n concursar a estos premios les tesis doctorales.<\/span><\/li>\n<li><span style=\"color: #000000;\">Los trabayos presentar\u00e1nse por triplicao na Academia de la Llingua Asturiana (C\/ L&#8217;\u00c1guila 10 \u2013 Uvi\u00e9u) o unviar\u00e1nse per corr\u00e9u certific\u00e1u (Apart\u00e1u 574 \u2013 33080 Uvi\u00e9u) hasta\u2019l d\u00eda 28 de febreru de 2014. Nun se tornar\u00e1 neng\u00fan trabayu al so autor.<\/span><\/li>\n<li><span style=\"color: #000000;\">L\u2019Academia res\u00e9rvase per dos a\u00f1os el derechu n&#8217;esclusiva de la edici\u00f3n, en cualquier formatu, del trabayu qu\u2019algame\u2019l primer premiu en cada modalid\u00e1, asina como de los beneficios que puedan siguise darr\u00e9u.<\/span><\/li>\n<li><span style=\"color: #000000;\">El xur\u00e1u o xuraos formar\u00e1nlu tres persones escoy\u00edes pola Academia de la Llingua Asturiana.<\/span><\/li>\n<li><span style=\"color: #000000;\">Del result\u00e1u del xur\u00e1u, al que nun se podr\u00e1 retrucar, dar\u00e1se conocencia per <i>Lletres Asturianes<\/i> y comunicar\u00e1se a la<\/span><br \/>\n<span style=\"color: #000000;\"> prensa.<\/span><\/li>\n<li><span style=\"color: #000000;\">El xur\u00e1u entiende les llendes d\u2019esta convocatoria.<\/span><\/li>\n<li><span style=\"color: #000000;\">Participar na convocatoria lleva inxer\u00edo aceutar perdafechu estes bases.<\/span><\/li>\n<\/ol>\n<p style=\"text-align: justify;\"><span style=\"color: #000000;\"><b>LLECTURES PA RAPAZOS<\/b><\/span><\/p>\n<p style=\"text-align: justify;\"><span style=\"color: #000000;\"><i>Con oxetu de llograr una bona lliteratura pa rapazos y rapacinos y al mesmu tiempu pa dir algamando\u2019l material pedag\u00f3xico afayadizo, l\u2019Academia de la Llingua Asturiana llama a dos concursos:<\/i><\/span><\/p>\n<ol style=\"text-align: justify;\">\n<li><span style=\"color: #000000;\"><b>De llectures<\/b> (cuentos, rellatos, poes\u00eda, teatru, m\u00e9todos de deprendimientu de la llingua, etc.) <b>pa rapacinos d\u2019Educaci\u00f3n<br \/>\nPrimaria<\/b>.<\/span><\/li>\n<li><span style=\"color: #000000;\"><b>De llectures<\/b> (cuentos, rellatos, poes\u00eda, teatru, m\u00e9todos de deprendimientu de la llingua, etc.) <b>pa rapazos d\u2019Educai\u00f3n Secundaria y de Bachilleratu.<\/b><\/span><\/li>\n<\/ol>\n<p style=\"text-align: justify;\"><span style=\"color: #000000;\">Los finxos d\u2019estos concursos son:<\/span><\/p>\n<ul style=\"text-align: justify;\">\n<li><span style=\"color: #000000;\">a) Premiar\u00e1se\u2019l trabayu ganador de cada modalid\u00e1 cola so <b>imprentaci\u00f3n<\/b> y con <b>600 \u20ac<\/b>. <\/span><\/li>\n<li><span style=\"color: #000000;\">b) Los premios podr\u00e1n quedar ermos.<\/span><\/li>\n<li><span style=\"color: #000000;\">c) La tem\u00e1tica ye llibre y sedr\u00e1 valoratible\u2019l tipu d\u2019ilustraci\u00f3n que s\u2019axunte al testu.<\/span><\/li>\n<li><span style=\"color: #000000;\">d) Nun s\u2019almitir\u00e1n les traducciones. <\/span><\/li>\n<li><span style=\"color: #000000;\">e) Puen participar toles persones interesaes col n\u00famberu d\u2019obres que-yos pete, pero non los miembros de n\u00famberu de l\u2019Academia de la Llingua Asturiana.<\/span><\/li>\n<li><span style=\"color: #000000;\">f) Los trabayos presentar\u00e1nse per triplicao (orixinal y dos copies) na Academia de la Llingua Asturiana (C\/ L\u2019\u00c1guila 10 &#8211; Uvi\u00e9u) o unviar\u00e1nse per corr\u00e9u certific\u00e1u (Apart\u00e1u 574 &#8211; 33080 Uvi\u00e9u) hasta\u2019l d\u00eda 28 de febreru de 2014 nun sobre ensin remite. Dientro\u2019l sobre habr\u00e1 dir otru, zarr\u00e1u, coles se\u00f1es del que concursa.<\/span><\/li>\n<li><span style=\"color: #000000;\">g) L\u2019Academia res\u00e9rvase per dos a\u00f1os el derechu n\u2019esclusiva de la edici\u00f3n, en cualesquier formatu, de los trabayos premiaos, asina como de los beneficios que puedan siguise darr\u00e9u.<\/span><\/li>\n<li><span style=\"color: #000000;\">h) Les obres non premiaes nun se tornar\u00e1n a los sos autores pero estos podr\u00e1n, pela so parte, faer usu de les copies non presentaes.<\/span><\/li>\n<li><span style=\"color: #000000;\">i) El xur\u00e1u o xuraos formar\u00e1nlu tres persones escoy\u00edes pola Academia de la Llingua Asturiana.<\/span><\/li>\n<li><span style=\"color: #000000;\">k) Del result\u00e1u del xur\u00e1u, al que nun se podr\u00e1 retrucar, dar\u00e1se conocencia per <i>Lletres Asturianes<\/i> y comunicar\u00e1se a la prensa.<\/span><\/li>\n<li><span style=\"color: #000000;\">l) El xur\u00e1u entiende les llendes d\u2019esta convocatoria.<\/span><\/li>\n<li><span style=\"color: #000000;\">ll) Participar na convocatoria lleva inxer\u00edo aceutar perdafechu estes bases.<\/span><\/li>\n<\/ul>\n<p style=\"text-align: justify;\"><span style=\"color: #000000;\"><b>CREACI\u00d3N LLITERARIA PREMIU &#8220;Llorienzu Novo Mier&#8221;<\/b><\/span><\/p>\n<p style=\"text-align: justify;\"><span style=\"color: #000000;\"><i>L\u2019Academia de la Llingua Asturiana llama a tolos escritores y persones enfotaes a un concursu de creaci\u00f3n lliteraria en prosa o versu dientro d\u2019estos finxos:<\/i><\/span><\/p>\n<ol style=\"text-align: justify;\">\n<li><span style=\"color: #000000;\">Premiar\u00e1se cola so <b>imprentaci\u00f3n<\/b> y con <b>600 \u20ac<\/b> aquella <b>obra ensin asoleyar, en prosa o versu,<\/b> qu\u2019a xuiciu del xur\u00e1u presente m\u00e1s valir lliterariu.<\/span><\/li>\n<li><span style=\"color: #000000;\">El premiu pue quedar ermu.<\/span><\/li>\n<li><span style=\"color: #000000;\">La tem\u00e1tica ye llibre. La llargura\u2019l rellatu ha tener, polo menos, 50 fueyes, estremaes les llinies a dos espacios. La llargura del poemariu ha ser, polo menos, de 500 versos.<\/span><\/li>\n<li><span style=\"color: #000000;\">Puen participar toles persones interesaes col n\u00famberu d\u2019obres que-yos pete, pero non los miembros de n\u00famberu de l\u2019Academia de la Llingua Asturiana.<\/span><\/li>\n<li><span style=\"color: #000000;\">Los trabayos presentar\u00e1nse per triplicao na Academia de la Llingua Asturiana (C\/ L\u2019\u00c1guila 10 &#8211; Uvi\u00e9u) o unviar\u00e1nse per corr\u00e9u certific\u00e1u (Apart\u00e1u 574 &#8211; 33080 Uvi\u00e9u) hasta\u2019l d\u00eda 28 de febreru de 2014 nun sobre ensin remite. Dientro\u2019l sobre habr\u00e1 dir otru, zarr\u00e1u, coles se\u00f1es del que concursa.<\/span><\/li>\n<li><span style=\"color: #000000;\">L\u2019Academia res\u00e9rvase per dos a\u00f1os el derechu n\u2019esclusiva de la edici\u00f3n, en cualesquier formatu, del trabayu premi\u00e1u, asina como de los beneficios que puedan siguise darr\u00e9u.<\/span><\/li>\n<li><span style=\"color: #000000;\">Les obres non premiaes nun se tornar\u00e1n a los sos autores pero estos podr\u00e1n, pela so parte, faer usu de les copies non presentaes.<\/span><\/li>\n<li><span style=\"color: #000000;\">El xur\u00e1u formar\u00e1nlu tres persones escoy\u00edes pola Academia de la Llingua Asturiana.<\/span><\/li>\n<li><span style=\"color: #000000;\">Del result\u00e1u del xur\u00e1u, al que nun se podr\u00e1 retrucar, dar\u00e1se conocencia per <i>Lletres Asturianes<\/i> y comunicar\u00e1se a la prensa.<\/span><\/li>\n<li><span style=\"color: #000000;\">El xur\u00e1u entiende les llendes d\u2019esta convocatoria.<\/span><\/li>\n<li><span style=\"color: #000000;\">Participar na convocatoria lleva inxer\u00edo aceutar perdafechu estes bases.<\/span><\/li>\n<\/ol>\n<p style=\"text-align: justify;\"><span style=\"color: #000000;\"><b>CONCURSU DE RECOYIDA DE MATERIAL LLITERARIO ORAL<\/b><\/span><\/p>\n<p style=\"text-align: justify;\"><span style=\"color: #000000;\"><i>L\u2019Academia de la Llingua Asturiana llama a tolos escritores, investigadores y persones enfotaes a un concursu de recoyida de material lliterario oral asturiano dientro d\u2019estos finxos:<\/i><\/span><\/p>\n<ol style=\"text-align: justify;\">\n<li><span style=\"color: #000000;\">Premiar\u00e1se cola so <b>imprentaci\u00f3n<\/b> y con <b>600 \u20ac<\/b> aquel <b>trabayu ensin asoleyar<\/b>qu\u2019a xuiciu del xur\u00e1u presente m\u00e1s valir. Tendr\u00e1se en cuenta la calid\u00e1 de los materiales presentaos y les referencies que s\u2019aporten.<\/span><\/li>\n<li><span style=\"color: #000000;\">A xuiciu del xur\u00e1u podr\u00e1n dase hasta <b>3 acc\u00e9sits<\/b>, \u00fan de 300 \u20ac y dos de 150 \u20ac.<\/span><\/li>\n<li><span style=\"color: #000000;\">Los premios podr\u00e1n quedar ermos.<\/span><\/li>\n<li><span style=\"color: #000000;\">Puen participar toles persones interesaes col n\u00famberu d\u2019obres que-yos pete, pero non los miembros de n\u00famberu de l\u2019Academia de la Llingua Asturiana.<\/span><\/li>\n<li><span style=\"color: #000000;\">Los trabayos presentar\u00e1nse per triplicao na Academia de la Llingua Asturiana (C\/ L\u2019\u00c1guila 10 &#8211; Uvi\u00e9u) o unviar\u00e1nse per corr\u00e9u certific\u00e1u (Apart\u00e1u 574 &#8211; 33080 Uvi\u00e9u) hasta\u2019l d\u00eda 28 de febreru de 2014 nun sobre ensin remite. Dientro\u2019l sobre habr\u00e1 dir otru, zarr\u00e1u, coles se\u00f1es del que concursa.<\/span><\/li>\n<li><span style=\"color: #000000;\">L\u2019Academia res\u00e9rvase per dos a\u00f1os el derechu n\u2019esclusiva de la edici\u00f3n, en cualesquier formatu, del trabayu premi\u00e1u, asina como de los beneficios que puedan siguise darr\u00e9u.<\/span><\/li>\n<li><span style=\"color: #000000;\">Los trabayos non premiaos nun se tornar\u00e1n a los sos autores pero estos podr\u00e1n, pela so parte, faer usu de les copies non presentaes.<\/span><\/li>\n<li><span style=\"color: #000000;\">El xur\u00e1u formar\u00e1nlu tres persones escoy\u00edes pola Academia de la Llingua Asturiana.<\/span><\/li>\n<li><span style=\"color: #000000;\">Del result\u00e1u del xur\u00e1u, al que nun se podr\u00e1 retrucar, dar\u00e1se conocencia per <i>Lletres Asturianes<\/i> y comunicar\u00e1se a la prensa.<\/span><\/li>\n<li><span style=\"color: #000000;\">El xur\u00e1u entiende les llendes d\u2019esta convocatoria.<\/span><\/li>\n<li><span style=\"color: #000000;\">Participar na convocatoria lleva inxer\u00edo aceutar perdafechu estes bases.<\/span><\/li>\n<\/ol>\n<p style=\"text-align: justify;\"><span style=\"color: #000000;\"><b>CONCURSU DE TEATRU<\/b><\/span><\/p>\n<p style=\"text-align: justify;\"><span style=\"color: #000000;\"><i>L\u2019Academia de la Llingua Asturiana llama a tolos escritores y persones enfotaes a un concursu de teatru n\u2019asturianu dientro d\u2019estos finxos:<\/i><\/span><\/p>\n<ol style=\"text-align: justify;\">\n<li><span style=\"color: #000000;\">Premiar\u00e1se cola so <b>imprentaci\u00f3n<\/b> y con <b>600 \u20ac<\/b> aquella <b>obra ensin asoleyar<\/b> qu\u2019a xuiciu del xur\u00e1u presente m\u00e1s valir lliterariu.<\/span><\/li>\n<li><span style=\"color: #000000;\">El premiu pue quedar ermu.<\/span><\/li>\n<li><span style=\"color: #000000;\">La tem\u00e1tica ye llibre.<\/span><\/li>\n<li><span style=\"color: #000000;\">Puen participar toles persones interesaes col n\u00famberu d\u2019obres que-yos pete, pero non los miembros de n\u00famberu de l\u2019Academia de la Llingua Asturiana.<\/span><\/li>\n<li><span style=\"color: #000000;\">Los trabayos presentar\u00e1nse per triplicao na Academia de la Llingua Asturiana (C\/ L\u2019\u00c1guila 10 &#8211; Uvi\u00e9u) o unviar\u00e1nse per corr\u00e9u certific\u00e1u (Apart\u00e1u 574 &#8211; 33080 Uvi\u00e9u) hasta\u2019l d\u00eda 28 de febreru de 2014 nun sobre ensin remite. Dientro\u2019l sobre habr\u00e1 dir otru, zarr\u00e1u, coles se\u00f1es del que concursa.<\/span><\/li>\n<li><span style=\"color: #000000;\">L\u2019Academia res\u00e9rvase per dos a\u00f1os el derechu n\u2019esclusiva de la edici\u00f3n, en cualesquier formatu, del trabayu premi\u00e1u, asina como de los beneficios que puedan siguise darr\u00e9u.<\/span><\/li>\n<li><span style=\"color: #000000;\">Les obres non premiaes nun se tornar\u00e1n a los sos autores pero estos podr\u00e1n, pela so parte, faer usu de les copies non presentaes.<\/span><\/li>\n<li><span style=\"color: #000000;\">El xur\u00e1u formar\u00e1nlu tres persones escoy\u00edes pola Academia de la Llingua Asturiana.<\/span><\/li>\n<li><span style=\"color: #000000;\">Del result\u00e1u del xur\u00e1u, al que nun se podr\u00e1 retrucar, dar\u00e1se conocencia per <i>Lletres Asturianes<\/i> y comunicar\u00e1se a la prensa.<\/span><\/li>\n<li><span style=\"color: #000000;\">El xur\u00e1u entiende les llendes d\u2019esta convocatoria.<\/span><\/li>\n<li><span style=\"color: #000000;\">Participar na convocatoria lleva inxer\u00edo aceutar perdafechu estes bases.<\/span><\/li>\n<\/ol>\n<p style=\"text-align: justify;\"><span style=\"color: #000000;\"><b>CONCURSU DE RECOYIDA DE MATERIAL LLITERARIO ESCRITO<br \/>\nPremiu \u201cFederico G.-Fierro Botas\u201d <\/b><\/span><\/p>\n<p style=\"text-align: justify;\"><span style=\"color: #000000;\"><i>L\u2019Academia de la Llingua Asturiana llama a tolos escritores, investigadores y persones enfotaes a un concursu de recoyida de material lliterario escrito dientro d\u2019estos finxos:<\/i><\/span><\/p>\n<ol>\n<li style=\"text-align: justify;\"><span style=\"color: #000000;\">Premiar\u00e1se cola so <b>imprentaci\u00f3n<\/b> y con <b>600 \u20ac<\/b> aquel <b>trabayu ensin asoleyar<\/b>qu\u2019a xuiciu del xur\u00e1u presente m\u00e1s valir. Tendr\u00e1se en cuenta la calid\u00e1 de los materiales presentaos, les referencies que s\u2019aporten y la organizaci\u00f3n de los datos. Asina mesmo faise necesario que\u2019l trabayu o trabayos presentaos s\u2019axusten a les condiciones esix\u00edes pal so posible asoleyamientu.<\/span><\/li>\n<li style=\"text-align: justify;\"><span style=\"color: #000000;\">La recompilaci\u00f3n habr\u00e1 ser, necesariamente, de testos asoleyaos o ensin asoleyar escritos enantes de 1970.<\/span><\/li>\n<li style=\"text-align: justify;\"><span style=\"color: #000000;\">A xuiciu del xur\u00e1u podr\u00e1n dase hasta <b>3 acc\u00e9sits<\/b>, \u00fan de 300 \u20ac y dos de 150 \u20ac.<\/span><\/li>\n<li style=\"text-align: justify;\"><span style=\"color: #000000;\">Los premios podr\u00e1n quedar ermos.<\/span><\/li>\n<li style=\"text-align: justify;\"><span style=\"color: #000000;\">Puen participar toles persones interesaes col n\u00famberu d\u2019obres que-yos pete, pero non los miembros de n\u00famberu de l\u2019Academia de la Llingua Asturiana.<\/span><\/li>\n<li style=\"text-align: justify;\"><span style=\"color: #000000;\">Los trabayos presentar\u00e1nse per triplicao na Academia de la Llingua Asturiana (C\/ L\u2019\u00c1guila 10 &#8211; Uvi\u00e9u) o unviar\u00e1nse per corr\u00e9u certific\u00e1u (Apart\u00e1u 574 &#8211; 33080 Uvi\u00e9u) hasta\u2019l d\u00eda 28 de febreru de 2014 nun sobre ensin remite. Dientro\u2019l sobre habr\u00e1 dir otru, zarr\u00e1u, coles se\u00f1es del que concursa.<\/span><\/li>\n<li style=\"text-align: justify;\"><span style=\"color: #000000;\">L\u2019Academia res\u00e9rvase per dos a\u00f1os el derechu n\u2019esclusiva de la edici\u00f3n, en cualesquier formatu, del trabayu premi\u00e1u, asina como de los beneficios que puedan siguise darr\u00e9u.<\/span><\/li>\n<li style=\"text-align: justify;\"><span style=\"color: #000000;\">Los trabayos non premiaos nun se tornar\u00e1n a los sos autores pero estos podr\u00e1n, pela so parte, faer usu de les copies non presentaes.<\/span><\/li>\n<li style=\"text-align: justify;\"><span style=\"color: #000000;\">L\u2019Academia res\u00e9rvase per dos a\u00f1os el derechu n\u2019esclusiva de la edici\u00f3n, en cualesquier formatu, del trabayu qu\u2019algame\u2019l primer premiu, asina como de los beneficios que puedan siguise darr\u00e9u. La publicaci\u00f3n fadr\u00e1se, nel so casu, nes coleiciones \u00abLlibrer\u00eda Facsimilar\u00bb o \u00abCartafueyos de Lliteratura Escaecida\u00bb siempre y cuando nun se planteguen problemes de derechos d\u2019autor.<\/span><\/li>\n<li style=\"text-align: justify;\"><span style=\"color: #000000;\">El xur\u00e1u formar\u00e1nlu tres persones escoy\u00edes pola Academia de la Llingua Asturiana.<\/span><\/li>\n<li style=\"text-align: justify;\"><span style=\"color: #000000;\">Del result\u00e1u del xur\u00e1u, al que nun se podr\u00e1 retrucar, dar\u00e1se conocencia per <i>Lletres Asturianes<\/i> y comunicar\u00e1se a la prensa.<\/span><\/li>\n<li style=\"text-align: justify;\"><span style=\"color: #000000;\">El xur\u00e1u entiende les llendes d\u2019esta convocatoria.<\/span><\/li>\n<\/ol>\n<p><script><\/script><\/p>\n","protected":false},"excerpt":{"rendered":"<p>CONCURSOS D\u2019INVESTIGACI\u00d3N L\u2019Academia de la Llingua Asturiana, naguando pol llogru d\u2019una llingua dignificada y persabiendo que la investigaci\u00f3n ye \u00fan de los meyores encontos de toa reivindicaci\u00f3n, fai convocatoria de &hellip; <\/p>\n<p class=\"link-more\"><a href=\"https:\/\/alladixital.org\/en\/concursos-de-lacademia-2014\/\" class=\"more-link\">Continue reading<span class=\"screen-reader-text\"> &#8220;Concursos de l&#8217;Academia 2014&#8221;<\/span><\/a><\/p>\n","protected":false},"author":1,"featured_media":3138,"comment_status":"closed","ping_status":"open","sticky":false,"template":"","format":"standard","meta":{"_acf_changed":false,"footnotes":""},"categories":[133],"tags":[326],"class_list":["post-4857","post","type-post","status-publish","format-standard","has-post-thumbnail","hentry","category-news","tag-concursos-en"],"acf":[],"yoast_head":"<!-- This site is optimized with the Yoast SEO plugin v26.7 - https:\/\/yoast.com\/wordpress\/plugins\/seo\/ -->\n<title>Concursos de l&#039;Academia 2014 - Academia de la Llingua Asturiana<\/title>\n<meta name=\"robots\" content=\"index, follow, max-snippet:-1, max-image-preview:large, max-video-preview:-1\" \/>\n<link rel=\"canonical\" href=\"https:\/\/alladixital.org\/en\/concursos-de-lacademia-2014\/\" \/>\n<meta property=\"og:locale\" content=\"en_US\" \/>\n<meta property=\"og:type\" content=\"article\" \/>\n<meta property=\"og:title\" content=\"Concursos de l&#039;Academia 2014 - Academia de la Llingua Asturiana\" \/>\n<meta property=\"og:description\" content=\"CONCURSOS D\u2019INVESTIGACI\u00d3N L\u2019Academia de la Llingua Asturiana, naguando pol llogru d\u2019una llingua dignificada y persabiendo que la investigaci\u00f3n ye \u00fan de los meyores encontos de toa reivindicaci\u00f3n, fai convocatoria de &hellip; Continue reading &quot;Concursos de l&#8217;Academia 2014&quot;\" \/>\n<meta property=\"og:url\" content=\"https:\/\/alladixital.org\/en\/concursos-de-lacademia-2014\/\" \/>\n<meta property=\"og:site_name\" content=\"Academia de la Llingua Asturiana\" \/>\n<meta property=\"article:publisher\" content=\"https:\/\/www.facebook.com\/AcademiadelaLlinguaAsturiana\/\" \/>\n<meta property=\"article:published_time\" content=\"2013-11-05T09:07:19+00:00\" \/>\n<meta property=\"og:image\" content=\"https:\/\/alladixital.org\/wp-content\/uploads\/2014\/10\/dsc_0240.jpg\" \/>\n\t<meta property=\"og:image:width\" content=\"1765\" \/>\n\t<meta property=\"og:image:height\" content=\"2211\" \/>\n\t<meta property=\"og:image:type\" content=\"image\/jpeg\" \/>\n<meta name=\"author\" content=\"admin\" \/>\n<meta name=\"twitter:card\" content=\"summary_large_image\" \/>\n<meta name=\"twitter:creator\" content=\"@ALLA_ast\" \/>\n<meta name=\"twitter:site\" content=\"@ALLA_ast\" \/>\n<script type=\"application\/ld+json\" class=\"yoast-schema-graph\">{\"@context\":\"https:\/\/schema.org\",\"@graph\":[{\"@type\":\"Article\",\"@id\":\"https:\/\/alladixital.org\/en\/concursos-de-lacademia-2014\/#article\",\"isPartOf\":{\"@id\":\"https:\/\/alladixital.org\/en\/concursos-de-lacademia-2014\/\"},\"author\":{\"name\":\"admin\",\"@id\":\"https:\/\/alladixital.org\/#\/schema\/person\/656e0920ab4ffb58592f1439c950b1cc\"},\"headline\":\"Concursos de l&#8217;Academia 2014\",\"datePublished\":\"2013-11-05T09:07:19+00:00\",\"mainEntityOfPage\":{\"@id\":\"https:\/\/alladixital.org\/en\/concursos-de-lacademia-2014\/\"},\"wordCount\":1980,\"publisher\":{\"@id\":\"https:\/\/alladixital.org\/#organization\"},\"image\":{\"@id\":\"https:\/\/alladixital.org\/en\/concursos-de-lacademia-2014\/#primaryimage\"},\"thumbnailUrl\":\"https:\/\/alladixital.org\/wp-content\/uploads\/2014\/10\/dsc_0240.jpg\",\"keywords\":[\"concursos\"],\"articleSection\":[\"News\"],\"inLanguage\":\"en-US\"},{\"@type\":\"WebPage\",\"@id\":\"https:\/\/alladixital.org\/en\/concursos-de-lacademia-2014\/\",\"url\":\"https:\/\/alladixital.org\/en\/concursos-de-lacademia-2014\/\",\"name\":\"Concursos de l'Academia 2014 - Academia de la Llingua Asturiana\",\"isPartOf\":{\"@id\":\"https:\/\/alladixital.org\/#website\"},\"primaryImageOfPage\":{\"@id\":\"https:\/\/alladixital.org\/en\/concursos-de-lacademia-2014\/#primaryimage\"},\"image\":{\"@id\":\"https:\/\/alladixital.org\/en\/concursos-de-lacademia-2014\/#primaryimage\"},\"thumbnailUrl\":\"https:\/\/alladixital.org\/wp-content\/uploads\/2014\/10\/dsc_0240.jpg\",\"datePublished\":\"2013-11-05T09:07:19+00:00\",\"breadcrumb\":{\"@id\":\"https:\/\/alladixital.org\/en\/concursos-de-lacademia-2014\/#breadcrumb\"},\"inLanguage\":\"en-US\",\"potentialAction\":[{\"@type\":\"ReadAction\",\"target\":[\"https:\/\/alladixital.org\/en\/concursos-de-lacademia-2014\/\"]}]},{\"@type\":\"ImageObject\",\"inLanguage\":\"en-US\",\"@id\":\"https:\/\/alladixital.org\/en\/concursos-de-lacademia-2014\/#primaryimage\",\"url\":\"https:\/\/alladixital.org\/wp-content\/uploads\/2014\/10\/dsc_0240.jpg\",\"contentUrl\":\"https:\/\/alladixital.org\/wp-content\/uploads\/2014\/10\/dsc_0240.jpg\",\"width\":1765,\"height\":2211},{\"@type\":\"BreadcrumbList\",\"@id\":\"https:\/\/alladixital.org\/en\/concursos-de-lacademia-2014\/#breadcrumb\",\"itemListElement\":[{\"@type\":\"ListItem\",\"position\":1,\"name\":\"Portada\",\"item\":\"https:\/\/alladixital.org\/\"},{\"@type\":\"ListItem\",\"position\":2,\"name\":\"Concursos de l&#8217;Academia 2014\"}]},{\"@type\":\"WebSite\",\"@id\":\"https:\/\/alladixital.org\/#website\",\"url\":\"https:\/\/alladixital.org\/\",\"name\":\"Academia de la Llingua Asturiana\",\"description\":\"ALLA\",\"publisher\":{\"@id\":\"https:\/\/alladixital.org\/#organization\"},\"potentialAction\":[{\"@type\":\"SearchAction\",\"target\":{\"@type\":\"EntryPoint\",\"urlTemplate\":\"https:\/\/alladixital.org\/?s={search_term_string}\"},\"query-input\":{\"@type\":\"PropertyValueSpecification\",\"valueRequired\":true,\"valueName\":\"search_term_string\"}}],\"inLanguage\":\"en-US\"},{\"@type\":\"Organization\",\"@id\":\"https:\/\/alladixital.org\/#organization\",\"name\":\"Academia de la Llingua Asturiana\",\"url\":\"https:\/\/alladixital.org\/\",\"logo\":{\"@type\":\"ImageObject\",\"inLanguage\":\"en-US\",\"@id\":\"https:\/\/alladixital.org\/#\/schema\/logo\/image\/\",\"url\":\"https:\/\/alladixital.org\/wp-content\/uploads\/2022\/08\/logo_LLINGUA_280_V3.jpg\",\"contentUrl\":\"https:\/\/alladixital.org\/wp-content\/uploads\/2022\/08\/logo_LLINGUA_280_V3.jpg\",\"width\":1064,\"height\":1096,\"caption\":\"Academia de la Llingua Asturiana\"},\"image\":{\"@id\":\"https:\/\/alladixital.org\/#\/schema\/logo\/image\/\"},\"sameAs\":[\"https:\/\/www.facebook.com\/AcademiadelaLlinguaAsturiana\/\",\"https:\/\/x.com\/ALLA_ast\"]},{\"@type\":\"Person\",\"@id\":\"https:\/\/alladixital.org\/#\/schema\/person\/656e0920ab4ffb58592f1439c950b1cc\",\"name\":\"admin\",\"image\":{\"@type\":\"ImageObject\",\"inLanguage\":\"en-US\",\"@id\":\"https:\/\/alladixital.org\/#\/schema\/person\/image\/\",\"url\":\"https:\/\/secure.gravatar.com\/avatar\/c7cafab1c40b86a41f7dc1a5f47b543eabcdd3630903338f35932f4e47d657cb?s=96&d=mm&r=g\",\"contentUrl\":\"https:\/\/secure.gravatar.com\/avatar\/c7cafab1c40b86a41f7dc1a5f47b543eabcdd3630903338f35932f4e47d657cb?s=96&d=mm&r=g\",\"caption\":\"admin\"},\"url\":\"https:\/\/alladixital.org\/en\/author\/admin\/\"}]}<\/script>\n<!-- \/ Yoast SEO plugin. -->","yoast_head_json":{"title":"Concursos de l'Academia 2014 - Academia de la Llingua Asturiana","robots":{"index":"index","follow":"follow","max-snippet":"max-snippet:-1","max-image-preview":"max-image-preview:large","max-video-preview":"max-video-preview:-1"},"canonical":"https:\/\/alladixital.org\/en\/concursos-de-lacademia-2014\/","og_locale":"en_US","og_type":"article","og_title":"Concursos de l'Academia 2014 - Academia de la Llingua Asturiana","og_description":"CONCURSOS D\u2019INVESTIGACI\u00d3N L\u2019Academia de la Llingua Asturiana, naguando pol llogru d\u2019una llingua dignificada y persabiendo que la investigaci\u00f3n ye \u00fan de los meyores encontos de toa reivindicaci\u00f3n, fai convocatoria de &hellip; Continue reading \"Concursos de l&#8217;Academia 2014\"","og_url":"https:\/\/alladixital.org\/en\/concursos-de-lacademia-2014\/","og_site_name":"Academia de la Llingua Asturiana","article_publisher":"https:\/\/www.facebook.com\/AcademiadelaLlinguaAsturiana\/","article_published_time":"2013-11-05T09:07:19+00:00","og_image":[{"width":1765,"height":2211,"url":"https:\/\/alladixital.org\/wp-content\/uploads\/2014\/10\/dsc_0240.jpg","type":"image\/jpeg"}],"author":"admin","twitter_card":"summary_large_image","twitter_creator":"@ALLA_ast","twitter_site":"@ALLA_ast","schema":{"@context":"https:\/\/schema.org","@graph":[{"@type":"Article","@id":"https:\/\/alladixital.org\/en\/concursos-de-lacademia-2014\/#article","isPartOf":{"@id":"https:\/\/alladixital.org\/en\/concursos-de-lacademia-2014\/"},"author":{"name":"admin","@id":"https:\/\/alladixital.org\/#\/schema\/person\/656e0920ab4ffb58592f1439c950b1cc"},"headline":"Concursos de l&#8217;Academia 2014","datePublished":"2013-11-05T09:07:19+00:00","mainEntityOfPage":{"@id":"https:\/\/alladixital.org\/en\/concursos-de-lacademia-2014\/"},"wordCount":1980,"publisher":{"@id":"https:\/\/alladixital.org\/#organization"},"image":{"@id":"https:\/\/alladixital.org\/en\/concursos-de-lacademia-2014\/#primaryimage"},"thumbnailUrl":"https:\/\/alladixital.org\/wp-content\/uploads\/2014\/10\/dsc_0240.jpg","keywords":["concursos"],"articleSection":["News"],"inLanguage":"en-US"},{"@type":"WebPage","@id":"https:\/\/alladixital.org\/en\/concursos-de-lacademia-2014\/","url":"https:\/\/alladixital.org\/en\/concursos-de-lacademia-2014\/","name":"Concursos de l'Academia 2014 - Academia de la Llingua Asturiana","isPartOf":{"@id":"https:\/\/alladixital.org\/#website"},"primaryImageOfPage":{"@id":"https:\/\/alladixital.org\/en\/concursos-de-lacademia-2014\/#primaryimage"},"image":{"@id":"https:\/\/alladixital.org\/en\/concursos-de-lacademia-2014\/#primaryimage"},"thumbnailUrl":"https:\/\/alladixital.org\/wp-content\/uploads\/2014\/10\/dsc_0240.jpg","datePublished":"2013-11-05T09:07:19+00:00","breadcrumb":{"@id":"https:\/\/alladixital.org\/en\/concursos-de-lacademia-2014\/#breadcrumb"},"inLanguage":"en-US","potentialAction":[{"@type":"ReadAction","target":["https:\/\/alladixital.org\/en\/concursos-de-lacademia-2014\/"]}]},{"@type":"ImageObject","inLanguage":"en-US","@id":"https:\/\/alladixital.org\/en\/concursos-de-lacademia-2014\/#primaryimage","url":"https:\/\/alladixital.org\/wp-content\/uploads\/2014\/10\/dsc_0240.jpg","contentUrl":"https:\/\/alladixital.org\/wp-content\/uploads\/2014\/10\/dsc_0240.jpg","width":1765,"height":2211},{"@type":"BreadcrumbList","@id":"https:\/\/alladixital.org\/en\/concursos-de-lacademia-2014\/#breadcrumb","itemListElement":[{"@type":"ListItem","position":1,"name":"Portada","item":"https:\/\/alladixital.org\/"},{"@type":"ListItem","position":2,"name":"Concursos de l&#8217;Academia 2014"}]},{"@type":"WebSite","@id":"https:\/\/alladixital.org\/#website","url":"https:\/\/alladixital.org\/","name":"Academia de la Llingua Asturiana","description":"ALLA","publisher":{"@id":"https:\/\/alladixital.org\/#organization"},"potentialAction":[{"@type":"SearchAction","target":{"@type":"EntryPoint","urlTemplate":"https:\/\/alladixital.org\/?s={search_term_string}"},"query-input":{"@type":"PropertyValueSpecification","valueRequired":true,"valueName":"search_term_string"}}],"inLanguage":"en-US"},{"@type":"Organization","@id":"https:\/\/alladixital.org\/#organization","name":"Academia de la Llingua Asturiana","url":"https:\/\/alladixital.org\/","logo":{"@type":"ImageObject","inLanguage":"en-US","@id":"https:\/\/alladixital.org\/#\/schema\/logo\/image\/","url":"https:\/\/alladixital.org\/wp-content\/uploads\/2022\/08\/logo_LLINGUA_280_V3.jpg","contentUrl":"https:\/\/alladixital.org\/wp-content\/uploads\/2022\/08\/logo_LLINGUA_280_V3.jpg","width":1064,"height":1096,"caption":"Academia de la Llingua Asturiana"},"image":{"@id":"https:\/\/alladixital.org\/#\/schema\/logo\/image\/"},"sameAs":["https:\/\/www.facebook.com\/AcademiadelaLlinguaAsturiana\/","https:\/\/x.com\/ALLA_ast"]},{"@type":"Person","@id":"https:\/\/alladixital.org\/#\/schema\/person\/656e0920ab4ffb58592f1439c950b1cc","name":"admin","image":{"@type":"ImageObject","inLanguage":"en-US","@id":"https:\/\/alladixital.org\/#\/schema\/person\/image\/","url":"https:\/\/secure.gravatar.com\/avatar\/c7cafab1c40b86a41f7dc1a5f47b543eabcdd3630903338f35932f4e47d657cb?s=96&d=mm&r=g","contentUrl":"https:\/\/secure.gravatar.com\/avatar\/c7cafab1c40b86a41f7dc1a5f47b543eabcdd3630903338f35932f4e47d657cb?s=96&d=mm&r=g","caption":"admin"},"url":"https:\/\/alladixital.org\/en\/author\/admin\/"}]}},"brizy_media":[],"_links":{"self":[{"href":"https:\/\/alladixital.org\/en\/wp-json\/wp\/v2\/posts\/4857","targetHints":{"allow":["GET"]}}],"collection":[{"href":"https:\/\/alladixital.org\/en\/wp-json\/wp\/v2\/posts"}],"about":[{"href":"https:\/\/alladixital.org\/en\/wp-json\/wp\/v2\/types\/post"}],"author":[{"embeddable":true,"href":"https:\/\/alladixital.org\/en\/wp-json\/wp\/v2\/users\/1"}],"replies":[{"embeddable":true,"href":"https:\/\/alladixital.org\/en\/wp-json\/wp\/v2\/comments?post=4857"}],"version-history":[{"count":0,"href":"https:\/\/alladixital.org\/en\/wp-json\/wp\/v2\/posts\/4857\/revisions"}],"wp:featuredmedia":[{"embeddable":true,"href":"https:\/\/alladixital.org\/en\/wp-json\/wp\/v2\/media\/3138"}],"wp:attachment":[{"href":"https:\/\/alladixital.org\/en\/wp-json\/wp\/v2\/media?parent=4857"}],"wp:term":[{"taxonomy":"category","embeddable":true,"href":"https:\/\/alladixital.org\/en\/wp-json\/wp\/v2\/categories?post=4857"},{"taxonomy":"post_tag","embeddable":true,"href":"https:\/\/alladixital.org\/en\/wp-json\/wp\/v2\/tags?post=4857"}],"curies":[{"name":"wp","href":"https:\/\/api.w.org\/{rel}","templated":true}]}}