{"id":4872,"date":"2013-10-09T20:13:30","date_gmt":"2013-10-09T19:13:30","guid":{"rendered":"https:\/\/alladixital.org\/llibreria-academica-la-mano-vacia\/"},"modified":"2013-10-09T20:13:30","modified_gmt":"2013-10-09T19:13:30","slug":"llibreria-academica-la-mano-vacia","status":"publish","type":"post","link":"https:\/\/alladixital.org\/en\/llibreria-academica-la-mano-vacia\/","title":{"rendered":"LLIBRER\u00cdA ACAD\u00c9MICA: La mano vac\u00eda"},"content":{"rendered":"<p>H\u00e9ctor P\u00e9rez Iglesias, La mano vac\u00eda. Uvi\u00e9u, ALLA, 2013. \u00abLlibrer\u00eda acad\u00e9mica\u00bb nu 47.<\/p>\n<p>L\u2019Academia de la Llingua asturiana ufre un nueva entrega de la coleici\u00f3n \u00abLlibrer\u00eda Acad\u00e9mica\u00bb cola H\u00e9ctor P\u00e9rez Iglesias gan\u00f3\u2019l premiu \u00abLlorienzu Novo Mier\u00bb de creaci\u00f3n lliteraria 2011 de l\u2019Academia de la Llingua Asturiana. La mano vac\u00eda res\u00famese con esti versu \u00abDesangrame de fr\u00edu aquel iviernu que nun acaba de caltrizar\u00bb.<br \/>\n<script><\/script><\/p>\n","protected":false},"excerpt":{"rendered":"<p>H\u00e9ctor P\u00e9rez Iglesias, La mano vac\u00eda. Uvi\u00e9u, ALLA, 2013. \u00abLlibrer\u00eda acad\u00e9mica\u00bb nu 47. L\u2019Academia de la Llingua asturiana ufre un nueva entrega de la coleici\u00f3n \u00abLlibrer\u00eda Acad\u00e9mica\u00bb cola H\u00e9ctor P\u00e9rez &hellip; <\/p>\n<p class=\"link-more\"><a href=\"https:\/\/alladixital.org\/en\/llibreria-academica-la-mano-vacia\/\" class=\"more-link\">Continue reading<span class=\"screen-reader-text\"> &#8220;LLIBRER\u00cdA ACAD\u00c9MICA: La mano vac\u00eda&#8221;<\/span><\/a><\/p>\n","protected":false},"author":1,"featured_media":3095,"comment_status":"closed","ping_status":"open","sticky":false,"template":"","format":"standard","meta":{"_acf_changed":false,"footnotes":""},"categories":[248],"tags":[167],"class_list":["post-4872","post","type-post","status-publish","format-standard","has-post-thumbnail","hentry","category-publications","tag-publicaciones-en"],"acf":[],"yoast_head":"<!-- This site is optimized with the Yoast SEO plugin v26.7 - https:\/\/yoast.com\/wordpress\/plugins\/seo\/ -->\n<title>LLIBRER\u00cdA ACAD\u00c9MICA: La mano vac\u00eda - Academia de la Llingua Asturiana<\/title>\n<meta name=\"robots\" content=\"index, follow, max-snippet:-1, max-image-preview:large, max-video-preview:-1\" \/>\n<link rel=\"canonical\" href=\"https:\/\/alladixital.org\/en\/llibreria-academica-la-mano-vacia\/\" \/>\n<meta property=\"og:locale\" content=\"en_US\" \/>\n<meta property=\"og:type\" content=\"article\" \/>\n<meta property=\"og:title\" content=\"LLIBRER\u00cdA ACAD\u00c9MICA: La mano vac\u00eda - Academia de la Llingua Asturiana\" \/>\n<meta property=\"og:description\" content=\"H\u00e9ctor P\u00e9rez Iglesias, La mano vac\u00eda. Uvi\u00e9u, ALLA, 2013. \u00abLlibrer\u00eda acad\u00e9mica\u00bb nu 47. L\u2019Academia de la Llingua asturiana ufre un nueva entrega de la coleici\u00f3n \u00abLlibrer\u00eda Acad\u00e9mica\u00bb cola H\u00e9ctor P\u00e9rez &hellip; Continue reading &quot;LLIBRER\u00cdA ACAD\u00c9MICA: La mano vac\u00eda&quot;\" \/>\n<meta property=\"og:url\" content=\"https:\/\/alladixital.org\/en\/llibreria-academica-la-mano-vacia\/\" \/>\n<meta property=\"og:site_name\" content=\"Academia de la Llingua Asturiana\" \/>\n<meta property=\"article:publisher\" content=\"https:\/\/www.facebook.com\/AcademiadelaLlinguaAsturiana\/\" \/>\n<meta property=\"article:published_time\" content=\"2013-10-09T19:13:30+00:00\" \/>\n<meta property=\"og:image\" content=\"https:\/\/alladixital.org\/wp-content\/uploads\/2014\/10\/Llibreria_Academica.png\" \/>\n\t<meta property=\"og:image:width\" content=\"588\" \/>\n\t<meta property=\"og:image:height\" content=\"774\" \/>\n\t<meta property=\"og:image:type\" content=\"image\/png\" \/>\n<meta name=\"author\" content=\"admin\" \/>\n<meta name=\"twitter:card\" content=\"summary_large_image\" \/>\n<meta name=\"twitter:creator\" content=\"@ALLA_ast\" \/>\n<meta name=\"twitter:site\" content=\"@ALLA_ast\" \/>\n<script type=\"application\/ld+json\" class=\"yoast-schema-graph\">{\"@context\":\"https:\/\/schema.org\",\"@graph\":[{\"@type\":\"Article\",\"@id\":\"https:\/\/alladixital.org\/en\/llibreria-academica-la-mano-vacia\/#article\",\"isPartOf\":{\"@id\":\"https:\/\/alladixital.org\/en\/llibreria-academica-la-mano-vacia\/\"},\"author\":{\"name\":\"admin\",\"@id\":\"https:\/\/alladixital.org\/#\/schema\/person\/656e0920ab4ffb58592f1439c950b1cc\"},\"headline\":\"LLIBRER\u00cdA ACAD\u00c9MICA: La mano vac\u00eda\",\"datePublished\":\"2013-10-09T19:13:30+00:00\",\"mainEntityOfPage\":{\"@id\":\"https:\/\/alladixital.org\/en\/llibreria-academica-la-mano-vacia\/\"},\"wordCount\":86,\"publisher\":{\"@id\":\"https:\/\/alladixital.org\/#organization\"},\"image\":{\"@id\":\"https:\/\/alladixital.org\/en\/llibreria-academica-la-mano-vacia\/#primaryimage\"},\"thumbnailUrl\":\"https:\/\/alladixital.org\/wp-content\/uploads\/2014\/10\/Llibreria_Academica.png\",\"keywords\":[\"publicaciones\"],\"articleSection\":[\"Publications\"],\"inLanguage\":\"en-US\"},{\"@type\":\"WebPage\",\"@id\":\"https:\/\/alladixital.org\/en\/llibreria-academica-la-mano-vacia\/\",\"url\":\"https:\/\/alladixital.org\/en\/llibreria-academica-la-mano-vacia\/\",\"name\":\"LLIBRER\u00cdA ACAD\u00c9MICA: La mano vac\u00eda - Academia de la Llingua Asturiana\",\"isPartOf\":{\"@id\":\"https:\/\/alladixital.org\/#website\"},\"primaryImageOfPage\":{\"@id\":\"https:\/\/alladixital.org\/en\/llibreria-academica-la-mano-vacia\/#primaryimage\"},\"image\":{\"@id\":\"https:\/\/alladixital.org\/en\/llibreria-academica-la-mano-vacia\/#primaryimage\"},\"thumbnailUrl\":\"https:\/\/alladixital.org\/wp-content\/uploads\/2014\/10\/Llibreria_Academica.png\",\"datePublished\":\"2013-10-09T19:13:30+00:00\",\"breadcrumb\":{\"@id\":\"https:\/\/alladixital.org\/en\/llibreria-academica-la-mano-vacia\/#breadcrumb\"},\"inLanguage\":\"en-US\",\"potentialAction\":[{\"@type\":\"ReadAction\",\"target\":[\"https:\/\/alladixital.org\/en\/llibreria-academica-la-mano-vacia\/\"]}]},{\"@type\":\"ImageObject\",\"inLanguage\":\"en-US\",\"@id\":\"https:\/\/alladixital.org\/en\/llibreria-academica-la-mano-vacia\/#primaryimage\",\"url\":\"https:\/\/alladixital.org\/wp-content\/uploads\/2014\/10\/Llibreria_Academica.png\",\"contentUrl\":\"https:\/\/alladixital.org\/wp-content\/uploads\/2014\/10\/Llibreria_Academica.png\",\"width\":588,\"height\":774},{\"@type\":\"BreadcrumbList\",\"@id\":\"https:\/\/alladixital.org\/en\/llibreria-academica-la-mano-vacia\/#breadcrumb\",\"itemListElement\":[{\"@type\":\"ListItem\",\"position\":1,\"name\":\"Portada\",\"item\":\"https:\/\/alladixital.org\/\"},{\"@type\":\"ListItem\",\"position\":2,\"name\":\"LLIBRER\u00cdA ACAD\u00c9MICA: La mano vac\u00eda\"}]},{\"@type\":\"WebSite\",\"@id\":\"https:\/\/alladixital.org\/#website\",\"url\":\"https:\/\/alladixital.org\/\",\"name\":\"Academia de la Llingua Asturiana\",\"description\":\"ALLA\",\"publisher\":{\"@id\":\"https:\/\/alladixital.org\/#organization\"},\"potentialAction\":[{\"@type\":\"SearchAction\",\"target\":{\"@type\":\"EntryPoint\",\"urlTemplate\":\"https:\/\/alladixital.org\/?s={search_term_string}\"},\"query-input\":{\"@type\":\"PropertyValueSpecification\",\"valueRequired\":true,\"valueName\":\"search_term_string\"}}],\"inLanguage\":\"en-US\"},{\"@type\":\"Organization\",\"@id\":\"https:\/\/alladixital.org\/#organization\",\"name\":\"Academia de la Llingua Asturiana\",\"url\":\"https:\/\/alladixital.org\/\",\"logo\":{\"@type\":\"ImageObject\",\"inLanguage\":\"en-US\",\"@id\":\"https:\/\/alladixital.org\/#\/schema\/logo\/image\/\",\"url\":\"https:\/\/alladixital.org\/wp-content\/uploads\/2022\/08\/logo_LLINGUA_280_V3.jpg\",\"contentUrl\":\"https:\/\/alladixital.org\/wp-content\/uploads\/2022\/08\/logo_LLINGUA_280_V3.jpg\",\"width\":1064,\"height\":1096,\"caption\":\"Academia de la Llingua Asturiana\"},\"image\":{\"@id\":\"https:\/\/alladixital.org\/#\/schema\/logo\/image\/\"},\"sameAs\":[\"https:\/\/www.facebook.com\/AcademiadelaLlinguaAsturiana\/\",\"https:\/\/x.com\/ALLA_ast\"]},{\"@type\":\"Person\",\"@id\":\"https:\/\/alladixital.org\/#\/schema\/person\/656e0920ab4ffb58592f1439c950b1cc\",\"name\":\"admin\",\"image\":{\"@type\":\"ImageObject\",\"inLanguage\":\"en-US\",\"@id\":\"https:\/\/alladixital.org\/#\/schema\/person\/image\/\",\"url\":\"https:\/\/secure.gravatar.com\/avatar\/c7cafab1c40b86a41f7dc1a5f47b543eabcdd3630903338f35932f4e47d657cb?s=96&d=mm&r=g\",\"contentUrl\":\"https:\/\/secure.gravatar.com\/avatar\/c7cafab1c40b86a41f7dc1a5f47b543eabcdd3630903338f35932f4e47d657cb?s=96&d=mm&r=g\",\"caption\":\"admin\"},\"url\":\"https:\/\/alladixital.org\/en\/author\/admin\/\"}]}<\/script>\n<!-- \/ Yoast SEO plugin. -->","yoast_head_json":{"title":"LLIBRER\u00cdA ACAD\u00c9MICA: La mano vac\u00eda - Academia de la Llingua Asturiana","robots":{"index":"index","follow":"follow","max-snippet":"max-snippet:-1","max-image-preview":"max-image-preview:large","max-video-preview":"max-video-preview:-1"},"canonical":"https:\/\/alladixital.org\/en\/llibreria-academica-la-mano-vacia\/","og_locale":"en_US","og_type":"article","og_title":"LLIBRER\u00cdA ACAD\u00c9MICA: La mano vac\u00eda - Academia de la Llingua Asturiana","og_description":"H\u00e9ctor P\u00e9rez Iglesias, La mano vac\u00eda. Uvi\u00e9u, ALLA, 2013. \u00abLlibrer\u00eda acad\u00e9mica\u00bb nu 47. L\u2019Academia de la Llingua asturiana ufre un nueva entrega de la coleici\u00f3n \u00abLlibrer\u00eda Acad\u00e9mica\u00bb cola H\u00e9ctor P\u00e9rez &hellip; Continue reading \"LLIBRER\u00cdA ACAD\u00c9MICA: La mano vac\u00eda\"","og_url":"https:\/\/alladixital.org\/en\/llibreria-academica-la-mano-vacia\/","og_site_name":"Academia de la Llingua Asturiana","article_publisher":"https:\/\/www.facebook.com\/AcademiadelaLlinguaAsturiana\/","article_published_time":"2013-10-09T19:13:30+00:00","og_image":[{"width":588,"height":774,"url":"https:\/\/alladixital.org\/wp-content\/uploads\/2014\/10\/Llibreria_Academica.png","type":"image\/png"}],"author":"admin","twitter_card":"summary_large_image","twitter_creator":"@ALLA_ast","twitter_site":"@ALLA_ast","schema":{"@context":"https:\/\/schema.org","@graph":[{"@type":"Article","@id":"https:\/\/alladixital.org\/en\/llibreria-academica-la-mano-vacia\/#article","isPartOf":{"@id":"https:\/\/alladixital.org\/en\/llibreria-academica-la-mano-vacia\/"},"author":{"name":"admin","@id":"https:\/\/alladixital.org\/#\/schema\/person\/656e0920ab4ffb58592f1439c950b1cc"},"headline":"LLIBRER\u00cdA ACAD\u00c9MICA: La mano vac\u00eda","datePublished":"2013-10-09T19:13:30+00:00","mainEntityOfPage":{"@id":"https:\/\/alladixital.org\/en\/llibreria-academica-la-mano-vacia\/"},"wordCount":86,"publisher":{"@id":"https:\/\/alladixital.org\/#organization"},"image":{"@id":"https:\/\/alladixital.org\/en\/llibreria-academica-la-mano-vacia\/#primaryimage"},"thumbnailUrl":"https:\/\/alladixital.org\/wp-content\/uploads\/2014\/10\/Llibreria_Academica.png","keywords":["publicaciones"],"articleSection":["Publications"],"inLanguage":"en-US"},{"@type":"WebPage","@id":"https:\/\/alladixital.org\/en\/llibreria-academica-la-mano-vacia\/","url":"https:\/\/alladixital.org\/en\/llibreria-academica-la-mano-vacia\/","name":"LLIBRER\u00cdA ACAD\u00c9MICA: La mano vac\u00eda - Academia de la Llingua Asturiana","isPartOf":{"@id":"https:\/\/alladixital.org\/#website"},"primaryImageOfPage":{"@id":"https:\/\/alladixital.org\/en\/llibreria-academica-la-mano-vacia\/#primaryimage"},"image":{"@id":"https:\/\/alladixital.org\/en\/llibreria-academica-la-mano-vacia\/#primaryimage"},"thumbnailUrl":"https:\/\/alladixital.org\/wp-content\/uploads\/2014\/10\/Llibreria_Academica.png","datePublished":"2013-10-09T19:13:30+00:00","breadcrumb":{"@id":"https:\/\/alladixital.org\/en\/llibreria-academica-la-mano-vacia\/#breadcrumb"},"inLanguage":"en-US","potentialAction":[{"@type":"ReadAction","target":["https:\/\/alladixital.org\/en\/llibreria-academica-la-mano-vacia\/"]}]},{"@type":"ImageObject","inLanguage":"en-US","@id":"https:\/\/alladixital.org\/en\/llibreria-academica-la-mano-vacia\/#primaryimage","url":"https:\/\/alladixital.org\/wp-content\/uploads\/2014\/10\/Llibreria_Academica.png","contentUrl":"https:\/\/alladixital.org\/wp-content\/uploads\/2014\/10\/Llibreria_Academica.png","width":588,"height":774},{"@type":"BreadcrumbList","@id":"https:\/\/alladixital.org\/en\/llibreria-academica-la-mano-vacia\/#breadcrumb","itemListElement":[{"@type":"ListItem","position":1,"name":"Portada","item":"https:\/\/alladixital.org\/"},{"@type":"ListItem","position":2,"name":"LLIBRER\u00cdA ACAD\u00c9MICA: La mano vac\u00eda"}]},{"@type":"WebSite","@id":"https:\/\/alladixital.org\/#website","url":"https:\/\/alladixital.org\/","name":"Academia de la Llingua Asturiana","description":"ALLA","publisher":{"@id":"https:\/\/alladixital.org\/#organization"},"potentialAction":[{"@type":"SearchAction","target":{"@type":"EntryPoint","urlTemplate":"https:\/\/alladixital.org\/?s={search_term_string}"},"query-input":{"@type":"PropertyValueSpecification","valueRequired":true,"valueName":"search_term_string"}}],"inLanguage":"en-US"},{"@type":"Organization","@id":"https:\/\/alladixital.org\/#organization","name":"Academia de la Llingua Asturiana","url":"https:\/\/alladixital.org\/","logo":{"@type":"ImageObject","inLanguage":"en-US","@id":"https:\/\/alladixital.org\/#\/schema\/logo\/image\/","url":"https:\/\/alladixital.org\/wp-content\/uploads\/2022\/08\/logo_LLINGUA_280_V3.jpg","contentUrl":"https:\/\/alladixital.org\/wp-content\/uploads\/2022\/08\/logo_LLINGUA_280_V3.jpg","width":1064,"height":1096,"caption":"Academia de la Llingua Asturiana"},"image":{"@id":"https:\/\/alladixital.org\/#\/schema\/logo\/image\/"},"sameAs":["https:\/\/www.facebook.com\/AcademiadelaLlinguaAsturiana\/","https:\/\/x.com\/ALLA_ast"]},{"@type":"Person","@id":"https:\/\/alladixital.org\/#\/schema\/person\/656e0920ab4ffb58592f1439c950b1cc","name":"admin","image":{"@type":"ImageObject","inLanguage":"en-US","@id":"https:\/\/alladixital.org\/#\/schema\/person\/image\/","url":"https:\/\/secure.gravatar.com\/avatar\/c7cafab1c40b86a41f7dc1a5f47b543eabcdd3630903338f35932f4e47d657cb?s=96&d=mm&r=g","contentUrl":"https:\/\/secure.gravatar.com\/avatar\/c7cafab1c40b86a41f7dc1a5f47b543eabcdd3630903338f35932f4e47d657cb?s=96&d=mm&r=g","caption":"admin"},"url":"https:\/\/alladixital.org\/en\/author\/admin\/"}]}},"brizy_media":[],"_links":{"self":[{"href":"https:\/\/alladixital.org\/en\/wp-json\/wp\/v2\/posts\/4872","targetHints":{"allow":["GET"]}}],"collection":[{"href":"https:\/\/alladixital.org\/en\/wp-json\/wp\/v2\/posts"}],"about":[{"href":"https:\/\/alladixital.org\/en\/wp-json\/wp\/v2\/types\/post"}],"author":[{"embeddable":true,"href":"https:\/\/alladixital.org\/en\/wp-json\/wp\/v2\/users\/1"}],"replies":[{"embeddable":true,"href":"https:\/\/alladixital.org\/en\/wp-json\/wp\/v2\/comments?post=4872"}],"version-history":[{"count":0,"href":"https:\/\/alladixital.org\/en\/wp-json\/wp\/v2\/posts\/4872\/revisions"}],"wp:featuredmedia":[{"embeddable":true,"href":"https:\/\/alladixital.org\/en\/wp-json\/wp\/v2\/media\/3095"}],"wp:attachment":[{"href":"https:\/\/alladixital.org\/en\/wp-json\/wp\/v2\/media?parent=4872"}],"wp:term":[{"taxonomy":"category","embeddable":true,"href":"https:\/\/alladixital.org\/en\/wp-json\/wp\/v2\/categories?post=4872"},{"taxonomy":"post_tag","embeddable":true,"href":"https:\/\/alladixital.org\/en\/wp-json\/wp\/v2\/tags?post=4872"}],"curies":[{"name":"wp","href":"https:\/\/api.w.org\/{rel}","templated":true}]}}