{"id":4880,"date":"2013-10-09T20:06:55","date_gmt":"2013-10-09T19:06:55","guid":{"rendered":"https:\/\/alladixital.org\/lletres-lliterariu-xxxiv-dia-de-les-lletres-asturianes\/"},"modified":"2013-10-09T20:06:55","modified_gmt":"2013-10-09T19:06:55","slug":"lletres-lliterariu-xxxiv-dia-de-les-lletres-asturianes","status":"publish","type":"post","link":"https:\/\/alladixital.org\/en\/lletres-lliterariu-xxxiv-dia-de-les-lletres-asturianes\/","title":{"rendered":"LLETRES LLITERARIU. XXXIV D\u00cdA DE LES LLETRES ASTURIANES"},"content":{"rendered":"<p>Uvi\u00e9u, ALLA, 2013.<\/p>\n<p>Al llegar el mes de mayu, y con \u00e9l el D\u00eda de les Lletres Asturianes, l\u2019Academia de la Llingua Asturiana asoleya\u2019l quintu n\u00famberu de la nueva revista denomada Lletres Lliterariu. Con esta nueva entrega l\u2019Academia sigue col enfotu de contribuir a festexar la virtualid\u00e1 est\u00e9tica del nuesu idioma, que dende hai sieglos vien d\u00e1ndonos obres de calid\u00e1 induldable.<\/p>\n<p>Nesti volume puen atopase obres de poes\u00eda, narrativa, tornes y teatru.<br \/>\n<script><\/script><\/p>\n","protected":false},"excerpt":{"rendered":"<p>Uvi\u00e9u, ALLA, 2013. Al llegar el mes de mayu, y con \u00e9l el D\u00eda de les Lletres Asturianes, l\u2019Academia de la Llingua Asturiana asoleya\u2019l quintu n\u00famberu de la nueva revista &hellip; <\/p>\n<p class=\"link-more\"><a href=\"https:\/\/alladixital.org\/en\/lletres-lliterariu-xxxiv-dia-de-les-lletres-asturianes\/\" class=\"more-link\">Continue reading<span class=\"screen-reader-text\"> &#8220;LLETRES LLITERARIU. XXXIV D\u00cdA DE LES LLETRES ASTURIANES&#8221;<\/span><\/a><\/p>\n","protected":false},"author":1,"featured_media":3088,"comment_status":"closed","ping_status":"open","sticky":false,"template":"","format":"standard","meta":{"_acf_changed":false,"footnotes":""},"categories":[133],"tags":[167],"class_list":["post-4880","post","type-post","status-publish","format-standard","has-post-thumbnail","hentry","category-news","tag-publicaciones-en"],"acf":[],"yoast_head":"<!-- This site is optimized with the Yoast SEO plugin v26.7 - https:\/\/yoast.com\/wordpress\/plugins\/seo\/ -->\n<title>LLETRES LLITERARIU. XXXIV D\u00cdA DE LES LLETRES ASTURIANES - Academia de la Llingua Asturiana<\/title>\n<meta name=\"robots\" content=\"index, follow, max-snippet:-1, max-image-preview:large, max-video-preview:-1\" \/>\n<link rel=\"canonical\" href=\"https:\/\/alladixital.org\/en\/lletres-lliterariu-xxxiv-dia-de-les-lletres-asturianes\/\" \/>\n<meta property=\"og:locale\" content=\"en_US\" \/>\n<meta property=\"og:type\" content=\"article\" \/>\n<meta property=\"og:title\" content=\"LLETRES LLITERARIU. XXXIV D\u00cdA DE LES LLETRES ASTURIANES - Academia de la Llingua Asturiana\" \/>\n<meta property=\"og:description\" content=\"Uvi\u00e9u, ALLA, 2013. Al llegar el mes de mayu, y con \u00e9l el D\u00eda de les Lletres Asturianes, l\u2019Academia de la Llingua Asturiana asoleya\u2019l quintu n\u00famberu de la nueva revista &hellip; Continue reading &quot;LLETRES LLITERARIU. XXXIV D\u00cdA DE LES LLETRES ASTURIANES&quot;\" \/>\n<meta property=\"og:url\" content=\"https:\/\/alladixital.org\/en\/lletres-lliterariu-xxxiv-dia-de-les-lletres-asturianes\/\" \/>\n<meta property=\"og:site_name\" content=\"Academia de la Llingua Asturiana\" \/>\n<meta property=\"article:publisher\" content=\"https:\/\/www.facebook.com\/AcademiadelaLlinguaAsturiana\/\" \/>\n<meta property=\"article:published_time\" content=\"2013-10-09T19:06:55+00:00\" \/>\n<meta property=\"og:image\" content=\"https:\/\/alladixital.org\/wp-content\/uploads\/2014\/05\/LletresLliterariu.png\" \/>\n\t<meta property=\"og:image:width\" content=\"466\" \/>\n\t<meta property=\"og:image:height\" content=\"251\" \/>\n\t<meta property=\"og:image:type\" content=\"image\/png\" \/>\n<meta name=\"author\" content=\"admin\" \/>\n<meta name=\"twitter:card\" content=\"summary_large_image\" \/>\n<meta name=\"twitter:creator\" content=\"@ALLA_ast\" \/>\n<meta name=\"twitter:site\" content=\"@ALLA_ast\" \/>\n<script type=\"application\/ld+json\" class=\"yoast-schema-graph\">{\"@context\":\"https:\/\/schema.org\",\"@graph\":[{\"@type\":\"Article\",\"@id\":\"https:\/\/alladixital.org\/en\/lletres-lliterariu-xxxiv-dia-de-les-lletres-asturianes\/#article\",\"isPartOf\":{\"@id\":\"https:\/\/alladixital.org\/en\/lletres-lliterariu-xxxiv-dia-de-les-lletres-asturianes\/\"},\"author\":{\"name\":\"admin\",\"@id\":\"https:\/\/alladixital.org\/#\/schema\/person\/656e0920ab4ffb58592f1439c950b1cc\"},\"headline\":\"LLETRES LLITERARIU. XXXIV D\u00cdA DE LES LLETRES ASTURIANES\",\"datePublished\":\"2013-10-09T19:06:55+00:00\",\"mainEntityOfPage\":{\"@id\":\"https:\/\/alladixital.org\/en\/lletres-lliterariu-xxxiv-dia-de-les-lletres-asturianes\/\"},\"wordCount\":89,\"publisher\":{\"@id\":\"https:\/\/alladixital.org\/#organization\"},\"image\":{\"@id\":\"https:\/\/alladixital.org\/en\/lletres-lliterariu-xxxiv-dia-de-les-lletres-asturianes\/#primaryimage\"},\"thumbnailUrl\":\"https:\/\/alladixital.org\/wp-content\/uploads\/2014\/05\/LletresLliterariu.png\",\"keywords\":[\"publicaciones\"],\"articleSection\":[\"News\"],\"inLanguage\":\"en-US\"},{\"@type\":\"WebPage\",\"@id\":\"https:\/\/alladixital.org\/en\/lletres-lliterariu-xxxiv-dia-de-les-lletres-asturianes\/\",\"url\":\"https:\/\/alladixital.org\/en\/lletres-lliterariu-xxxiv-dia-de-les-lletres-asturianes\/\",\"name\":\"LLETRES LLITERARIU. XXXIV D\u00cdA DE LES LLETRES ASTURIANES - Academia de la Llingua Asturiana\",\"isPartOf\":{\"@id\":\"https:\/\/alladixital.org\/#website\"},\"primaryImageOfPage\":{\"@id\":\"https:\/\/alladixital.org\/en\/lletres-lliterariu-xxxiv-dia-de-les-lletres-asturianes\/#primaryimage\"},\"image\":{\"@id\":\"https:\/\/alladixital.org\/en\/lletres-lliterariu-xxxiv-dia-de-les-lletres-asturianes\/#primaryimage\"},\"thumbnailUrl\":\"https:\/\/alladixital.org\/wp-content\/uploads\/2014\/05\/LletresLliterariu.png\",\"datePublished\":\"2013-10-09T19:06:55+00:00\",\"breadcrumb\":{\"@id\":\"https:\/\/alladixital.org\/en\/lletres-lliterariu-xxxiv-dia-de-les-lletres-asturianes\/#breadcrumb\"},\"inLanguage\":\"en-US\",\"potentialAction\":[{\"@type\":\"ReadAction\",\"target\":[\"https:\/\/alladixital.org\/en\/lletres-lliterariu-xxxiv-dia-de-les-lletres-asturianes\/\"]}]},{\"@type\":\"ImageObject\",\"inLanguage\":\"en-US\",\"@id\":\"https:\/\/alladixital.org\/en\/lletres-lliterariu-xxxiv-dia-de-les-lletres-asturianes\/#primaryimage\",\"url\":\"https:\/\/alladixital.org\/wp-content\/uploads\/2014\/05\/LletresLliterariu.png\",\"contentUrl\":\"https:\/\/alladixital.org\/wp-content\/uploads\/2014\/05\/LletresLliterariu.png\",\"width\":466,\"height\":251},{\"@type\":\"BreadcrumbList\",\"@id\":\"https:\/\/alladixital.org\/en\/lletres-lliterariu-xxxiv-dia-de-les-lletres-asturianes\/#breadcrumb\",\"itemListElement\":[{\"@type\":\"ListItem\",\"position\":1,\"name\":\"Portada\",\"item\":\"https:\/\/alladixital.org\/\"},{\"@type\":\"ListItem\",\"position\":2,\"name\":\"LLETRES LLITERARIU. XXXIV D\u00cdA DE LES LLETRES ASTURIANES\"}]},{\"@type\":\"WebSite\",\"@id\":\"https:\/\/alladixital.org\/#website\",\"url\":\"https:\/\/alladixital.org\/\",\"name\":\"Academia de la Llingua Asturiana\",\"description\":\"ALLA\",\"publisher\":{\"@id\":\"https:\/\/alladixital.org\/#organization\"},\"potentialAction\":[{\"@type\":\"SearchAction\",\"target\":{\"@type\":\"EntryPoint\",\"urlTemplate\":\"https:\/\/alladixital.org\/?s={search_term_string}\"},\"query-input\":{\"@type\":\"PropertyValueSpecification\",\"valueRequired\":true,\"valueName\":\"search_term_string\"}}],\"inLanguage\":\"en-US\"},{\"@type\":\"Organization\",\"@id\":\"https:\/\/alladixital.org\/#organization\",\"name\":\"Academia de la Llingua Asturiana\",\"url\":\"https:\/\/alladixital.org\/\",\"logo\":{\"@type\":\"ImageObject\",\"inLanguage\":\"en-US\",\"@id\":\"https:\/\/alladixital.org\/#\/schema\/logo\/image\/\",\"url\":\"https:\/\/alladixital.org\/wp-content\/uploads\/2022\/08\/logo_LLINGUA_280_V3.jpg\",\"contentUrl\":\"https:\/\/alladixital.org\/wp-content\/uploads\/2022\/08\/logo_LLINGUA_280_V3.jpg\",\"width\":1064,\"height\":1096,\"caption\":\"Academia de la Llingua Asturiana\"},\"image\":{\"@id\":\"https:\/\/alladixital.org\/#\/schema\/logo\/image\/\"},\"sameAs\":[\"https:\/\/www.facebook.com\/AcademiadelaLlinguaAsturiana\/\",\"https:\/\/x.com\/ALLA_ast\"]},{\"@type\":\"Person\",\"@id\":\"https:\/\/alladixital.org\/#\/schema\/person\/656e0920ab4ffb58592f1439c950b1cc\",\"name\":\"admin\",\"image\":{\"@type\":\"ImageObject\",\"inLanguage\":\"en-US\",\"@id\":\"https:\/\/alladixital.org\/#\/schema\/person\/image\/\",\"url\":\"https:\/\/secure.gravatar.com\/avatar\/c7cafab1c40b86a41f7dc1a5f47b543eabcdd3630903338f35932f4e47d657cb?s=96&d=mm&r=g\",\"contentUrl\":\"https:\/\/secure.gravatar.com\/avatar\/c7cafab1c40b86a41f7dc1a5f47b543eabcdd3630903338f35932f4e47d657cb?s=96&d=mm&r=g\",\"caption\":\"admin\"},\"url\":\"https:\/\/alladixital.org\/en\/author\/admin\/\"}]}<\/script>\n<!-- \/ Yoast SEO plugin. -->","yoast_head_json":{"title":"LLETRES LLITERARIU. XXXIV D\u00cdA DE LES LLETRES ASTURIANES - Academia de la Llingua Asturiana","robots":{"index":"index","follow":"follow","max-snippet":"max-snippet:-1","max-image-preview":"max-image-preview:large","max-video-preview":"max-video-preview:-1"},"canonical":"https:\/\/alladixital.org\/en\/lletres-lliterariu-xxxiv-dia-de-les-lletres-asturianes\/","og_locale":"en_US","og_type":"article","og_title":"LLETRES LLITERARIU. XXXIV D\u00cdA DE LES LLETRES ASTURIANES - Academia de la Llingua Asturiana","og_description":"Uvi\u00e9u, ALLA, 2013. Al llegar el mes de mayu, y con \u00e9l el D\u00eda de les Lletres Asturianes, l\u2019Academia de la Llingua Asturiana asoleya\u2019l quintu n\u00famberu de la nueva revista &hellip; Continue reading \"LLETRES LLITERARIU. XXXIV D\u00cdA DE LES LLETRES ASTURIANES\"","og_url":"https:\/\/alladixital.org\/en\/lletres-lliterariu-xxxiv-dia-de-les-lletres-asturianes\/","og_site_name":"Academia de la Llingua Asturiana","article_publisher":"https:\/\/www.facebook.com\/AcademiadelaLlinguaAsturiana\/","article_published_time":"2013-10-09T19:06:55+00:00","og_image":[{"width":466,"height":251,"url":"https:\/\/alladixital.org\/wp-content\/uploads\/2014\/05\/LletresLliterariu.png","type":"image\/png"}],"author":"admin","twitter_card":"summary_large_image","twitter_creator":"@ALLA_ast","twitter_site":"@ALLA_ast","schema":{"@context":"https:\/\/schema.org","@graph":[{"@type":"Article","@id":"https:\/\/alladixital.org\/en\/lletres-lliterariu-xxxiv-dia-de-les-lletres-asturianes\/#article","isPartOf":{"@id":"https:\/\/alladixital.org\/en\/lletres-lliterariu-xxxiv-dia-de-les-lletres-asturianes\/"},"author":{"name":"admin","@id":"https:\/\/alladixital.org\/#\/schema\/person\/656e0920ab4ffb58592f1439c950b1cc"},"headline":"LLETRES LLITERARIU. XXXIV D\u00cdA DE LES LLETRES ASTURIANES","datePublished":"2013-10-09T19:06:55+00:00","mainEntityOfPage":{"@id":"https:\/\/alladixital.org\/en\/lletres-lliterariu-xxxiv-dia-de-les-lletres-asturianes\/"},"wordCount":89,"publisher":{"@id":"https:\/\/alladixital.org\/#organization"},"image":{"@id":"https:\/\/alladixital.org\/en\/lletres-lliterariu-xxxiv-dia-de-les-lletres-asturianes\/#primaryimage"},"thumbnailUrl":"https:\/\/alladixital.org\/wp-content\/uploads\/2014\/05\/LletresLliterariu.png","keywords":["publicaciones"],"articleSection":["News"],"inLanguage":"en-US"},{"@type":"WebPage","@id":"https:\/\/alladixital.org\/en\/lletres-lliterariu-xxxiv-dia-de-les-lletres-asturianes\/","url":"https:\/\/alladixital.org\/en\/lletres-lliterariu-xxxiv-dia-de-les-lletres-asturianes\/","name":"LLETRES LLITERARIU. XXXIV D\u00cdA DE LES LLETRES ASTURIANES - Academia de la Llingua Asturiana","isPartOf":{"@id":"https:\/\/alladixital.org\/#website"},"primaryImageOfPage":{"@id":"https:\/\/alladixital.org\/en\/lletres-lliterariu-xxxiv-dia-de-les-lletres-asturianes\/#primaryimage"},"image":{"@id":"https:\/\/alladixital.org\/en\/lletres-lliterariu-xxxiv-dia-de-les-lletres-asturianes\/#primaryimage"},"thumbnailUrl":"https:\/\/alladixital.org\/wp-content\/uploads\/2014\/05\/LletresLliterariu.png","datePublished":"2013-10-09T19:06:55+00:00","breadcrumb":{"@id":"https:\/\/alladixital.org\/en\/lletres-lliterariu-xxxiv-dia-de-les-lletres-asturianes\/#breadcrumb"},"inLanguage":"en-US","potentialAction":[{"@type":"ReadAction","target":["https:\/\/alladixital.org\/en\/lletres-lliterariu-xxxiv-dia-de-les-lletres-asturianes\/"]}]},{"@type":"ImageObject","inLanguage":"en-US","@id":"https:\/\/alladixital.org\/en\/lletres-lliterariu-xxxiv-dia-de-les-lletres-asturianes\/#primaryimage","url":"https:\/\/alladixital.org\/wp-content\/uploads\/2014\/05\/LletresLliterariu.png","contentUrl":"https:\/\/alladixital.org\/wp-content\/uploads\/2014\/05\/LletresLliterariu.png","width":466,"height":251},{"@type":"BreadcrumbList","@id":"https:\/\/alladixital.org\/en\/lletres-lliterariu-xxxiv-dia-de-les-lletres-asturianes\/#breadcrumb","itemListElement":[{"@type":"ListItem","position":1,"name":"Portada","item":"https:\/\/alladixital.org\/"},{"@type":"ListItem","position":2,"name":"LLETRES LLITERARIU. XXXIV D\u00cdA DE LES LLETRES ASTURIANES"}]},{"@type":"WebSite","@id":"https:\/\/alladixital.org\/#website","url":"https:\/\/alladixital.org\/","name":"Academia de la Llingua Asturiana","description":"ALLA","publisher":{"@id":"https:\/\/alladixital.org\/#organization"},"potentialAction":[{"@type":"SearchAction","target":{"@type":"EntryPoint","urlTemplate":"https:\/\/alladixital.org\/?s={search_term_string}"},"query-input":{"@type":"PropertyValueSpecification","valueRequired":true,"valueName":"search_term_string"}}],"inLanguage":"en-US"},{"@type":"Organization","@id":"https:\/\/alladixital.org\/#organization","name":"Academia de la Llingua Asturiana","url":"https:\/\/alladixital.org\/","logo":{"@type":"ImageObject","inLanguage":"en-US","@id":"https:\/\/alladixital.org\/#\/schema\/logo\/image\/","url":"https:\/\/alladixital.org\/wp-content\/uploads\/2022\/08\/logo_LLINGUA_280_V3.jpg","contentUrl":"https:\/\/alladixital.org\/wp-content\/uploads\/2022\/08\/logo_LLINGUA_280_V3.jpg","width":1064,"height":1096,"caption":"Academia de la Llingua Asturiana"},"image":{"@id":"https:\/\/alladixital.org\/#\/schema\/logo\/image\/"},"sameAs":["https:\/\/www.facebook.com\/AcademiadelaLlinguaAsturiana\/","https:\/\/x.com\/ALLA_ast"]},{"@type":"Person","@id":"https:\/\/alladixital.org\/#\/schema\/person\/656e0920ab4ffb58592f1439c950b1cc","name":"admin","image":{"@type":"ImageObject","inLanguage":"en-US","@id":"https:\/\/alladixital.org\/#\/schema\/person\/image\/","url":"https:\/\/secure.gravatar.com\/avatar\/c7cafab1c40b86a41f7dc1a5f47b543eabcdd3630903338f35932f4e47d657cb?s=96&d=mm&r=g","contentUrl":"https:\/\/secure.gravatar.com\/avatar\/c7cafab1c40b86a41f7dc1a5f47b543eabcdd3630903338f35932f4e47d657cb?s=96&d=mm&r=g","caption":"admin"},"url":"https:\/\/alladixital.org\/en\/author\/admin\/"}]}},"brizy_media":[],"_links":{"self":[{"href":"https:\/\/alladixital.org\/en\/wp-json\/wp\/v2\/posts\/4880","targetHints":{"allow":["GET"]}}],"collection":[{"href":"https:\/\/alladixital.org\/en\/wp-json\/wp\/v2\/posts"}],"about":[{"href":"https:\/\/alladixital.org\/en\/wp-json\/wp\/v2\/types\/post"}],"author":[{"embeddable":true,"href":"https:\/\/alladixital.org\/en\/wp-json\/wp\/v2\/users\/1"}],"replies":[{"embeddable":true,"href":"https:\/\/alladixital.org\/en\/wp-json\/wp\/v2\/comments?post=4880"}],"version-history":[{"count":0,"href":"https:\/\/alladixital.org\/en\/wp-json\/wp\/v2\/posts\/4880\/revisions"}],"wp:featuredmedia":[{"embeddable":true,"href":"https:\/\/alladixital.org\/en\/wp-json\/wp\/v2\/media\/3088"}],"wp:attachment":[{"href":"https:\/\/alladixital.org\/en\/wp-json\/wp\/v2\/media?parent=4880"}],"wp:term":[{"taxonomy":"category","embeddable":true,"href":"https:\/\/alladixital.org\/en\/wp-json\/wp\/v2\/categories?post=4880"},{"taxonomy":"post_tag","embeddable":true,"href":"https:\/\/alladixital.org\/en\/wp-json\/wp\/v2\/tags?post=4880"}],"curies":[{"name":"wp","href":"https:\/\/api.w.org\/{rel}","templated":true}]}}