{"id":4886,"date":"2013-10-09T19:53:46","date_gmt":"2013-10-09T17:53:46","guid":{"rendered":"https:\/\/alladixital.org\/ultimu-numberu-de-lletres\/"},"modified":"2022-07-06T12:58:41","modified_gmt":"2022-07-06T10:58:41","slug":"ultimu-numberu-de-lletres","status":"publish","type":"post","link":"https:\/\/alladixital.org\/en\/ultimu-numberu-de-lletres\/","title":{"rendered":"Lletres Asturianes 109"},"content":{"rendered":"<p>Uvi\u00e9u, ALLA 2013.<\/p>\n<p>Incl\u00fai art\u00edculos de Carmen Mu\u00f1iz Cach\u00f3n, (\u00abLa entonaci\u00f3n asturiana nel marcu de les lling\u00fces rom\u00e1niques: los atles pros\u00f3dicos \u00bb), Ana M\u00aa Cano Gonz\u00e1lez (\u00abM\u00e1s apell\u00edos asturianos vinientes de xenitivos de nomes de persona \u00bb), Xos\u00e9 Afonso \u00c1lvarez P\u00e9rez (\u00abDistribuci\u00f3n geoparemiol\u00f3gica de refranes meteorol\u00f3gicos asturianos \u00bb), Carmen D\u00edaz Alay\u00f3n (\u00abLa toponimia de Canarias: aportes ling\u00fc\u00edsticos \u00bb), Mart\u00edn Sevilla Rodr\u00edguez (\u00abToponimia de monesterios medievales escaec\u00edos \u00bb), Xos\u00e9 Ram\u00f3n Iglesias Cueva (\u00abLa poes\u00eda n\u2019asturianu de F\u00e9lix d\u2019Aramburu \u00bb), Emilio Frechilla D\u00edaz (\u00abUna g\u00fceyada a la novela negra asturiana de g\u00fcei\u00bb), Pablo Su\u00e1rez Garc\u00eda (\u00abLa identificaci\u00f3n d\u2019autor\u00eda n\u2019asturianu\u00bb), Pilar Fidalgo Pravia (\u00abUna nota lliteraria: Collaboraciones n\u2019asturianu nel \u00e1lbum conmemorativu de l\u2019apertura del \u00abTeatro Celso\u00bb n\u2019Uvi\u00e9u\u00bb), Jos\u00e9 \u00c1lvarez Alba (\u00ab\u00bfMalater\u00eda d\u2019Almurfe o malater\u00eda d\u2019Ambasmestas?\u00bb).<\/p>\n<p>Piesllen el volume les seiciones avezaes de Rese\u00f1es, Notes y anuncies y Llibrer\u00eda Asturiana.<br \/>\n<script><\/script><\/p>\n","protected":false},"excerpt":{"rendered":"<p>Uvi\u00e9u, ALLA 2013. Incl\u00fai art\u00edculos de Carmen Mu\u00f1iz Cach\u00f3n, (\u00abLa entonaci\u00f3n asturiana nel marcu de les lling\u00fces rom\u00e1niques: los atles pros\u00f3dicos \u00bb), Ana M\u00aa Cano Gonz\u00e1lez (\u00abM\u00e1s apell\u00edos asturianos vinientes &hellip; <\/p>\n<p class=\"link-more\"><a href=\"https:\/\/alladixital.org\/en\/ultimu-numberu-de-lletres\/\" class=\"more-link\">Continue reading<span class=\"screen-reader-text\"> &#8220;Lletres Asturianes 109&#8221;<\/span><\/a><\/p>\n","protected":false},"author":1,"featured_media":3073,"comment_status":"closed","ping_status":"closed","sticky":false,"template":"","format":"standard","meta":{"_acf_changed":false,"footnotes":""},"categories":[248],"tags":[167],"class_list":["post-4886","post","type-post","status-publish","format-standard","has-post-thumbnail","hentry","category-publications","tag-publicaciones-en"],"acf":[],"yoast_head":"<!-- This site is optimized with the Yoast SEO plugin v26.7 - https:\/\/yoast.com\/wordpress\/plugins\/seo\/ -->\n<title>Lletres Asturianes 109 - Academia de la Llingua Asturiana<\/title>\n<meta name=\"robots\" content=\"index, follow, max-snippet:-1, max-image-preview:large, max-video-preview:-1\" \/>\n<link rel=\"canonical\" href=\"https:\/\/alladixital.org\/en\/ultimu-numberu-de-lletres\/\" \/>\n<meta property=\"og:locale\" content=\"en_US\" \/>\n<meta property=\"og:type\" content=\"article\" \/>\n<meta property=\"og:title\" content=\"Lletres Asturianes 109 - Academia de la Llingua Asturiana\" \/>\n<meta property=\"og:description\" content=\"Uvi\u00e9u, ALLA 2013. Incl\u00fai art\u00edculos de Carmen Mu\u00f1iz Cach\u00f3n, (\u00abLa entonaci\u00f3n asturiana nel marcu de les lling\u00fces rom\u00e1niques: los atles pros\u00f3dicos \u00bb), Ana M\u00aa Cano Gonz\u00e1lez (\u00abM\u00e1s apell\u00edos asturianos vinientes &hellip; Continue reading &quot;Lletres Asturianes 109&quot;\" \/>\n<meta property=\"og:url\" content=\"https:\/\/alladixital.org\/en\/ultimu-numberu-de-lletres\/\" \/>\n<meta property=\"og:site_name\" content=\"Academia de la Llingua Asturiana\" \/>\n<meta property=\"article:publisher\" content=\"https:\/\/www.facebook.com\/AcademiadelaLlinguaAsturiana\/\" \/>\n<meta property=\"article:published_time\" content=\"2013-10-09T17:53:46+00:00\" \/>\n<meta property=\"article:modified_time\" content=\"2022-07-06T10:58:41+00:00\" \/>\n<meta property=\"og:image\" content=\"https:\/\/alladixital.org\/wp-content\/uploads\/2014\/05\/lletres.png\" \/>\n\t<meta property=\"og:image:width\" content=\"721\" \/>\n\t<meta property=\"og:image:height\" content=\"148\" \/>\n\t<meta property=\"og:image:type\" content=\"image\/png\" \/>\n<meta name=\"author\" content=\"admin\" \/>\n<meta name=\"twitter:card\" content=\"summary_large_image\" \/>\n<meta name=\"twitter:creator\" content=\"@ALLA_ast\" \/>\n<meta name=\"twitter:site\" content=\"@ALLA_ast\" \/>\n<script type=\"application\/ld+json\" class=\"yoast-schema-graph\">{\"@context\":\"https:\/\/schema.org\",\"@graph\":[{\"@type\":\"Article\",\"@id\":\"https:\/\/alladixital.org\/en\/ultimu-numberu-de-lletres\/#article\",\"isPartOf\":{\"@id\":\"https:\/\/alladixital.org\/en\/ultimu-numberu-de-lletres\/\"},\"author\":{\"name\":\"admin\",\"@id\":\"https:\/\/alladixital.org\/#\/schema\/person\/656e0920ab4ffb58592f1439c950b1cc\"},\"headline\":\"Lletres Asturianes 109\",\"datePublished\":\"2013-10-09T17:53:46+00:00\",\"dateModified\":\"2022-07-06T10:58:41+00:00\",\"mainEntityOfPage\":{\"@id\":\"https:\/\/alladixital.org\/en\/ultimu-numberu-de-lletres\/\"},\"wordCount\":177,\"publisher\":{\"@id\":\"https:\/\/alladixital.org\/#organization\"},\"image\":{\"@id\":\"https:\/\/alladixital.org\/en\/ultimu-numberu-de-lletres\/#primaryimage\"},\"thumbnailUrl\":\"https:\/\/alladixital.org\/wp-content\/uploads\/2014\/05\/lletres.png\",\"keywords\":[\"publicaciones\"],\"articleSection\":[\"Publications\"],\"inLanguage\":\"en-US\"},{\"@type\":\"WebPage\",\"@id\":\"https:\/\/alladixital.org\/en\/ultimu-numberu-de-lletres\/\",\"url\":\"https:\/\/alladixital.org\/en\/ultimu-numberu-de-lletres\/\",\"name\":\"Lletres Asturianes 109 - Academia de la Llingua Asturiana\",\"isPartOf\":{\"@id\":\"https:\/\/alladixital.org\/#website\"},\"primaryImageOfPage\":{\"@id\":\"https:\/\/alladixital.org\/en\/ultimu-numberu-de-lletres\/#primaryimage\"},\"image\":{\"@id\":\"https:\/\/alladixital.org\/en\/ultimu-numberu-de-lletres\/#primaryimage\"},\"thumbnailUrl\":\"https:\/\/alladixital.org\/wp-content\/uploads\/2014\/05\/lletres.png\",\"datePublished\":\"2013-10-09T17:53:46+00:00\",\"dateModified\":\"2022-07-06T10:58:41+00:00\",\"breadcrumb\":{\"@id\":\"https:\/\/alladixital.org\/en\/ultimu-numberu-de-lletres\/#breadcrumb\"},\"inLanguage\":\"en-US\",\"potentialAction\":[{\"@type\":\"ReadAction\",\"target\":[\"https:\/\/alladixital.org\/en\/ultimu-numberu-de-lletres\/\"]}]},{\"@type\":\"ImageObject\",\"inLanguage\":\"en-US\",\"@id\":\"https:\/\/alladixital.org\/en\/ultimu-numberu-de-lletres\/#primaryimage\",\"url\":\"https:\/\/alladixital.org\/wp-content\/uploads\/2014\/05\/lletres.png\",\"contentUrl\":\"https:\/\/alladixital.org\/wp-content\/uploads\/2014\/05\/lletres.png\",\"width\":721,\"height\":148},{\"@type\":\"BreadcrumbList\",\"@id\":\"https:\/\/alladixital.org\/en\/ultimu-numberu-de-lletres\/#breadcrumb\",\"itemListElement\":[{\"@type\":\"ListItem\",\"position\":1,\"name\":\"Portada\",\"item\":\"https:\/\/alladixital.org\/\"},{\"@type\":\"ListItem\",\"position\":2,\"name\":\"Lletres Asturianes 109\"}]},{\"@type\":\"WebSite\",\"@id\":\"https:\/\/alladixital.org\/#website\",\"url\":\"https:\/\/alladixital.org\/\",\"name\":\"Academia de la Llingua Asturiana\",\"description\":\"ALLA\",\"publisher\":{\"@id\":\"https:\/\/alladixital.org\/#organization\"},\"potentialAction\":[{\"@type\":\"SearchAction\",\"target\":{\"@type\":\"EntryPoint\",\"urlTemplate\":\"https:\/\/alladixital.org\/?s={search_term_string}\"},\"query-input\":{\"@type\":\"PropertyValueSpecification\",\"valueRequired\":true,\"valueName\":\"search_term_string\"}}],\"inLanguage\":\"en-US\"},{\"@type\":\"Organization\",\"@id\":\"https:\/\/alladixital.org\/#organization\",\"name\":\"Academia de la Llingua Asturiana\",\"url\":\"https:\/\/alladixital.org\/\",\"logo\":{\"@type\":\"ImageObject\",\"inLanguage\":\"en-US\",\"@id\":\"https:\/\/alladixital.org\/#\/schema\/logo\/image\/\",\"url\":\"https:\/\/alladixital.org\/wp-content\/uploads\/2022\/08\/logo_LLINGUA_280_V3.jpg\",\"contentUrl\":\"https:\/\/alladixital.org\/wp-content\/uploads\/2022\/08\/logo_LLINGUA_280_V3.jpg\",\"width\":1064,\"height\":1096,\"caption\":\"Academia de la Llingua Asturiana\"},\"image\":{\"@id\":\"https:\/\/alladixital.org\/#\/schema\/logo\/image\/\"},\"sameAs\":[\"https:\/\/www.facebook.com\/AcademiadelaLlinguaAsturiana\/\",\"https:\/\/x.com\/ALLA_ast\"]},{\"@type\":\"Person\",\"@id\":\"https:\/\/alladixital.org\/#\/schema\/person\/656e0920ab4ffb58592f1439c950b1cc\",\"name\":\"admin\",\"image\":{\"@type\":\"ImageObject\",\"inLanguage\":\"en-US\",\"@id\":\"https:\/\/alladixital.org\/#\/schema\/person\/image\/\",\"url\":\"https:\/\/secure.gravatar.com\/avatar\/c7cafab1c40b86a41f7dc1a5f47b543eabcdd3630903338f35932f4e47d657cb?s=96&d=mm&r=g\",\"contentUrl\":\"https:\/\/secure.gravatar.com\/avatar\/c7cafab1c40b86a41f7dc1a5f47b543eabcdd3630903338f35932f4e47d657cb?s=96&d=mm&r=g\",\"caption\":\"admin\"},\"url\":\"https:\/\/alladixital.org\/en\/author\/admin\/\"}]}<\/script>\n<!-- \/ Yoast SEO plugin. -->","yoast_head_json":{"title":"Lletres Asturianes 109 - Academia de la Llingua Asturiana","robots":{"index":"index","follow":"follow","max-snippet":"max-snippet:-1","max-image-preview":"max-image-preview:large","max-video-preview":"max-video-preview:-1"},"canonical":"https:\/\/alladixital.org\/en\/ultimu-numberu-de-lletres\/","og_locale":"en_US","og_type":"article","og_title":"Lletres Asturianes 109 - Academia de la Llingua Asturiana","og_description":"Uvi\u00e9u, ALLA 2013. Incl\u00fai art\u00edculos de Carmen Mu\u00f1iz Cach\u00f3n, (\u00abLa entonaci\u00f3n asturiana nel marcu de les lling\u00fces rom\u00e1niques: los atles pros\u00f3dicos \u00bb), Ana M\u00aa Cano Gonz\u00e1lez (\u00abM\u00e1s apell\u00edos asturianos vinientes &hellip; Continue reading \"Lletres Asturianes 109\"","og_url":"https:\/\/alladixital.org\/en\/ultimu-numberu-de-lletres\/","og_site_name":"Academia de la Llingua Asturiana","article_publisher":"https:\/\/www.facebook.com\/AcademiadelaLlinguaAsturiana\/","article_published_time":"2013-10-09T17:53:46+00:00","article_modified_time":"2022-07-06T10:58:41+00:00","og_image":[{"width":721,"height":148,"url":"https:\/\/alladixital.org\/wp-content\/uploads\/2014\/05\/lletres.png","type":"image\/png"}],"author":"admin","twitter_card":"summary_large_image","twitter_creator":"@ALLA_ast","twitter_site":"@ALLA_ast","schema":{"@context":"https:\/\/schema.org","@graph":[{"@type":"Article","@id":"https:\/\/alladixital.org\/en\/ultimu-numberu-de-lletres\/#article","isPartOf":{"@id":"https:\/\/alladixital.org\/en\/ultimu-numberu-de-lletres\/"},"author":{"name":"admin","@id":"https:\/\/alladixital.org\/#\/schema\/person\/656e0920ab4ffb58592f1439c950b1cc"},"headline":"Lletres Asturianes 109","datePublished":"2013-10-09T17:53:46+00:00","dateModified":"2022-07-06T10:58:41+00:00","mainEntityOfPage":{"@id":"https:\/\/alladixital.org\/en\/ultimu-numberu-de-lletres\/"},"wordCount":177,"publisher":{"@id":"https:\/\/alladixital.org\/#organization"},"image":{"@id":"https:\/\/alladixital.org\/en\/ultimu-numberu-de-lletres\/#primaryimage"},"thumbnailUrl":"https:\/\/alladixital.org\/wp-content\/uploads\/2014\/05\/lletres.png","keywords":["publicaciones"],"articleSection":["Publications"],"inLanguage":"en-US"},{"@type":"WebPage","@id":"https:\/\/alladixital.org\/en\/ultimu-numberu-de-lletres\/","url":"https:\/\/alladixital.org\/en\/ultimu-numberu-de-lletres\/","name":"Lletres Asturianes 109 - Academia de la Llingua Asturiana","isPartOf":{"@id":"https:\/\/alladixital.org\/#website"},"primaryImageOfPage":{"@id":"https:\/\/alladixital.org\/en\/ultimu-numberu-de-lletres\/#primaryimage"},"image":{"@id":"https:\/\/alladixital.org\/en\/ultimu-numberu-de-lletres\/#primaryimage"},"thumbnailUrl":"https:\/\/alladixital.org\/wp-content\/uploads\/2014\/05\/lletres.png","datePublished":"2013-10-09T17:53:46+00:00","dateModified":"2022-07-06T10:58:41+00:00","breadcrumb":{"@id":"https:\/\/alladixital.org\/en\/ultimu-numberu-de-lletres\/#breadcrumb"},"inLanguage":"en-US","potentialAction":[{"@type":"ReadAction","target":["https:\/\/alladixital.org\/en\/ultimu-numberu-de-lletres\/"]}]},{"@type":"ImageObject","inLanguage":"en-US","@id":"https:\/\/alladixital.org\/en\/ultimu-numberu-de-lletres\/#primaryimage","url":"https:\/\/alladixital.org\/wp-content\/uploads\/2014\/05\/lletres.png","contentUrl":"https:\/\/alladixital.org\/wp-content\/uploads\/2014\/05\/lletres.png","width":721,"height":148},{"@type":"BreadcrumbList","@id":"https:\/\/alladixital.org\/en\/ultimu-numberu-de-lletres\/#breadcrumb","itemListElement":[{"@type":"ListItem","position":1,"name":"Portada","item":"https:\/\/alladixital.org\/"},{"@type":"ListItem","position":2,"name":"Lletres Asturianes 109"}]},{"@type":"WebSite","@id":"https:\/\/alladixital.org\/#website","url":"https:\/\/alladixital.org\/","name":"Academia de la Llingua Asturiana","description":"ALLA","publisher":{"@id":"https:\/\/alladixital.org\/#organization"},"potentialAction":[{"@type":"SearchAction","target":{"@type":"EntryPoint","urlTemplate":"https:\/\/alladixital.org\/?s={search_term_string}"},"query-input":{"@type":"PropertyValueSpecification","valueRequired":true,"valueName":"search_term_string"}}],"inLanguage":"en-US"},{"@type":"Organization","@id":"https:\/\/alladixital.org\/#organization","name":"Academia de la Llingua Asturiana","url":"https:\/\/alladixital.org\/","logo":{"@type":"ImageObject","inLanguage":"en-US","@id":"https:\/\/alladixital.org\/#\/schema\/logo\/image\/","url":"https:\/\/alladixital.org\/wp-content\/uploads\/2022\/08\/logo_LLINGUA_280_V3.jpg","contentUrl":"https:\/\/alladixital.org\/wp-content\/uploads\/2022\/08\/logo_LLINGUA_280_V3.jpg","width":1064,"height":1096,"caption":"Academia de la Llingua Asturiana"},"image":{"@id":"https:\/\/alladixital.org\/#\/schema\/logo\/image\/"},"sameAs":["https:\/\/www.facebook.com\/AcademiadelaLlinguaAsturiana\/","https:\/\/x.com\/ALLA_ast"]},{"@type":"Person","@id":"https:\/\/alladixital.org\/#\/schema\/person\/656e0920ab4ffb58592f1439c950b1cc","name":"admin","image":{"@type":"ImageObject","inLanguage":"en-US","@id":"https:\/\/alladixital.org\/#\/schema\/person\/image\/","url":"https:\/\/secure.gravatar.com\/avatar\/c7cafab1c40b86a41f7dc1a5f47b543eabcdd3630903338f35932f4e47d657cb?s=96&d=mm&r=g","contentUrl":"https:\/\/secure.gravatar.com\/avatar\/c7cafab1c40b86a41f7dc1a5f47b543eabcdd3630903338f35932f4e47d657cb?s=96&d=mm&r=g","caption":"admin"},"url":"https:\/\/alladixital.org\/en\/author\/admin\/"}]}},"brizy_media":[],"_links":{"self":[{"href":"https:\/\/alladixital.org\/en\/wp-json\/wp\/v2\/posts\/4886","targetHints":{"allow":["GET"]}}],"collection":[{"href":"https:\/\/alladixital.org\/en\/wp-json\/wp\/v2\/posts"}],"about":[{"href":"https:\/\/alladixital.org\/en\/wp-json\/wp\/v2\/types\/post"}],"author":[{"embeddable":true,"href":"https:\/\/alladixital.org\/en\/wp-json\/wp\/v2\/users\/1"}],"replies":[{"embeddable":true,"href":"https:\/\/alladixital.org\/en\/wp-json\/wp\/v2\/comments?post=4886"}],"version-history":[{"count":0,"href":"https:\/\/alladixital.org\/en\/wp-json\/wp\/v2\/posts\/4886\/revisions"}],"wp:featuredmedia":[{"embeddable":true,"href":"https:\/\/alladixital.org\/en\/wp-json\/wp\/v2\/media\/3073"}],"wp:attachment":[{"href":"https:\/\/alladixital.org\/en\/wp-json\/wp\/v2\/media?parent=4886"}],"wp:term":[{"taxonomy":"category","embeddable":true,"href":"https:\/\/alladixital.org\/en\/wp-json\/wp\/v2\/categories?post=4886"},{"taxonomy":"post_tag","embeddable":true,"href":"https:\/\/alladixital.org\/en\/wp-json\/wp\/v2\/tags?post=4886"}],"curies":[{"name":"wp","href":"https:\/\/api.w.org\/{rel}","templated":true}]}}