{"id":4923,"date":"2011-02-21T17:13:02","date_gmt":"2011-02-21T16:13:02","guid":{"rendered":"https:\/\/alladixital.org\/posicion-de-lalla-entel-procesu-de-tramitacion-del-decretu-despecialidaes-de-maestros-del-ministeriu-deducacion\/"},"modified":"2022-07-06T12:59:10","modified_gmt":"2022-07-06T10:59:10","slug":"posicion-de-lalla-entel-procesu-de-tramitacion-del-decretu-despecialidaes-de-maestros-del-ministeriu-deducacion","status":"publish","type":"post","link":"https:\/\/alladixital.org\/en\/posicion-de-lalla-entel-procesu-de-tramitacion-del-decretu-despecialidaes-de-maestros-del-ministeriu-deducacion\/","title":{"rendered":"Posici\u00f3n de l\u2019ALLA ente\u2019l procesu de tramitaci\u00f3n del Decretu d\u2019Especialidaes de Maestros del Ministeriu d\u2019Educaci\u00f3n"},"content":{"rendered":"<p>Como sabe la opini\u00f3n p\u00fablica asturiana y les fuerces pol\u00edtiques parllamentaries de la Xunta Xeneral del Princip\u00e1u d\u2019Asturies, l\u2019Academia de la Llingua Asturiana vien calteniendo cuantay\u00e1 la necesid\u00e1 de que\u2019l profesor\u00e1u de Llingua Asturiana exerciente en centros p\u00fablicos d\u2019Educaci\u00f3n Primaria y Secundaria cunte cola Especialid\u00e1 docente de Llingua Asturiana. Tal especialid\u00e1 ye la \u00fanica garant\u00eda de qu\u2019esti profesor\u00e1u pueda acceder, n\u2019iguald\u00e1 de condiciones que\u2019l restu, a una estabilid\u00e1 profesional pente medies de los pertinentes concursos d\u2019oposici\u00f3n y tresll\u00e1u. Ello significar\u00eda, al empar, un importante reblagu nel asitiamientu alministrativu del \u00e1rea de Llingua Asturiana dende\u2019l puntu de vista organizativu y, mesmamente, dende la perspeutiva de la rentabilid\u00e1 y axuste econ\u00f3micu nun momentu de crisis fonda como l\u2019actual. Nun hai qu\u2019escaecer, am\u00e1s, que\u2019l nivel de formaci\u00f3n universitaria esix\u00edu a esti profesor\u00e1u ye, agora y darr\u00e9u de la puesta en pr\u00e1utica na Universid\u00e1 de les directrices del Espaciu Europ\u00e9u d\u2019Educaci\u00f3n Superior (EEES), plenamente homologable al del restu de los coleutivos docentes. Pues bien, el Ministeriu d\u2019Educaci\u00f3n ta a puntu d\u2019espublizar un nuevu Decretu d\u2019Especialidaes pa Maestros nel que s\u2019afita que \u201ctendr\u00e1n la consideranza d\u2019especialidaes del cuerpu de Maestros les propies de la llingua co-oficial naquelles comunidaes aut\u00f3nomes qu\u2019asina lo tuvieron reglao\u201d. Magar esti enunci\u00e1u nun torga les posibidaes llegales de la llingua asturiana (nada se diz a la escontra de les lling\u00fces non oficiales), el sindicatu de profesores STES (represent\u00e1u en Madrid por Vicent Esteve) planteg\u00f3 apocay\u00e1 al ME na mesa sectorial d\u2019Educaci\u00f3n una enmienda al articul\u00e1u pa que les lling\u00fces non oficiales, pero con especial proteici\u00f3n y presencia curricular oficial, pudieren ser, tami\u00e9n, reconoc\u00edes como \u201cespecialid\u00e1 docente\u201d.<\/p>\n<p>A lo que paez, la respuesta del Miguel Soler Garc\u00eda (Direutor Xeneral de Formaci\u00f3n Profesional del Ministeriu d\u2019Educaci\u00f3n) foi qu\u2019ello nun yera necesario porque, puestos en contautu col Princip\u00e1u d\u2019Asturies, les autoridaes auton\u00f3miques asturianes refugaben esa especialid\u00e1.<\/p>\n<p>De ser ello cierto, sedr\u00eda un fechu grav\u00edsimu, non solo porque\u2019l Gobiernu del Princip\u00e1u d\u2019Asturies tar\u00eda faciendo una dexaci\u00f3n ensin precedentes de les posibilidaes llegales de la ense\u00f1anza del asturianu, sin\u00f3n tami\u00e9n dende\u2019l puntu de vista de les implicaciones que cinquen a la credibilid\u00e1 del executivu asturianu, darr\u00e9u que son xustamente los responsables educativos d\u2019Asturies los qu\u2019apregonen que tal especialid\u00e1 nun pue facese porque \u201cMadrid nun dexa\u201d.<\/p>\n<p>L\u2019Academia, nesti sen y como mu\u00e9rganu tutelar de los derechos lling\u00fc\u00edsticos de los asturianos, da anuncia de que solicitar\u00e1 un aconceyamientu urxente cola Conseyer\u00eda d\u2019Educaci\u00f3n del Gobiernu del Princip\u00e1u y treslladar\u00e1 la so posici\u00f3n a toles fuerces pol\u00edtiques parllamentaries, entamando pola FSA-PSOE, encamentando a toes elles qu\u2019estes cuestiones seyan ten\u00edes en cuenta a la hora d\u2019ellaborar los respeutivos programes eleutorales col env\u00eds de qu\u2019esta llamentable situaci\u00f3n alcuentre definitiva soluci\u00f3n con marcu llegal y alministrativu estable y non discriminatoriu.<\/p>\n<p>Uvi\u00e9u, 21 de febreru de 2011<br \/>\n<script><\/script><\/p>\n","protected":false},"excerpt":{"rendered":"<p>Como sabe la opini\u00f3n p\u00fablica asturiana y les fuerces pol\u00edtiques parllamentaries de la Xunta Xeneral del Princip\u00e1u d\u2019Asturies, l\u2019Academia de la Llingua Asturiana vien calteniendo cuantay\u00e1 la necesid\u00e1 de que\u2019l &hellip; <\/p>\n<p class=\"link-more\"><a href=\"https:\/\/alladixital.org\/en\/posicion-de-lalla-entel-procesu-de-tramitacion-del-decretu-despecialidaes-de-maestros-del-ministeriu-deducacion\/\" class=\"more-link\">Continue reading<span class=\"screen-reader-text\"> &#8220;Posici\u00f3n de l\u2019ALLA ente\u2019l procesu de tramitaci\u00f3n del Decretu d\u2019Especialidaes de Maestros del Ministeriu d\u2019Educaci\u00f3n&#8221;<\/span><\/a><\/p>\n","protected":false},"author":1,"featured_media":3030,"comment_status":"closed","ping_status":"closed","sticky":false,"template":"","format":"standard","meta":{"_acf_changed":false,"footnotes":""},"categories":[133],"tags":[329,290,318,282,283,332],"class_list":["post-4923","post","type-post","status-publish","format-standard","has-post-thumbnail","hentry","category-news","tag-condena-en","tag-conseyeria-en","tag-educacion-en","tag-ensenanza-en","tag-lleis-en","tag-llexislatura-en"],"acf":[],"yoast_head":"<!-- This site is optimized with the Yoast SEO plugin v26.7 - https:\/\/yoast.com\/wordpress\/plugins\/seo\/ -->\n<title>Posici\u00f3n de l\u2019ALLA ente\u2019l procesu de tramitaci\u00f3n del Decretu d\u2019Especialidaes de Maestros del Ministeriu d\u2019Educaci\u00f3n - Academia de la Llingua Asturiana<\/title>\n<meta name=\"robots\" content=\"index, follow, max-snippet:-1, max-image-preview:large, max-video-preview:-1\" \/>\n<link rel=\"canonical\" href=\"https:\/\/alladixital.org\/en\/posicion-de-lalla-entel-procesu-de-tramitacion-del-decretu-despecialidaes-de-maestros-del-ministeriu-deducacion\/\" \/>\n<meta property=\"og:locale\" content=\"en_US\" \/>\n<meta property=\"og:type\" content=\"article\" \/>\n<meta property=\"og:title\" content=\"Posici\u00f3n de l\u2019ALLA ente\u2019l procesu de tramitaci\u00f3n del Decretu d\u2019Especialidaes de Maestros del Ministeriu d\u2019Educaci\u00f3n - Academia de la Llingua Asturiana\" \/>\n<meta property=\"og:description\" content=\"Como sabe la opini\u00f3n p\u00fablica asturiana y les fuerces pol\u00edtiques parllamentaries de la Xunta Xeneral del Princip\u00e1u d\u2019Asturies, l\u2019Academia de la Llingua Asturiana vien calteniendo cuantay\u00e1 la necesid\u00e1 de que\u2019l &hellip; Continue reading &quot;Posici\u00f3n de l\u2019ALLA ente\u2019l procesu de tramitaci\u00f3n del Decretu d\u2019Especialidaes de Maestros del Ministeriu d\u2019Educaci\u00f3n&quot;\" \/>\n<meta property=\"og:url\" content=\"https:\/\/alladixital.org\/en\/posicion-de-lalla-entel-procesu-de-tramitacion-del-decretu-despecialidaes-de-maestros-del-ministeriu-deducacion\/\" \/>\n<meta property=\"og:site_name\" content=\"Academia de la Llingua Asturiana\" \/>\n<meta property=\"article:publisher\" content=\"https:\/\/www.facebook.com\/AcademiadelaLlinguaAsturiana\/\" \/>\n<meta property=\"article:published_time\" content=\"2011-02-21T16:13:02+00:00\" \/>\n<meta property=\"article:modified_time\" content=\"2022-07-06T10:59:10+00:00\" \/>\n<meta property=\"og:image\" content=\"https:\/\/alladixital.org\/wp-content\/uploads\/2014\/06\/ALLA_3.jpg\" \/>\n\t<meta property=\"og:image:width\" content=\"385\" \/>\n\t<meta property=\"og:image:height\" content=\"256\" \/>\n\t<meta property=\"og:image:type\" content=\"image\/jpeg\" \/>\n<meta name=\"author\" content=\"admin\" \/>\n<meta name=\"twitter:card\" content=\"summary_large_image\" \/>\n<meta name=\"twitter:creator\" content=\"@ALLA_ast\" \/>\n<meta name=\"twitter:site\" content=\"@ALLA_ast\" \/>\n<script type=\"application\/ld+json\" class=\"yoast-schema-graph\">{\"@context\":\"https:\/\/schema.org\",\"@graph\":[{\"@type\":\"Article\",\"@id\":\"https:\/\/alladixital.org\/en\/posicion-de-lalla-entel-procesu-de-tramitacion-del-decretu-despecialidaes-de-maestros-del-ministeriu-deducacion\/#article\",\"isPartOf\":{\"@id\":\"https:\/\/alladixital.org\/en\/posicion-de-lalla-entel-procesu-de-tramitacion-del-decretu-despecialidaes-de-maestros-del-ministeriu-deducacion\/\"},\"author\":{\"name\":\"admin\",\"@id\":\"https:\/\/alladixital.org\/#\/schema\/person\/656e0920ab4ffb58592f1439c950b1cc\"},\"headline\":\"Posici\u00f3n de l\u2019ALLA ente\u2019l procesu de tramitaci\u00f3n del Decretu d\u2019Especialidaes de Maestros del Ministeriu d\u2019Educaci\u00f3n\",\"datePublished\":\"2011-02-21T16:13:02+00:00\",\"dateModified\":\"2022-07-06T10:59:10+00:00\",\"mainEntityOfPage\":{\"@id\":\"https:\/\/alladixital.org\/en\/posicion-de-lalla-entel-procesu-de-tramitacion-del-decretu-despecialidaes-de-maestros-del-ministeriu-deducacion\/\"},\"wordCount\":565,\"publisher\":{\"@id\":\"https:\/\/alladixital.org\/#organization\"},\"image\":{\"@id\":\"https:\/\/alladixital.org\/en\/posicion-de-lalla-entel-procesu-de-tramitacion-del-decretu-despecialidaes-de-maestros-del-ministeriu-deducacion\/#primaryimage\"},\"thumbnailUrl\":\"https:\/\/alladixital.org\/wp-content\/uploads\/2014\/06\/ALLA_3.jpg\",\"keywords\":[\"condena\",\"conseyer\u00eda\",\"educaci\u00f3n\",\"ense\u00f1anza\",\"lleis\",\"llexislatura\"],\"articleSection\":[\"News\"],\"inLanguage\":\"en-US\"},{\"@type\":\"WebPage\",\"@id\":\"https:\/\/alladixital.org\/en\/posicion-de-lalla-entel-procesu-de-tramitacion-del-decretu-despecialidaes-de-maestros-del-ministeriu-deducacion\/\",\"url\":\"https:\/\/alladixital.org\/en\/posicion-de-lalla-entel-procesu-de-tramitacion-del-decretu-despecialidaes-de-maestros-del-ministeriu-deducacion\/\",\"name\":\"Posici\u00f3n de l\u2019ALLA ente\u2019l procesu de tramitaci\u00f3n del Decretu d\u2019Especialidaes de Maestros del Ministeriu d\u2019Educaci\u00f3n - Academia de la Llingua Asturiana\",\"isPartOf\":{\"@id\":\"https:\/\/alladixital.org\/#website\"},\"primaryImageOfPage\":{\"@id\":\"https:\/\/alladixital.org\/en\/posicion-de-lalla-entel-procesu-de-tramitacion-del-decretu-despecialidaes-de-maestros-del-ministeriu-deducacion\/#primaryimage\"},\"image\":{\"@id\":\"https:\/\/alladixital.org\/en\/posicion-de-lalla-entel-procesu-de-tramitacion-del-decretu-despecialidaes-de-maestros-del-ministeriu-deducacion\/#primaryimage\"},\"thumbnailUrl\":\"https:\/\/alladixital.org\/wp-content\/uploads\/2014\/06\/ALLA_3.jpg\",\"datePublished\":\"2011-02-21T16:13:02+00:00\",\"dateModified\":\"2022-07-06T10:59:10+00:00\",\"breadcrumb\":{\"@id\":\"https:\/\/alladixital.org\/en\/posicion-de-lalla-entel-procesu-de-tramitacion-del-decretu-despecialidaes-de-maestros-del-ministeriu-deducacion\/#breadcrumb\"},\"inLanguage\":\"en-US\",\"potentialAction\":[{\"@type\":\"ReadAction\",\"target\":[\"https:\/\/alladixital.org\/en\/posicion-de-lalla-entel-procesu-de-tramitacion-del-decretu-despecialidaes-de-maestros-del-ministeriu-deducacion\/\"]}]},{\"@type\":\"ImageObject\",\"inLanguage\":\"en-US\",\"@id\":\"https:\/\/alladixital.org\/en\/posicion-de-lalla-entel-procesu-de-tramitacion-del-decretu-despecialidaes-de-maestros-del-ministeriu-deducacion\/#primaryimage\",\"url\":\"https:\/\/alladixital.org\/wp-content\/uploads\/2014\/06\/ALLA_3.jpg\",\"contentUrl\":\"https:\/\/alladixital.org\/wp-content\/uploads\/2014\/06\/ALLA_3.jpg\",\"width\":385,\"height\":256},{\"@type\":\"BreadcrumbList\",\"@id\":\"https:\/\/alladixital.org\/en\/posicion-de-lalla-entel-procesu-de-tramitacion-del-decretu-despecialidaes-de-maestros-del-ministeriu-deducacion\/#breadcrumb\",\"itemListElement\":[{\"@type\":\"ListItem\",\"position\":1,\"name\":\"Portada\",\"item\":\"https:\/\/alladixital.org\/\"},{\"@type\":\"ListItem\",\"position\":2,\"name\":\"Posici\u00f3n de l\u2019ALLA ente\u2019l procesu de tramitaci\u00f3n del Decretu d\u2019Especialidaes de Maestros del Ministeriu d\u2019Educaci\u00f3n\"}]},{\"@type\":\"WebSite\",\"@id\":\"https:\/\/alladixital.org\/#website\",\"url\":\"https:\/\/alladixital.org\/\",\"name\":\"Academia de la Llingua Asturiana\",\"description\":\"ALLA\",\"publisher\":{\"@id\":\"https:\/\/alladixital.org\/#organization\"},\"potentialAction\":[{\"@type\":\"SearchAction\",\"target\":{\"@type\":\"EntryPoint\",\"urlTemplate\":\"https:\/\/alladixital.org\/?s={search_term_string}\"},\"query-input\":{\"@type\":\"PropertyValueSpecification\",\"valueRequired\":true,\"valueName\":\"search_term_string\"}}],\"inLanguage\":\"en-US\"},{\"@type\":\"Organization\",\"@id\":\"https:\/\/alladixital.org\/#organization\",\"name\":\"Academia de la Llingua Asturiana\",\"url\":\"https:\/\/alladixital.org\/\",\"logo\":{\"@type\":\"ImageObject\",\"inLanguage\":\"en-US\",\"@id\":\"https:\/\/alladixital.org\/#\/schema\/logo\/image\/\",\"url\":\"https:\/\/alladixital.org\/wp-content\/uploads\/2022\/08\/logo_LLINGUA_280_V3.jpg\",\"contentUrl\":\"https:\/\/alladixital.org\/wp-content\/uploads\/2022\/08\/logo_LLINGUA_280_V3.jpg\",\"width\":1064,\"height\":1096,\"caption\":\"Academia de la Llingua Asturiana\"},\"image\":{\"@id\":\"https:\/\/alladixital.org\/#\/schema\/logo\/image\/\"},\"sameAs\":[\"https:\/\/www.facebook.com\/AcademiadelaLlinguaAsturiana\/\",\"https:\/\/x.com\/ALLA_ast\"]},{\"@type\":\"Person\",\"@id\":\"https:\/\/alladixital.org\/#\/schema\/person\/656e0920ab4ffb58592f1439c950b1cc\",\"name\":\"admin\",\"image\":{\"@type\":\"ImageObject\",\"inLanguage\":\"en-US\",\"@id\":\"https:\/\/alladixital.org\/#\/schema\/person\/image\/\",\"url\":\"https:\/\/secure.gravatar.com\/avatar\/c7cafab1c40b86a41f7dc1a5f47b543eabcdd3630903338f35932f4e47d657cb?s=96&d=mm&r=g\",\"contentUrl\":\"https:\/\/secure.gravatar.com\/avatar\/c7cafab1c40b86a41f7dc1a5f47b543eabcdd3630903338f35932f4e47d657cb?s=96&d=mm&r=g\",\"caption\":\"admin\"},\"url\":\"https:\/\/alladixital.org\/en\/author\/admin\/\"}]}<\/script>\n<!-- \/ Yoast SEO plugin. -->","yoast_head_json":{"title":"Posici\u00f3n de l\u2019ALLA ente\u2019l procesu de tramitaci\u00f3n del Decretu d\u2019Especialidaes de Maestros del Ministeriu d\u2019Educaci\u00f3n - Academia de la Llingua Asturiana","robots":{"index":"index","follow":"follow","max-snippet":"max-snippet:-1","max-image-preview":"max-image-preview:large","max-video-preview":"max-video-preview:-1"},"canonical":"https:\/\/alladixital.org\/en\/posicion-de-lalla-entel-procesu-de-tramitacion-del-decretu-despecialidaes-de-maestros-del-ministeriu-deducacion\/","og_locale":"en_US","og_type":"article","og_title":"Posici\u00f3n de l\u2019ALLA ente\u2019l procesu de tramitaci\u00f3n del Decretu d\u2019Especialidaes de Maestros del Ministeriu d\u2019Educaci\u00f3n - Academia de la Llingua Asturiana","og_description":"Como sabe la opini\u00f3n p\u00fablica asturiana y les fuerces pol\u00edtiques parllamentaries de la Xunta Xeneral del Princip\u00e1u d\u2019Asturies, l\u2019Academia de la Llingua Asturiana vien calteniendo cuantay\u00e1 la necesid\u00e1 de que\u2019l &hellip; Continue reading \"Posici\u00f3n de l\u2019ALLA ente\u2019l procesu de tramitaci\u00f3n del Decretu d\u2019Especialidaes de Maestros del Ministeriu d\u2019Educaci\u00f3n\"","og_url":"https:\/\/alladixital.org\/en\/posicion-de-lalla-entel-procesu-de-tramitacion-del-decretu-despecialidaes-de-maestros-del-ministeriu-deducacion\/","og_site_name":"Academia de la Llingua Asturiana","article_publisher":"https:\/\/www.facebook.com\/AcademiadelaLlinguaAsturiana\/","article_published_time":"2011-02-21T16:13:02+00:00","article_modified_time":"2022-07-06T10:59:10+00:00","og_image":[{"width":385,"height":256,"url":"https:\/\/alladixital.org\/wp-content\/uploads\/2014\/06\/ALLA_3.jpg","type":"image\/jpeg"}],"author":"admin","twitter_card":"summary_large_image","twitter_creator":"@ALLA_ast","twitter_site":"@ALLA_ast","schema":{"@context":"https:\/\/schema.org","@graph":[{"@type":"Article","@id":"https:\/\/alladixital.org\/en\/posicion-de-lalla-entel-procesu-de-tramitacion-del-decretu-despecialidaes-de-maestros-del-ministeriu-deducacion\/#article","isPartOf":{"@id":"https:\/\/alladixital.org\/en\/posicion-de-lalla-entel-procesu-de-tramitacion-del-decretu-despecialidaes-de-maestros-del-ministeriu-deducacion\/"},"author":{"name":"admin","@id":"https:\/\/alladixital.org\/#\/schema\/person\/656e0920ab4ffb58592f1439c950b1cc"},"headline":"Posici\u00f3n de l\u2019ALLA ente\u2019l procesu de tramitaci\u00f3n del Decretu d\u2019Especialidaes de Maestros del Ministeriu d\u2019Educaci\u00f3n","datePublished":"2011-02-21T16:13:02+00:00","dateModified":"2022-07-06T10:59:10+00:00","mainEntityOfPage":{"@id":"https:\/\/alladixital.org\/en\/posicion-de-lalla-entel-procesu-de-tramitacion-del-decretu-despecialidaes-de-maestros-del-ministeriu-deducacion\/"},"wordCount":565,"publisher":{"@id":"https:\/\/alladixital.org\/#organization"},"image":{"@id":"https:\/\/alladixital.org\/en\/posicion-de-lalla-entel-procesu-de-tramitacion-del-decretu-despecialidaes-de-maestros-del-ministeriu-deducacion\/#primaryimage"},"thumbnailUrl":"https:\/\/alladixital.org\/wp-content\/uploads\/2014\/06\/ALLA_3.jpg","keywords":["condena","conseyer\u00eda","educaci\u00f3n","ense\u00f1anza","lleis","llexislatura"],"articleSection":["News"],"inLanguage":"en-US"},{"@type":"WebPage","@id":"https:\/\/alladixital.org\/en\/posicion-de-lalla-entel-procesu-de-tramitacion-del-decretu-despecialidaes-de-maestros-del-ministeriu-deducacion\/","url":"https:\/\/alladixital.org\/en\/posicion-de-lalla-entel-procesu-de-tramitacion-del-decretu-despecialidaes-de-maestros-del-ministeriu-deducacion\/","name":"Posici\u00f3n de l\u2019ALLA ente\u2019l procesu de tramitaci\u00f3n del Decretu d\u2019Especialidaes de Maestros del Ministeriu d\u2019Educaci\u00f3n - Academia de la Llingua Asturiana","isPartOf":{"@id":"https:\/\/alladixital.org\/#website"},"primaryImageOfPage":{"@id":"https:\/\/alladixital.org\/en\/posicion-de-lalla-entel-procesu-de-tramitacion-del-decretu-despecialidaes-de-maestros-del-ministeriu-deducacion\/#primaryimage"},"image":{"@id":"https:\/\/alladixital.org\/en\/posicion-de-lalla-entel-procesu-de-tramitacion-del-decretu-despecialidaes-de-maestros-del-ministeriu-deducacion\/#primaryimage"},"thumbnailUrl":"https:\/\/alladixital.org\/wp-content\/uploads\/2014\/06\/ALLA_3.jpg","datePublished":"2011-02-21T16:13:02+00:00","dateModified":"2022-07-06T10:59:10+00:00","breadcrumb":{"@id":"https:\/\/alladixital.org\/en\/posicion-de-lalla-entel-procesu-de-tramitacion-del-decretu-despecialidaes-de-maestros-del-ministeriu-deducacion\/#breadcrumb"},"inLanguage":"en-US","potentialAction":[{"@type":"ReadAction","target":["https:\/\/alladixital.org\/en\/posicion-de-lalla-entel-procesu-de-tramitacion-del-decretu-despecialidaes-de-maestros-del-ministeriu-deducacion\/"]}]},{"@type":"ImageObject","inLanguage":"en-US","@id":"https:\/\/alladixital.org\/en\/posicion-de-lalla-entel-procesu-de-tramitacion-del-decretu-despecialidaes-de-maestros-del-ministeriu-deducacion\/#primaryimage","url":"https:\/\/alladixital.org\/wp-content\/uploads\/2014\/06\/ALLA_3.jpg","contentUrl":"https:\/\/alladixital.org\/wp-content\/uploads\/2014\/06\/ALLA_3.jpg","width":385,"height":256},{"@type":"BreadcrumbList","@id":"https:\/\/alladixital.org\/en\/posicion-de-lalla-entel-procesu-de-tramitacion-del-decretu-despecialidaes-de-maestros-del-ministeriu-deducacion\/#breadcrumb","itemListElement":[{"@type":"ListItem","position":1,"name":"Portada","item":"https:\/\/alladixital.org\/"},{"@type":"ListItem","position":2,"name":"Posici\u00f3n de l\u2019ALLA ente\u2019l procesu de tramitaci\u00f3n del Decretu d\u2019Especialidaes de Maestros del Ministeriu d\u2019Educaci\u00f3n"}]},{"@type":"WebSite","@id":"https:\/\/alladixital.org\/#website","url":"https:\/\/alladixital.org\/","name":"Academia de la Llingua Asturiana","description":"ALLA","publisher":{"@id":"https:\/\/alladixital.org\/#organization"},"potentialAction":[{"@type":"SearchAction","target":{"@type":"EntryPoint","urlTemplate":"https:\/\/alladixital.org\/?s={search_term_string}"},"query-input":{"@type":"PropertyValueSpecification","valueRequired":true,"valueName":"search_term_string"}}],"inLanguage":"en-US"},{"@type":"Organization","@id":"https:\/\/alladixital.org\/#organization","name":"Academia de la Llingua Asturiana","url":"https:\/\/alladixital.org\/","logo":{"@type":"ImageObject","inLanguage":"en-US","@id":"https:\/\/alladixital.org\/#\/schema\/logo\/image\/","url":"https:\/\/alladixital.org\/wp-content\/uploads\/2022\/08\/logo_LLINGUA_280_V3.jpg","contentUrl":"https:\/\/alladixital.org\/wp-content\/uploads\/2022\/08\/logo_LLINGUA_280_V3.jpg","width":1064,"height":1096,"caption":"Academia de la Llingua Asturiana"},"image":{"@id":"https:\/\/alladixital.org\/#\/schema\/logo\/image\/"},"sameAs":["https:\/\/www.facebook.com\/AcademiadelaLlinguaAsturiana\/","https:\/\/x.com\/ALLA_ast"]},{"@type":"Person","@id":"https:\/\/alladixital.org\/#\/schema\/person\/656e0920ab4ffb58592f1439c950b1cc","name":"admin","image":{"@type":"ImageObject","inLanguage":"en-US","@id":"https:\/\/alladixital.org\/#\/schema\/person\/image\/","url":"https:\/\/secure.gravatar.com\/avatar\/c7cafab1c40b86a41f7dc1a5f47b543eabcdd3630903338f35932f4e47d657cb?s=96&d=mm&r=g","contentUrl":"https:\/\/secure.gravatar.com\/avatar\/c7cafab1c40b86a41f7dc1a5f47b543eabcdd3630903338f35932f4e47d657cb?s=96&d=mm&r=g","caption":"admin"},"url":"https:\/\/alladixital.org\/en\/author\/admin\/"}]}},"brizy_media":[],"_links":{"self":[{"href":"https:\/\/alladixital.org\/en\/wp-json\/wp\/v2\/posts\/4923","targetHints":{"allow":["GET"]}}],"collection":[{"href":"https:\/\/alladixital.org\/en\/wp-json\/wp\/v2\/posts"}],"about":[{"href":"https:\/\/alladixital.org\/en\/wp-json\/wp\/v2\/types\/post"}],"author":[{"embeddable":true,"href":"https:\/\/alladixital.org\/en\/wp-json\/wp\/v2\/users\/1"}],"replies":[{"embeddable":true,"href":"https:\/\/alladixital.org\/en\/wp-json\/wp\/v2\/comments?post=4923"}],"version-history":[{"count":0,"href":"https:\/\/alladixital.org\/en\/wp-json\/wp\/v2\/posts\/4923\/revisions"}],"wp:featuredmedia":[{"embeddable":true,"href":"https:\/\/alladixital.org\/en\/wp-json\/wp\/v2\/media\/3030"}],"wp:attachment":[{"href":"https:\/\/alladixital.org\/en\/wp-json\/wp\/v2\/media?parent=4923"}],"wp:term":[{"taxonomy":"category","embeddable":true,"href":"https:\/\/alladixital.org\/en\/wp-json\/wp\/v2\/categories?post=4923"},{"taxonomy":"post_tag","embeddable":true,"href":"https:\/\/alladixital.org\/en\/wp-json\/wp\/v2\/tags?post=4923"}],"curies":[{"name":"wp","href":"https:\/\/api.w.org\/{rel}","templated":true}]}}