{"id":4943,"date":"2009-06-08T14:13:48","date_gmt":"2009-06-08T13:13:48","guid":{"rendered":"https:\/\/alladixital.org\/resultau-de-los-concursos-de-lacademia-de-la-llingua-asturiana-2009\/"},"modified":"2009-06-08T14:13:48","modified_gmt":"2009-06-08T13:13:48","slug":"resultau-de-los-concursos-de-lacademia-de-la-llingua-asturiana-2009","status":"publish","type":"post","link":"https:\/\/alladixital.org\/en\/resultau-de-los-concursos-de-lacademia-de-la-llingua-asturiana-2009\/","title":{"rendered":"Result\u00e1u de los Concursos de l&#8217;Academia de la Llingua Asturiana 2009"},"content":{"rendered":"<h2>Concursos d&#8217;investigaci\u00f3n<\/h2>\n<h3>Concursu de recoyida de material topon\u00edmico oral<\/h3>\n<p>Aconcey\u00e1u&#8217;l Xur\u00e1u del Concursu d&#8217;investigaci\u00f3n de Recoyida de material topon\u00edmico oral que convoca l&#8217;Academia de la Llingua Asturiana correspondiente al a\u00f1u 2010, form\u00e1u por Ana Mar\u00eda Cano Gonz\u00e1lez como presidenta, Jos\u00e9 Luis Garc\u00eda Arias como vocal y Corsino Garc\u00eda Guti\u00e9rrez faciendo de secretariu, ap\u00e1utase nos siguientes acuerdos:<\/p>\n<ol>\n<li>Premiar con 600 \u20ac el trabayu titul\u00e1u Toponimia de la parroquia de Caranga (Proaza) de la que son autores Antonio Alonso de la Torre y Francisca Iglesias \u00c1lvarez.<\/li>\n<li>Dar un acc\u00e9sit de 300 \u20ac al trabayu titul\u00e1u Toponimia de la parroquia de Trab\u00e1u (Dega\u00f1a) del que ye autor Francisco Javier Redondas Maseda.<\/li>\n<li>Dar un acc\u00e9sit de 150 \u20ac al trabayu titul\u00e1u Toponimia de la parroquia de Llabares (Santu Adrianu) y Toponimia de la parroquia de Villanueva (Santu Adrianu) de l que ye autor Jes\u00fas Fern\u00e1ndez Fern\u00e1ndez.<\/li>\n<li>Dar un acc\u00e9sit de 150 \u20ac al trabayu titul\u00e1u Toponimia de la parroquia de Llabra (Cangues d\u2019On\u00eds) del que ye autora Mar\u00eda Aurina Gonz\u00e1lez Nieda.<\/li>\n<\/ol>\n<h3>Concursu de recoyida oral de l\u00e9xicu asturianu<\/h3>\n<p>Aconcey\u00e1u&#8217;l Xur\u00e1u del Concursu d&#8217;investigaci\u00f3n de Recoyida de l\u00e9xicu asturianu que convoca l&#8217;Academia de la Llingua Asturiana correspondiente al a\u00f1u 2010, form\u00e1u por Ana Mar\u00eda Cano Gonz\u00e1lez como presidenta, Corsino Garc\u00eda Guti\u00e9rrez como vocal y Alfonso Mart\u00edn Caso faciendo de secretariu, ap\u00e1utase nos siguientes acuerdos:<\/p>\n<ol>\n<li>Premiar con 600 \u20ac el trabayu titul\u00e1u L\u00e9xicu del Valle de Santa B\u00e1rbola (SMRA) del que ye autor Xulio Llaneza Fern\u00e1ndez.<\/li>\n<li>Dar un acc\u00e9sit de 300 \u20ac al trabayu titul\u00e1u Vocabulario de Ruenes (Pe\u00f1amellera) del que ye autor Ram\u00f3n Rodr\u00edguez Corao.<\/li>\n<li>Dar un acc\u00e9sit de 150 \u20ac al trabayu titul\u00e1u Un palabreru Cabraliegu del que son autores Xuan Santori V\u00e1zquez-Azpiri y Juan Vicente Inguazo Prieto.<\/li>\n<\/ol>\n<h3>Concursu d&#8217;investigaci\u00f3n lling\u00fc\u00edstica<\/h3>\n<p>Aconcey\u00e1u&#8217;l Xur\u00e1u del Concursu d&#8217;investigaci\u00f3n lling\u00fc\u00edstica que convoca l&#8217;Academia de la Llingua Asturiana correspondiente al a\u00f1u 2010, form\u00e1u por Ana Mar\u00eda Cano Gonz\u00e1lez como presidenta, Jos\u00e9 Luis Garc\u00eda Arias como vocal y Alfonso Mart\u00edn Caso faciendo de secretariu, ap\u00e1utase nos siguientes acuerdos:<\/p>\n<ol>\n<li>Premiar con 600 \u20ac el trabayu titul\u00e1u Una torna al asturianu, \u00edntegra y cr\u00edtica, del Tirant lo Blanch dende l\u2019orixinal valencianu de 1490 del que ye autor Pablo Su\u00e1rez Garc\u00eda.<\/li>\n<\/ol>\n<h3>Concursu d&#8217;Investigaci\u00f3n sobre lliteratura asturiana<\/h3>\n<ol>\n<li>D\u00e9xase ermu&#8217;l Concursu d&#8217;Investigaci\u00f3n sobre lliteratura asturiana de l&#8217;Academia de la Llingua Asturiana correspondiente a la convocatoria del a\u00f1u 2010.<\/li>\n<\/ol>\n<h2>Concursu de llectures pa rapazos<\/h2>\n<p>Aconcey\u00e1u&#8217;l Xur\u00e1u del Concursu de llectures pa rapazos que convoca l&#8217;Academia de la Llingua Asturiana correspondiente al a\u00f1u 2010, form\u00e1u por Urbano Rodr\u00edguez V\u00e1zquez como presidente, Vicente Garc\u00eda Oliva como vocal y faciendo de secretariu Pablo Xuan Manzano Rodr\u00edguez, ap\u00e1utase nel siguiente acuerdu:<\/p>\n<ol>\n<li>Dar el premiu de 600 \u20ac, ex aequo a les obres titules La maldici\u00f3n de Llucescuna, de la que ye autor Abel Mart\u00ednez Gonz\u00e1lez y Xaime Bon y \u201cel casu de la corona preciosa\u201d de la que ye autor Enrique Carballeira Melendi<\/li>\n<\/ol>\n<h2>Concursu de creaci\u00f3n lliteraria, premiu &#8220;Llorienzu Novo Mier&#8221;<\/h2>\n<p>Aconcey\u00e1u&#8217;l Xur\u00e1u del Concursu de creaci\u00f3n lliteraria, premiu &#8220;Llorienzu Novo Mier&#8221; que convoca l&#8217;Academia de la Llingua Asturiana correspondiente al a\u00f1u 2010, form\u00e1u por Miguel Ramos Corrada como presidente, Xos\u00e9 Ram\u00f3n Iglesias Cueva como vocal, faciendo de secretaria Marta Mori d&#8217;Arriba, ap\u00e1utase na siguiente resoluci\u00f3n:<\/p>\n<ol>\n<li>Premiar con 600 \u20ac el poemariu titul\u00e1u Nos d\u00edes pensatibles, del que ye autor Ricardo Cand\u00e1s Huerta.<\/li>\n<\/ol>\n<h2>Concursu de teatru<\/h2>\n<p>Aconcey\u00e1u&#8217;l Xur\u00e1u del Concursu de teatru que convoca l&#8217;Academia de la Llingua Asturiana correspondiente al a\u00f1u 2010, form\u00e1u por Miguel Ramos Corrada como presidente, Adolfo Camilo D\u00edaz como vocal, faciendo de secretariu Carlos Rubiera Tuya, ap\u00e1utase na siguiente resoluci\u00f3n:<\/p>\n<ol>\n<li>Premiar con 600 \u20ac la obra titulada L\u2019internu, de la que ye autor Pablo Rodr\u00edguez Alonso.<\/li>\n<\/ol>\n<h2>Concursu de recoyida de material lliterario escrito, premiu &#8220;Federico G.-Fierro Botas&#8221;<\/h2>\n<p>Aconcey\u00e1u&#8217;l Xur\u00e1u del Concursu de recoyida de material lliterario escrito, premio &#8220;Federico G.-Fierro Botas&#8221; que convoca l&#8217;Academia de la Llingua Asturiana correspondiente al a\u00f1u 2010, form\u00e1u por Ana Mar\u00eda Cano Gonz\u00e1lez como presidenta, Jos\u00e9 Luis Garc\u00eda Arias como vocal y Alfonso Mart\u00edn Caso faciendo de secretariu, ap\u00e1utase nos siguientes acuerdos:<\/p>\n<ol>\n<li>Dar dos acc\u00e9sit de 150 \u20ac a los trabayos titulaos Obra manuscrita de Pach\u00edn de Mel\u00e1s, del que son autores Ramiro y Clara Gonz\u00e1lez DELGADO, y Al trabayu \u201cYo quixera cantate\u201d y otros poemes llangreanos , del que ye autor Inaciu Gal\u00e1n y Gonz\u00e1lez<\/li>\n<\/ol>\n<h2>Concursu de Recoyida de Material Lliterario Oral<\/h2>\n<ol>\n<li>Dexar ermu\u2019l Concursu de Recoyida de Material lliterario oral<\/li>\n<\/ol>\n<h2>Concursu de Curtios Cinematogr\u00e1ficos<\/h2>\n<p>Aconcey\u00e1u\u2019l Xur\u00e1u del&#8217;l Concursu de Curtios Cinematogr\u00e1ficos de l&#8217;Academia de la Llingua Asturiana correspondiente a la convocatoria del a\u00f1u 2010 form\u00e1u por Roberto Gonz\u00e1lez-Quevedo como presidente, Xos\u00e9 Bolado Garc\u00eda como vocal y Xos\u00e9 Ant\u00f3n Gonz\u00e1lez Ria\u00f1o faciendo de secretariu ap\u00e1utase na siguiente resoluci\u00f3n:<\/p>\n<ol>\n<li>Premiar con 1.200 \u20ac el trabayu titul\u00e1u Bisarmes, del que ye autor Pablo Quiroga Prendes.<\/li>\n<\/ol>\n<h2>Concursu de C\u00f3mics en Llingua Asturiana<\/h2>\n<p>Aconcey\u00e1u\u2019l Xur\u00e1u del Concursu de C\u00f3mics en Llingua Asturiana que convoca l\u2019Academia de la Llingua Asturiana correspondiente a la convocatoria del a\u00f1u 2010 form\u00e1u por Ernesto Garc\u00eda del Castillo como presidente, Roberto Gonz\u00e1lez-Quevedo como vocal y Miguel Sol\u00eds Santos faciendo de secretariu, ap\u00e1utase na siguiente resoluci\u00f3n<\/p>\n<ol>\n<li>Dar un acc\u00e9sit de 150 \u20ac al trabayu titul\u00e1u De la materia de los sue\u00f1os del que ye autor Manuel Antonio Garc\u00eda Iglesias.<\/li>\n<\/ol>\n<p><script><\/script><\/p>\n","protected":false},"excerpt":{"rendered":"<p>Concursos d&#8217;investigaci\u00f3n Concursu de recoyida de material topon\u00edmico oral Aconcey\u00e1u&#8217;l Xur\u00e1u del Concursu d&#8217;investigaci\u00f3n de Recoyida de material topon\u00edmico oral que convoca l&#8217;Academia de la Llingua Asturiana correspondiente al a\u00f1u &hellip; <\/p>\n<p class=\"link-more\"><a href=\"https:\/\/alladixital.org\/en\/resultau-de-los-concursos-de-lacademia-de-la-llingua-asturiana-2009\/\" class=\"more-link\">Continue reading<span class=\"screen-reader-text\"> &#8220;Result\u00e1u de los Concursos de l&#8217;Academia de la Llingua Asturiana 2009&#8221;<\/span><\/a><\/p>\n","protected":false},"author":1,"featured_media":3030,"comment_status":"closed","ping_status":"open","sticky":false,"template":"","format":"standard","meta":{"_acf_changed":false,"footnotes":""},"categories":[133],"tags":[326],"class_list":["post-4943","post","type-post","status-publish","format-standard","has-post-thumbnail","hentry","category-news","tag-concursos-en"],"acf":[],"yoast_head":"<!-- This site is optimized with the Yoast SEO plugin v26.7 - https:\/\/yoast.com\/wordpress\/plugins\/seo\/ -->\n<title>Result\u00e1u de los Concursos de l&#039;Academia de la Llingua Asturiana 2009 - Academia de la Llingua Asturiana<\/title>\n<meta name=\"robots\" content=\"index, follow, max-snippet:-1, max-image-preview:large, max-video-preview:-1\" \/>\n<link rel=\"canonical\" href=\"https:\/\/alladixital.org\/en\/resultau-de-los-concursos-de-lacademia-de-la-llingua-asturiana-2009\/\" \/>\n<meta property=\"og:locale\" content=\"en_US\" \/>\n<meta property=\"og:type\" content=\"article\" \/>\n<meta property=\"og:title\" content=\"Result\u00e1u de los Concursos de l&#039;Academia de la Llingua Asturiana 2009 - Academia de la Llingua Asturiana\" \/>\n<meta property=\"og:description\" content=\"Concursos d&#8217;investigaci\u00f3n Concursu de recoyida de material topon\u00edmico oral Aconcey\u00e1u&#8217;l Xur\u00e1u del Concursu d&#8217;investigaci\u00f3n de Recoyida de material topon\u00edmico oral que convoca l&#8217;Academia de la Llingua Asturiana correspondiente al a\u00f1u &hellip; Continue reading &quot;Result\u00e1u de los Concursos de l&#8217;Academia de la Llingua Asturiana 2009&quot;\" \/>\n<meta property=\"og:url\" content=\"https:\/\/alladixital.org\/en\/resultau-de-los-concursos-de-lacademia-de-la-llingua-asturiana-2009\/\" \/>\n<meta property=\"og:site_name\" content=\"Academia de la Llingua Asturiana\" \/>\n<meta property=\"article:publisher\" content=\"https:\/\/www.facebook.com\/AcademiadelaLlinguaAsturiana\/\" \/>\n<meta property=\"article:published_time\" content=\"2009-06-08T13:13:48+00:00\" \/>\n<meta property=\"og:image\" content=\"https:\/\/alladixital.org\/wp-content\/uploads\/2014\/06\/ALLA_3.jpg\" \/>\n\t<meta property=\"og:image:width\" content=\"385\" \/>\n\t<meta property=\"og:image:height\" content=\"256\" \/>\n\t<meta property=\"og:image:type\" content=\"image\/jpeg\" \/>\n<meta name=\"author\" content=\"admin\" \/>\n<meta name=\"twitter:card\" content=\"summary_large_image\" \/>\n<meta name=\"twitter:creator\" content=\"@ALLA_ast\" \/>\n<meta name=\"twitter:site\" content=\"@ALLA_ast\" \/>\n<script type=\"application\/ld+json\" class=\"yoast-schema-graph\">{\"@context\":\"https:\/\/schema.org\",\"@graph\":[{\"@type\":\"Article\",\"@id\":\"https:\/\/alladixital.org\/en\/resultau-de-los-concursos-de-lacademia-de-la-llingua-asturiana-2009\/#article\",\"isPartOf\":{\"@id\":\"https:\/\/alladixital.org\/en\/resultau-de-los-concursos-de-lacademia-de-la-llingua-asturiana-2009\/\"},\"author\":{\"name\":\"admin\",\"@id\":\"https:\/\/alladixital.org\/#\/schema\/person\/656e0920ab4ffb58592f1439c950b1cc\"},\"headline\":\"Result\u00e1u de los Concursos de l&#8217;Academia de la Llingua Asturiana 2009\",\"datePublished\":\"2009-06-08T13:13:48+00:00\",\"mainEntityOfPage\":{\"@id\":\"https:\/\/alladixital.org\/en\/resultau-de-los-concursos-de-lacademia-de-la-llingua-asturiana-2009\/\"},\"wordCount\":1018,\"publisher\":{\"@id\":\"https:\/\/alladixital.org\/#organization\"},\"image\":{\"@id\":\"https:\/\/alladixital.org\/en\/resultau-de-los-concursos-de-lacademia-de-la-llingua-asturiana-2009\/#primaryimage\"},\"thumbnailUrl\":\"https:\/\/alladixital.org\/wp-content\/uploads\/2014\/06\/ALLA_3.jpg\",\"keywords\":[\"concursos\"],\"articleSection\":[\"News\"],\"inLanguage\":\"en-US\"},{\"@type\":\"WebPage\",\"@id\":\"https:\/\/alladixital.org\/en\/resultau-de-los-concursos-de-lacademia-de-la-llingua-asturiana-2009\/\",\"url\":\"https:\/\/alladixital.org\/en\/resultau-de-los-concursos-de-lacademia-de-la-llingua-asturiana-2009\/\",\"name\":\"Result\u00e1u de los Concursos de l'Academia de la Llingua Asturiana 2009 - Academia de la Llingua Asturiana\",\"isPartOf\":{\"@id\":\"https:\/\/alladixital.org\/#website\"},\"primaryImageOfPage\":{\"@id\":\"https:\/\/alladixital.org\/en\/resultau-de-los-concursos-de-lacademia-de-la-llingua-asturiana-2009\/#primaryimage\"},\"image\":{\"@id\":\"https:\/\/alladixital.org\/en\/resultau-de-los-concursos-de-lacademia-de-la-llingua-asturiana-2009\/#primaryimage\"},\"thumbnailUrl\":\"https:\/\/alladixital.org\/wp-content\/uploads\/2014\/06\/ALLA_3.jpg\",\"datePublished\":\"2009-06-08T13:13:48+00:00\",\"breadcrumb\":{\"@id\":\"https:\/\/alladixital.org\/en\/resultau-de-los-concursos-de-lacademia-de-la-llingua-asturiana-2009\/#breadcrumb\"},\"inLanguage\":\"en-US\",\"potentialAction\":[{\"@type\":\"ReadAction\",\"target\":[\"https:\/\/alladixital.org\/en\/resultau-de-los-concursos-de-lacademia-de-la-llingua-asturiana-2009\/\"]}]},{\"@type\":\"ImageObject\",\"inLanguage\":\"en-US\",\"@id\":\"https:\/\/alladixital.org\/en\/resultau-de-los-concursos-de-lacademia-de-la-llingua-asturiana-2009\/#primaryimage\",\"url\":\"https:\/\/alladixital.org\/wp-content\/uploads\/2014\/06\/ALLA_3.jpg\",\"contentUrl\":\"https:\/\/alladixital.org\/wp-content\/uploads\/2014\/06\/ALLA_3.jpg\",\"width\":385,\"height\":256},{\"@type\":\"BreadcrumbList\",\"@id\":\"https:\/\/alladixital.org\/en\/resultau-de-los-concursos-de-lacademia-de-la-llingua-asturiana-2009\/#breadcrumb\",\"itemListElement\":[{\"@type\":\"ListItem\",\"position\":1,\"name\":\"Portada\",\"item\":\"https:\/\/alladixital.org\/\"},{\"@type\":\"ListItem\",\"position\":2,\"name\":\"Result\u00e1u de los Concursos de l&#8217;Academia de la Llingua Asturiana 2009\"}]},{\"@type\":\"WebSite\",\"@id\":\"https:\/\/alladixital.org\/#website\",\"url\":\"https:\/\/alladixital.org\/\",\"name\":\"Academia de la Llingua Asturiana\",\"description\":\"ALLA\",\"publisher\":{\"@id\":\"https:\/\/alladixital.org\/#organization\"},\"potentialAction\":[{\"@type\":\"SearchAction\",\"target\":{\"@type\":\"EntryPoint\",\"urlTemplate\":\"https:\/\/alladixital.org\/?s={search_term_string}\"},\"query-input\":{\"@type\":\"PropertyValueSpecification\",\"valueRequired\":true,\"valueName\":\"search_term_string\"}}],\"inLanguage\":\"en-US\"},{\"@type\":\"Organization\",\"@id\":\"https:\/\/alladixital.org\/#organization\",\"name\":\"Academia de la Llingua Asturiana\",\"url\":\"https:\/\/alladixital.org\/\",\"logo\":{\"@type\":\"ImageObject\",\"inLanguage\":\"en-US\",\"@id\":\"https:\/\/alladixital.org\/#\/schema\/logo\/image\/\",\"url\":\"https:\/\/alladixital.org\/wp-content\/uploads\/2022\/08\/logo_LLINGUA_280_V3.jpg\",\"contentUrl\":\"https:\/\/alladixital.org\/wp-content\/uploads\/2022\/08\/logo_LLINGUA_280_V3.jpg\",\"width\":1064,\"height\":1096,\"caption\":\"Academia de la Llingua Asturiana\"},\"image\":{\"@id\":\"https:\/\/alladixital.org\/#\/schema\/logo\/image\/\"},\"sameAs\":[\"https:\/\/www.facebook.com\/AcademiadelaLlinguaAsturiana\/\",\"https:\/\/x.com\/ALLA_ast\"]},{\"@type\":\"Person\",\"@id\":\"https:\/\/alladixital.org\/#\/schema\/person\/656e0920ab4ffb58592f1439c950b1cc\",\"name\":\"admin\",\"image\":{\"@type\":\"ImageObject\",\"inLanguage\":\"en-US\",\"@id\":\"https:\/\/alladixital.org\/#\/schema\/person\/image\/\",\"url\":\"https:\/\/secure.gravatar.com\/avatar\/c7cafab1c40b86a41f7dc1a5f47b543eabcdd3630903338f35932f4e47d657cb?s=96&d=mm&r=g\",\"contentUrl\":\"https:\/\/secure.gravatar.com\/avatar\/c7cafab1c40b86a41f7dc1a5f47b543eabcdd3630903338f35932f4e47d657cb?s=96&d=mm&r=g\",\"caption\":\"admin\"},\"url\":\"https:\/\/alladixital.org\/en\/author\/admin\/\"}]}<\/script>\n<!-- \/ Yoast SEO plugin. -->","yoast_head_json":{"title":"Result\u00e1u de los Concursos de l'Academia de la Llingua Asturiana 2009 - Academia de la Llingua Asturiana","robots":{"index":"index","follow":"follow","max-snippet":"max-snippet:-1","max-image-preview":"max-image-preview:large","max-video-preview":"max-video-preview:-1"},"canonical":"https:\/\/alladixital.org\/en\/resultau-de-los-concursos-de-lacademia-de-la-llingua-asturiana-2009\/","og_locale":"en_US","og_type":"article","og_title":"Result\u00e1u de los Concursos de l'Academia de la Llingua Asturiana 2009 - Academia de la Llingua Asturiana","og_description":"Concursos d&#8217;investigaci\u00f3n Concursu de recoyida de material topon\u00edmico oral Aconcey\u00e1u&#8217;l Xur\u00e1u del Concursu d&#8217;investigaci\u00f3n de Recoyida de material topon\u00edmico oral que convoca l&#8217;Academia de la Llingua Asturiana correspondiente al a\u00f1u &hellip; Continue reading \"Result\u00e1u de los Concursos de l&#8217;Academia de la Llingua Asturiana 2009\"","og_url":"https:\/\/alladixital.org\/en\/resultau-de-los-concursos-de-lacademia-de-la-llingua-asturiana-2009\/","og_site_name":"Academia de la Llingua Asturiana","article_publisher":"https:\/\/www.facebook.com\/AcademiadelaLlinguaAsturiana\/","article_published_time":"2009-06-08T13:13:48+00:00","og_image":[{"width":385,"height":256,"url":"https:\/\/alladixital.org\/wp-content\/uploads\/2014\/06\/ALLA_3.jpg","type":"image\/jpeg"}],"author":"admin","twitter_card":"summary_large_image","twitter_creator":"@ALLA_ast","twitter_site":"@ALLA_ast","schema":{"@context":"https:\/\/schema.org","@graph":[{"@type":"Article","@id":"https:\/\/alladixital.org\/en\/resultau-de-los-concursos-de-lacademia-de-la-llingua-asturiana-2009\/#article","isPartOf":{"@id":"https:\/\/alladixital.org\/en\/resultau-de-los-concursos-de-lacademia-de-la-llingua-asturiana-2009\/"},"author":{"name":"admin","@id":"https:\/\/alladixital.org\/#\/schema\/person\/656e0920ab4ffb58592f1439c950b1cc"},"headline":"Result\u00e1u de los Concursos de l&#8217;Academia de la Llingua Asturiana 2009","datePublished":"2009-06-08T13:13:48+00:00","mainEntityOfPage":{"@id":"https:\/\/alladixital.org\/en\/resultau-de-los-concursos-de-lacademia-de-la-llingua-asturiana-2009\/"},"wordCount":1018,"publisher":{"@id":"https:\/\/alladixital.org\/#organization"},"image":{"@id":"https:\/\/alladixital.org\/en\/resultau-de-los-concursos-de-lacademia-de-la-llingua-asturiana-2009\/#primaryimage"},"thumbnailUrl":"https:\/\/alladixital.org\/wp-content\/uploads\/2014\/06\/ALLA_3.jpg","keywords":["concursos"],"articleSection":["News"],"inLanguage":"en-US"},{"@type":"WebPage","@id":"https:\/\/alladixital.org\/en\/resultau-de-los-concursos-de-lacademia-de-la-llingua-asturiana-2009\/","url":"https:\/\/alladixital.org\/en\/resultau-de-los-concursos-de-lacademia-de-la-llingua-asturiana-2009\/","name":"Result\u00e1u de los Concursos de l'Academia de la Llingua Asturiana 2009 - Academia de la Llingua Asturiana","isPartOf":{"@id":"https:\/\/alladixital.org\/#website"},"primaryImageOfPage":{"@id":"https:\/\/alladixital.org\/en\/resultau-de-los-concursos-de-lacademia-de-la-llingua-asturiana-2009\/#primaryimage"},"image":{"@id":"https:\/\/alladixital.org\/en\/resultau-de-los-concursos-de-lacademia-de-la-llingua-asturiana-2009\/#primaryimage"},"thumbnailUrl":"https:\/\/alladixital.org\/wp-content\/uploads\/2014\/06\/ALLA_3.jpg","datePublished":"2009-06-08T13:13:48+00:00","breadcrumb":{"@id":"https:\/\/alladixital.org\/en\/resultau-de-los-concursos-de-lacademia-de-la-llingua-asturiana-2009\/#breadcrumb"},"inLanguage":"en-US","potentialAction":[{"@type":"ReadAction","target":["https:\/\/alladixital.org\/en\/resultau-de-los-concursos-de-lacademia-de-la-llingua-asturiana-2009\/"]}]},{"@type":"ImageObject","inLanguage":"en-US","@id":"https:\/\/alladixital.org\/en\/resultau-de-los-concursos-de-lacademia-de-la-llingua-asturiana-2009\/#primaryimage","url":"https:\/\/alladixital.org\/wp-content\/uploads\/2014\/06\/ALLA_3.jpg","contentUrl":"https:\/\/alladixital.org\/wp-content\/uploads\/2014\/06\/ALLA_3.jpg","width":385,"height":256},{"@type":"BreadcrumbList","@id":"https:\/\/alladixital.org\/en\/resultau-de-los-concursos-de-lacademia-de-la-llingua-asturiana-2009\/#breadcrumb","itemListElement":[{"@type":"ListItem","position":1,"name":"Portada","item":"https:\/\/alladixital.org\/"},{"@type":"ListItem","position":2,"name":"Result\u00e1u de los Concursos de l&#8217;Academia de la Llingua Asturiana 2009"}]},{"@type":"WebSite","@id":"https:\/\/alladixital.org\/#website","url":"https:\/\/alladixital.org\/","name":"Academia de la Llingua Asturiana","description":"ALLA","publisher":{"@id":"https:\/\/alladixital.org\/#organization"},"potentialAction":[{"@type":"SearchAction","target":{"@type":"EntryPoint","urlTemplate":"https:\/\/alladixital.org\/?s={search_term_string}"},"query-input":{"@type":"PropertyValueSpecification","valueRequired":true,"valueName":"search_term_string"}}],"inLanguage":"en-US"},{"@type":"Organization","@id":"https:\/\/alladixital.org\/#organization","name":"Academia de la Llingua Asturiana","url":"https:\/\/alladixital.org\/","logo":{"@type":"ImageObject","inLanguage":"en-US","@id":"https:\/\/alladixital.org\/#\/schema\/logo\/image\/","url":"https:\/\/alladixital.org\/wp-content\/uploads\/2022\/08\/logo_LLINGUA_280_V3.jpg","contentUrl":"https:\/\/alladixital.org\/wp-content\/uploads\/2022\/08\/logo_LLINGUA_280_V3.jpg","width":1064,"height":1096,"caption":"Academia de la Llingua Asturiana"},"image":{"@id":"https:\/\/alladixital.org\/#\/schema\/logo\/image\/"},"sameAs":["https:\/\/www.facebook.com\/AcademiadelaLlinguaAsturiana\/","https:\/\/x.com\/ALLA_ast"]},{"@type":"Person","@id":"https:\/\/alladixital.org\/#\/schema\/person\/656e0920ab4ffb58592f1439c950b1cc","name":"admin","image":{"@type":"ImageObject","inLanguage":"en-US","@id":"https:\/\/alladixital.org\/#\/schema\/person\/image\/","url":"https:\/\/secure.gravatar.com\/avatar\/c7cafab1c40b86a41f7dc1a5f47b543eabcdd3630903338f35932f4e47d657cb?s=96&d=mm&r=g","contentUrl":"https:\/\/secure.gravatar.com\/avatar\/c7cafab1c40b86a41f7dc1a5f47b543eabcdd3630903338f35932f4e47d657cb?s=96&d=mm&r=g","caption":"admin"},"url":"https:\/\/alladixital.org\/en\/author\/admin\/"}]}},"brizy_media":[],"_links":{"self":[{"href":"https:\/\/alladixital.org\/en\/wp-json\/wp\/v2\/posts\/4943","targetHints":{"allow":["GET"]}}],"collection":[{"href":"https:\/\/alladixital.org\/en\/wp-json\/wp\/v2\/posts"}],"about":[{"href":"https:\/\/alladixital.org\/en\/wp-json\/wp\/v2\/types\/post"}],"author":[{"embeddable":true,"href":"https:\/\/alladixital.org\/en\/wp-json\/wp\/v2\/users\/1"}],"replies":[{"embeddable":true,"href":"https:\/\/alladixital.org\/en\/wp-json\/wp\/v2\/comments?post=4943"}],"version-history":[{"count":0,"href":"https:\/\/alladixital.org\/en\/wp-json\/wp\/v2\/posts\/4943\/revisions"}],"wp:featuredmedia":[{"embeddable":true,"href":"https:\/\/alladixital.org\/en\/wp-json\/wp\/v2\/media\/3030"}],"wp:attachment":[{"href":"https:\/\/alladixital.org\/en\/wp-json\/wp\/v2\/media?parent=4943"}],"wp:term":[{"taxonomy":"category","embeddable":true,"href":"https:\/\/alladixital.org\/en\/wp-json\/wp\/v2\/categories?post=4943"},{"taxonomy":"post_tag","embeddable":true,"href":"https:\/\/alladixital.org\/en\/wp-json\/wp\/v2\/tags?post=4943"}],"curies":[{"name":"wp","href":"https:\/\/api.w.org\/{rel}","templated":true}]}}