{"id":4951,"date":"2009-04-14T13:54:17","date_gmt":"2009-04-14T12:54:17","guid":{"rendered":"https:\/\/alladixital.org\/cursos-de-branu-2009\/"},"modified":"2009-04-14T13:54:17","modified_gmt":"2009-04-14T12:54:17","slug":"cursos-de-branu-2009","status":"publish","type":"post","link":"https:\/\/alladixital.org\/en\/cursos-de-branu-2009\/","title":{"rendered":"Cursos de branu 2009"},"content":{"rendered":"<p>L&#8217;Academia de la Llingua Asturiana tien abiertu&#8217;l plazu de matr\u00edcula pa los Cursos de Branu 2009, qu&#8217;incl\u00fai:<\/p>\n<ul>\n<li>Cursu Elemental de Llingua Asturiana (en collaboraci\u00f3n cola Universid\u00e1 d&#8217;Uvi\u00e9u).<\/li>\n<li>Cursu Avanz\u00e1u de Llingua Asturiana (en collaboraci\u00f3n cola Universid\u00e1 d&#8217;Uvi\u00e9u).<\/li>\n<li>Cursos d&#8217;Afondamientu Cultural y Lling\u00fc\u00edsticu (<em>Capacitaci\u00f3n pa la Traducci\u00f3n al Asturianu<\/em> -en collaboraci\u00f3n cola Universid\u00e1 d&#8217;Uvi\u00e9u-, <em>La presencia de la Llingua Asturiana n&#8217;Internet<\/em>. <em>Nueves posibilidaes, Otros xuegos y tradiciones populares na ense\u00f1anza<\/em>, <em>Ecolox\u00eda y Mediu Ambiente n&#8217;Asturies<\/em>, <em>Ferramientas pr\u00e1 normalizaci\u00f3n lling\u00fc\u00edstica del gallego-asturiano<\/em> y <em>Cursu d&#8217;especializaci\u00f3n en Filolox\u00eda Asturiana (I)<\/em>).<\/li>\n<li>Curso de Gallego-Asturiano (Primeira Fase).<\/li>\n<\/ul>\n<p>Los cursos van ser en Santantol\u00edn (Ibias) en r\u00e9xime d&#8217;intern\u00e1u del 3 al 14 d&#8217;agostu de 2009. Y la matr\u00edcula hai que la facer nel llar de l&#8217;Academia (Marqu\u00e9s de Santa Cruz, 6 &#8211; 2\u00ba d&#8217;Uvi\u00e9u) ente&#8217;l 25 de mayu y el 5 de xunu.<\/p>\n<p>M\u00e1s informaci\u00f3n nel tel\u00e9fonu 985211837 o nel corr\u00e9u alla@asturnet.es<br \/>\n<script><\/script><\/p>\n","protected":false},"excerpt":{"rendered":"<p>L&#8217;Academia de la Llingua Asturiana tien abiertu&#8217;l plazu de matr\u00edcula pa los Cursos de Branu 2009, qu&#8217;incl\u00fai: Cursu Elemental de Llingua Asturiana (en collaboraci\u00f3n cola Universid\u00e1 d&#8217;Uvi\u00e9u). Cursu Avanz\u00e1u de &hellip; <\/p>\n<p class=\"link-more\"><a href=\"https:\/\/alladixital.org\/en\/cursos-de-branu-2009\/\" class=\"more-link\">Continue reading<span class=\"screen-reader-text\"> &#8220;Cursos de branu 2009&#8221;<\/span><\/a><\/p>\n","protected":false},"author":1,"featured_media":3021,"comment_status":"closed","ping_status":"open","sticky":false,"template":"","format":"standard","meta":{"_acf_changed":false,"footnotes":""},"categories":[133],"tags":[168],"class_list":["post-4951","post","type-post","status-publish","format-standard","has-post-thumbnail","hentry","category-news","tag-cursos-en"],"acf":[],"yoast_head":"<!-- This site is optimized with the Yoast SEO plugin v26.7 - https:\/\/yoast.com\/wordpress\/plugins\/seo\/ -->\n<title>Cursos de branu 2009 - Academia de la Llingua Asturiana<\/title>\n<meta name=\"robots\" content=\"index, follow, max-snippet:-1, max-image-preview:large, max-video-preview:-1\" \/>\n<link rel=\"canonical\" href=\"https:\/\/alladixital.org\/en\/cursos-de-branu-2009\/\" \/>\n<meta property=\"og:locale\" content=\"en_US\" \/>\n<meta property=\"og:type\" content=\"article\" \/>\n<meta property=\"og:title\" content=\"Cursos de branu 2009 - Academia de la Llingua Asturiana\" \/>\n<meta property=\"og:description\" content=\"L&#8217;Academia de la Llingua Asturiana tien abiertu&#8217;l plazu de matr\u00edcula pa los Cursos de Branu 2009, qu&#8217;incl\u00fai: Cursu Elemental de Llingua Asturiana (en collaboraci\u00f3n cola Universid\u00e1 d&#8217;Uvi\u00e9u). Cursu Avanz\u00e1u de &hellip; Continue reading &quot;Cursos de branu 2009&quot;\" \/>\n<meta property=\"og:url\" content=\"https:\/\/alladixital.org\/en\/cursos-de-branu-2009\/\" \/>\n<meta property=\"og:site_name\" content=\"Academia de la Llingua Asturiana\" \/>\n<meta property=\"article:publisher\" content=\"https:\/\/www.facebook.com\/AcademiadelaLlinguaAsturiana\/\" \/>\n<meta property=\"article:published_time\" content=\"2009-04-14T12:54:17+00:00\" \/>\n<meta property=\"og:image\" content=\"https:\/\/alladixital.org\/wp-content\/uploads\/2014\/05\/ALLA_2.jpg\" \/>\n\t<meta property=\"og:image:width\" content=\"385\" \/>\n\t<meta property=\"og:image:height\" content=\"256\" \/>\n\t<meta property=\"og:image:type\" content=\"image\/jpeg\" \/>\n<meta name=\"author\" content=\"admin\" \/>\n<meta name=\"twitter:card\" content=\"summary_large_image\" \/>\n<meta name=\"twitter:creator\" content=\"@ALLA_ast\" \/>\n<meta name=\"twitter:site\" content=\"@ALLA_ast\" \/>\n<script type=\"application\/ld+json\" class=\"yoast-schema-graph\">{\"@context\":\"https:\/\/schema.org\",\"@graph\":[{\"@type\":\"Article\",\"@id\":\"https:\/\/alladixital.org\/en\/cursos-de-branu-2009\/#article\",\"isPartOf\":{\"@id\":\"https:\/\/alladixital.org\/en\/cursos-de-branu-2009\/\"},\"author\":{\"name\":\"admin\",\"@id\":\"https:\/\/alladixital.org\/#\/schema\/person\/656e0920ab4ffb58592f1439c950b1cc\"},\"headline\":\"Cursos de branu 2009\",\"datePublished\":\"2009-04-14T12:54:17+00:00\",\"mainEntityOfPage\":{\"@id\":\"https:\/\/alladixital.org\/en\/cursos-de-branu-2009\/\"},\"wordCount\":185,\"publisher\":{\"@id\":\"https:\/\/alladixital.org\/#organization\"},\"image\":{\"@id\":\"https:\/\/alladixital.org\/en\/cursos-de-branu-2009\/#primaryimage\"},\"thumbnailUrl\":\"https:\/\/alladixital.org\/wp-content\/uploads\/2014\/05\/ALLA_2.jpg\",\"keywords\":[\"cursos\"],\"articleSection\":[\"News\"],\"inLanguage\":\"en-US\"},{\"@type\":\"WebPage\",\"@id\":\"https:\/\/alladixital.org\/en\/cursos-de-branu-2009\/\",\"url\":\"https:\/\/alladixital.org\/en\/cursos-de-branu-2009\/\",\"name\":\"Cursos de branu 2009 - Academia de la Llingua Asturiana\",\"isPartOf\":{\"@id\":\"https:\/\/alladixital.org\/#website\"},\"primaryImageOfPage\":{\"@id\":\"https:\/\/alladixital.org\/en\/cursos-de-branu-2009\/#primaryimage\"},\"image\":{\"@id\":\"https:\/\/alladixital.org\/en\/cursos-de-branu-2009\/#primaryimage\"},\"thumbnailUrl\":\"https:\/\/alladixital.org\/wp-content\/uploads\/2014\/05\/ALLA_2.jpg\",\"datePublished\":\"2009-04-14T12:54:17+00:00\",\"breadcrumb\":{\"@id\":\"https:\/\/alladixital.org\/en\/cursos-de-branu-2009\/#breadcrumb\"},\"inLanguage\":\"en-US\",\"potentialAction\":[{\"@type\":\"ReadAction\",\"target\":[\"https:\/\/alladixital.org\/en\/cursos-de-branu-2009\/\"]}]},{\"@type\":\"ImageObject\",\"inLanguage\":\"en-US\",\"@id\":\"https:\/\/alladixital.org\/en\/cursos-de-branu-2009\/#primaryimage\",\"url\":\"https:\/\/alladixital.org\/wp-content\/uploads\/2014\/05\/ALLA_2.jpg\",\"contentUrl\":\"https:\/\/alladixital.org\/wp-content\/uploads\/2014\/05\/ALLA_2.jpg\",\"width\":385,\"height\":256},{\"@type\":\"BreadcrumbList\",\"@id\":\"https:\/\/alladixital.org\/en\/cursos-de-branu-2009\/#breadcrumb\",\"itemListElement\":[{\"@type\":\"ListItem\",\"position\":1,\"name\":\"Portada\",\"item\":\"https:\/\/alladixital.org\/\"},{\"@type\":\"ListItem\",\"position\":2,\"name\":\"Cursos de branu 2009\"}]},{\"@type\":\"WebSite\",\"@id\":\"https:\/\/alladixital.org\/#website\",\"url\":\"https:\/\/alladixital.org\/\",\"name\":\"Academia de la Llingua Asturiana\",\"description\":\"ALLA\",\"publisher\":{\"@id\":\"https:\/\/alladixital.org\/#organization\"},\"potentialAction\":[{\"@type\":\"SearchAction\",\"target\":{\"@type\":\"EntryPoint\",\"urlTemplate\":\"https:\/\/alladixital.org\/?s={search_term_string}\"},\"query-input\":{\"@type\":\"PropertyValueSpecification\",\"valueRequired\":true,\"valueName\":\"search_term_string\"}}],\"inLanguage\":\"en-US\"},{\"@type\":\"Organization\",\"@id\":\"https:\/\/alladixital.org\/#organization\",\"name\":\"Academia de la Llingua Asturiana\",\"url\":\"https:\/\/alladixital.org\/\",\"logo\":{\"@type\":\"ImageObject\",\"inLanguage\":\"en-US\",\"@id\":\"https:\/\/alladixital.org\/#\/schema\/logo\/image\/\",\"url\":\"https:\/\/alladixital.org\/wp-content\/uploads\/2022\/08\/logo_LLINGUA_280_V3.jpg\",\"contentUrl\":\"https:\/\/alladixital.org\/wp-content\/uploads\/2022\/08\/logo_LLINGUA_280_V3.jpg\",\"width\":1064,\"height\":1096,\"caption\":\"Academia de la Llingua Asturiana\"},\"image\":{\"@id\":\"https:\/\/alladixital.org\/#\/schema\/logo\/image\/\"},\"sameAs\":[\"https:\/\/www.facebook.com\/AcademiadelaLlinguaAsturiana\/\",\"https:\/\/x.com\/ALLA_ast\"]},{\"@type\":\"Person\",\"@id\":\"https:\/\/alladixital.org\/#\/schema\/person\/656e0920ab4ffb58592f1439c950b1cc\",\"name\":\"admin\",\"image\":{\"@type\":\"ImageObject\",\"inLanguage\":\"en-US\",\"@id\":\"https:\/\/alladixital.org\/#\/schema\/person\/image\/\",\"url\":\"https:\/\/secure.gravatar.com\/avatar\/c7cafab1c40b86a41f7dc1a5f47b543eabcdd3630903338f35932f4e47d657cb?s=96&d=mm&r=g\",\"contentUrl\":\"https:\/\/secure.gravatar.com\/avatar\/c7cafab1c40b86a41f7dc1a5f47b543eabcdd3630903338f35932f4e47d657cb?s=96&d=mm&r=g\",\"caption\":\"admin\"},\"url\":\"https:\/\/alladixital.org\/en\/author\/admin\/\"}]}<\/script>\n<!-- \/ Yoast SEO plugin. -->","yoast_head_json":{"title":"Cursos de branu 2009 - Academia de la Llingua Asturiana","robots":{"index":"index","follow":"follow","max-snippet":"max-snippet:-1","max-image-preview":"max-image-preview:large","max-video-preview":"max-video-preview:-1"},"canonical":"https:\/\/alladixital.org\/en\/cursos-de-branu-2009\/","og_locale":"en_US","og_type":"article","og_title":"Cursos de branu 2009 - Academia de la Llingua Asturiana","og_description":"L&#8217;Academia de la Llingua Asturiana tien abiertu&#8217;l plazu de matr\u00edcula pa los Cursos de Branu 2009, qu&#8217;incl\u00fai: Cursu Elemental de Llingua Asturiana (en collaboraci\u00f3n cola Universid\u00e1 d&#8217;Uvi\u00e9u). Cursu Avanz\u00e1u de &hellip; Continue reading \"Cursos de branu 2009\"","og_url":"https:\/\/alladixital.org\/en\/cursos-de-branu-2009\/","og_site_name":"Academia de la Llingua Asturiana","article_publisher":"https:\/\/www.facebook.com\/AcademiadelaLlinguaAsturiana\/","article_published_time":"2009-04-14T12:54:17+00:00","og_image":[{"width":385,"height":256,"url":"https:\/\/alladixital.org\/wp-content\/uploads\/2014\/05\/ALLA_2.jpg","type":"image\/jpeg"}],"author":"admin","twitter_card":"summary_large_image","twitter_creator":"@ALLA_ast","twitter_site":"@ALLA_ast","schema":{"@context":"https:\/\/schema.org","@graph":[{"@type":"Article","@id":"https:\/\/alladixital.org\/en\/cursos-de-branu-2009\/#article","isPartOf":{"@id":"https:\/\/alladixital.org\/en\/cursos-de-branu-2009\/"},"author":{"name":"admin","@id":"https:\/\/alladixital.org\/#\/schema\/person\/656e0920ab4ffb58592f1439c950b1cc"},"headline":"Cursos de branu 2009","datePublished":"2009-04-14T12:54:17+00:00","mainEntityOfPage":{"@id":"https:\/\/alladixital.org\/en\/cursos-de-branu-2009\/"},"wordCount":185,"publisher":{"@id":"https:\/\/alladixital.org\/#organization"},"image":{"@id":"https:\/\/alladixital.org\/en\/cursos-de-branu-2009\/#primaryimage"},"thumbnailUrl":"https:\/\/alladixital.org\/wp-content\/uploads\/2014\/05\/ALLA_2.jpg","keywords":["cursos"],"articleSection":["News"],"inLanguage":"en-US"},{"@type":"WebPage","@id":"https:\/\/alladixital.org\/en\/cursos-de-branu-2009\/","url":"https:\/\/alladixital.org\/en\/cursos-de-branu-2009\/","name":"Cursos de branu 2009 - Academia de la Llingua Asturiana","isPartOf":{"@id":"https:\/\/alladixital.org\/#website"},"primaryImageOfPage":{"@id":"https:\/\/alladixital.org\/en\/cursos-de-branu-2009\/#primaryimage"},"image":{"@id":"https:\/\/alladixital.org\/en\/cursos-de-branu-2009\/#primaryimage"},"thumbnailUrl":"https:\/\/alladixital.org\/wp-content\/uploads\/2014\/05\/ALLA_2.jpg","datePublished":"2009-04-14T12:54:17+00:00","breadcrumb":{"@id":"https:\/\/alladixital.org\/en\/cursos-de-branu-2009\/#breadcrumb"},"inLanguage":"en-US","potentialAction":[{"@type":"ReadAction","target":["https:\/\/alladixital.org\/en\/cursos-de-branu-2009\/"]}]},{"@type":"ImageObject","inLanguage":"en-US","@id":"https:\/\/alladixital.org\/en\/cursos-de-branu-2009\/#primaryimage","url":"https:\/\/alladixital.org\/wp-content\/uploads\/2014\/05\/ALLA_2.jpg","contentUrl":"https:\/\/alladixital.org\/wp-content\/uploads\/2014\/05\/ALLA_2.jpg","width":385,"height":256},{"@type":"BreadcrumbList","@id":"https:\/\/alladixital.org\/en\/cursos-de-branu-2009\/#breadcrumb","itemListElement":[{"@type":"ListItem","position":1,"name":"Portada","item":"https:\/\/alladixital.org\/"},{"@type":"ListItem","position":2,"name":"Cursos de branu 2009"}]},{"@type":"WebSite","@id":"https:\/\/alladixital.org\/#website","url":"https:\/\/alladixital.org\/","name":"Academia de la Llingua Asturiana","description":"ALLA","publisher":{"@id":"https:\/\/alladixital.org\/#organization"},"potentialAction":[{"@type":"SearchAction","target":{"@type":"EntryPoint","urlTemplate":"https:\/\/alladixital.org\/?s={search_term_string}"},"query-input":{"@type":"PropertyValueSpecification","valueRequired":true,"valueName":"search_term_string"}}],"inLanguage":"en-US"},{"@type":"Organization","@id":"https:\/\/alladixital.org\/#organization","name":"Academia de la Llingua Asturiana","url":"https:\/\/alladixital.org\/","logo":{"@type":"ImageObject","inLanguage":"en-US","@id":"https:\/\/alladixital.org\/#\/schema\/logo\/image\/","url":"https:\/\/alladixital.org\/wp-content\/uploads\/2022\/08\/logo_LLINGUA_280_V3.jpg","contentUrl":"https:\/\/alladixital.org\/wp-content\/uploads\/2022\/08\/logo_LLINGUA_280_V3.jpg","width":1064,"height":1096,"caption":"Academia de la Llingua Asturiana"},"image":{"@id":"https:\/\/alladixital.org\/#\/schema\/logo\/image\/"},"sameAs":["https:\/\/www.facebook.com\/AcademiadelaLlinguaAsturiana\/","https:\/\/x.com\/ALLA_ast"]},{"@type":"Person","@id":"https:\/\/alladixital.org\/#\/schema\/person\/656e0920ab4ffb58592f1439c950b1cc","name":"admin","image":{"@type":"ImageObject","inLanguage":"en-US","@id":"https:\/\/alladixital.org\/#\/schema\/person\/image\/","url":"https:\/\/secure.gravatar.com\/avatar\/c7cafab1c40b86a41f7dc1a5f47b543eabcdd3630903338f35932f4e47d657cb?s=96&d=mm&r=g","contentUrl":"https:\/\/secure.gravatar.com\/avatar\/c7cafab1c40b86a41f7dc1a5f47b543eabcdd3630903338f35932f4e47d657cb?s=96&d=mm&r=g","caption":"admin"},"url":"https:\/\/alladixital.org\/en\/author\/admin\/"}]}},"brizy_media":[],"_links":{"self":[{"href":"https:\/\/alladixital.org\/en\/wp-json\/wp\/v2\/posts\/4951","targetHints":{"allow":["GET"]}}],"collection":[{"href":"https:\/\/alladixital.org\/en\/wp-json\/wp\/v2\/posts"}],"about":[{"href":"https:\/\/alladixital.org\/en\/wp-json\/wp\/v2\/types\/post"}],"author":[{"embeddable":true,"href":"https:\/\/alladixital.org\/en\/wp-json\/wp\/v2\/users\/1"}],"replies":[{"embeddable":true,"href":"https:\/\/alladixital.org\/en\/wp-json\/wp\/v2\/comments?post=4951"}],"version-history":[{"count":0,"href":"https:\/\/alladixital.org\/en\/wp-json\/wp\/v2\/posts\/4951\/revisions"}],"wp:featuredmedia":[{"embeddable":true,"href":"https:\/\/alladixital.org\/en\/wp-json\/wp\/v2\/media\/3021"}],"wp:attachment":[{"href":"https:\/\/alladixital.org\/en\/wp-json\/wp\/v2\/media?parent=4951"}],"wp:term":[{"taxonomy":"category","embeddable":true,"href":"https:\/\/alladixital.org\/en\/wp-json\/wp\/v2\/categories?post=4951"},{"taxonomy":"post_tag","embeddable":true,"href":"https:\/\/alladixital.org\/en\/wp-json\/wp\/v2\/tags?post=4951"}],"curies":[{"name":"wp","href":"https:\/\/api.w.org\/{rel}","templated":true}]}}