{"id":4980,"date":"2007-02-15T15:48:21","date_gmt":"2007-02-15T14:48:21","guid":{"rendered":"https:\/\/alladixital.org\/manifestacion-en-defensa-duna-presencia-digna-de-la-llingua-asturiana-nes-escueles\/"},"modified":"2007-02-15T15:48:21","modified_gmt":"2007-02-15T14:48:21","slug":"manifestacion-en-defensa-duna-presencia-digna-de-la-llingua-asturiana-nes-escueles","status":"publish","type":"post","link":"https:\/\/alladixital.org\/en\/manifestacion-en-defensa-duna-presencia-digna-de-la-llingua-asturiana-nes-escueles\/","title":{"rendered":"Manifestaci\u00f3n en defensa d&#8217;una presencia digna de la Llingua Asturiana nes escueles"},"content":{"rendered":"<p>Los sindicatos d&#8217;ense\u00f1anza CC.OO., FETE-UXT y SUATEA, am\u00e1s de la Xunta pola Defensa de la Llingua Asturiana, convoquen una manifestaci\u00f3n col lema &#8220;Llingua Asturiana en toles escueles en condiciones dignes y de normalid\u00e1&#8221;, \u00e9nte la propuesta de borrador del curr\u00edculu d&#8217;Educaci\u00f3n Primaria espubliz\u00e1u pola Conseyer\u00eda d&#8217;Educaci\u00f3n y Cultura, onde l&#8217;asignatura voluntaria de Llingua Asturiana entrar\u00eda en competencia con actividades de conten\u00edu curricular. La manifestaci\u00f3n va facese&#8217;l s\u00e1badu 17 de febreru a les 13 hores, con salida na Estaci\u00f3n de Renfe d&#8217;Uvi\u00e9u.<\/p>\n<p>Llueu de conocer la propuesta de la Conseyer\u00eda d&#8217;Educaci\u00f3n, l&#8217;ALLA p\u00fanxose en contautu urxente col Sr. Conseyeru. \u00c9sti asegur\u00f3 a la instituci\u00f3n que&#8217;l testu yera nam\u00e1i un &#8220;borrador&#8221; que sedr\u00eda correx\u00edu acordies cola Llei d&#8217;Usu del Asturianu. Dende llueu, l&#8217;Academia de la Llingua Asturiana y\u00e1 dio anuncia de que tar\u00e1 bien sollerte pa qu&#8217;esta situaci\u00f3n s&#8217;ig\u00fce y l&#8217;asignatura de Llingua Asturiana tenga&#8217;l tratamientu curricular qu&#8217;esixe la llei.<\/p>\n<p>Hai que facer alcordanza que la Llei d&#8217;Usu del Asturianu de 1998 diz nel so art\u00edculu 10.3:<\/p>\n<blockquote><p>La escoyeta del estudiu o del emplegu del bable\/asturianu como asignatura del curr\u00edculu en neng\u00fan casu podr\u00e1 sirvir de motivu de discriminaci\u00f3n de los alumnos. Pa los que lo escueyan, el so aprendimientu o usu nun podr\u00e1 torgar que reciban la mesma formaci\u00f3n y conocimientos n&#8217;iguald\u00e1 de condiciones que&#8217;l restu del alumn\u00e1u.<\/p><\/blockquote>\n<p>Darr\u00e9u d&#8217;ello, los escolinos y escolines que nun escueyan les ense\u00f1ances de Llingua Asturiana habr\u00e1n facer, como alternativa, xeres did\u00e1utiques que nun impliquen, de neng\u00fan mou, el tratamientu de conten\u00edos propios del curriculum. Esti planteamiento ye d&#8217;aplicaci\u00f3n tanto a los centros p\u00fablicos como a los centros privaos concertaos y non concertaos. Imp\u00f3nse, am\u00e1s y en tou casu, que la rede privada ufierta l&#8217;asignatura voluntaria de Llingua Asturiana a lo llargo de tola estaya d&#8217;Educaci\u00f3n Primaria.<\/p>\n<p>&nbsp;<br \/>\n<script><\/script><\/p>\n","protected":false},"excerpt":{"rendered":"<p>Los sindicatos d&#8217;ense\u00f1anza CC.OO., FETE-UXT y SUATEA, am\u00e1s de la Xunta pola Defensa de la Llingua Asturiana, convoquen una manifestaci\u00f3n col lema &#8220;Llingua Asturiana en toles escueles en condiciones dignes &hellip; <\/p>\n<p class=\"link-more\"><a href=\"https:\/\/alladixital.org\/en\/manifestacion-en-defensa-duna-presencia-digna-de-la-llingua-asturiana-nes-escueles\/\" class=\"more-link\">Continue reading<span class=\"screen-reader-text\"> &#8220;Manifestaci\u00f3n en defensa d&#8217;una presencia digna de la Llingua Asturiana nes escueles&#8221;<\/span><\/a><\/p>\n","protected":false},"author":1,"featured_media":3021,"comment_status":"closed","ping_status":"open","sticky":false,"template":"","format":"standard","meta":{"_acf_changed":false,"footnotes":""},"categories":[133],"tags":[244,329,318,282,283,332],"class_list":["post-4980","post","type-post","status-publish","format-standard","has-post-thumbnail","hentry","category-news","tag-comunicacion-en","tag-condena-en","tag-educacion-en","tag-ensenanza-en","tag-lleis-en","tag-llexislatura-en"],"acf":[],"yoast_head":"<!-- This site is optimized with the Yoast SEO plugin v26.7 - https:\/\/yoast.com\/wordpress\/plugins\/seo\/ -->\n<title>Manifestaci\u00f3n en defensa d&#039;una presencia digna de la Llingua Asturiana nes escueles - Academia de la Llingua Asturiana<\/title>\n<meta name=\"robots\" content=\"index, follow, max-snippet:-1, max-image-preview:large, max-video-preview:-1\" \/>\n<link rel=\"canonical\" href=\"https:\/\/alladixital.org\/en\/manifestacion-en-defensa-duna-presencia-digna-de-la-llingua-asturiana-nes-escueles\/\" \/>\n<meta property=\"og:locale\" content=\"en_US\" \/>\n<meta property=\"og:type\" content=\"article\" \/>\n<meta property=\"og:title\" content=\"Manifestaci\u00f3n en defensa d&#039;una presencia digna de la Llingua Asturiana nes escueles - Academia de la Llingua Asturiana\" \/>\n<meta property=\"og:description\" content=\"Los sindicatos d&#8217;ense\u00f1anza CC.OO., FETE-UXT y SUATEA, am\u00e1s de la Xunta pola Defensa de la Llingua Asturiana, convoquen una manifestaci\u00f3n col lema &#8220;Llingua Asturiana en toles escueles en condiciones dignes &hellip; Continue reading &quot;Manifestaci\u00f3n en defensa d&#8217;una presencia digna de la Llingua Asturiana nes escueles&quot;\" \/>\n<meta property=\"og:url\" content=\"https:\/\/alladixital.org\/en\/manifestacion-en-defensa-duna-presencia-digna-de-la-llingua-asturiana-nes-escueles\/\" \/>\n<meta property=\"og:site_name\" content=\"Academia de la Llingua Asturiana\" \/>\n<meta property=\"article:publisher\" content=\"https:\/\/www.facebook.com\/AcademiadelaLlinguaAsturiana\/\" \/>\n<meta property=\"article:published_time\" content=\"2007-02-15T14:48:21+00:00\" \/>\n<meta property=\"og:image\" content=\"https:\/\/alladixital.org\/wp-content\/uploads\/2014\/05\/ALLA_2.jpg\" \/>\n\t<meta property=\"og:image:width\" content=\"385\" \/>\n\t<meta property=\"og:image:height\" content=\"256\" \/>\n\t<meta property=\"og:image:type\" content=\"image\/jpeg\" \/>\n<meta name=\"author\" content=\"admin\" \/>\n<meta name=\"twitter:card\" content=\"summary_large_image\" \/>\n<meta name=\"twitter:creator\" content=\"@ALLA_ast\" \/>\n<meta name=\"twitter:site\" content=\"@ALLA_ast\" \/>\n<script type=\"application\/ld+json\" class=\"yoast-schema-graph\">{\"@context\":\"https:\/\/schema.org\",\"@graph\":[{\"@type\":\"Article\",\"@id\":\"https:\/\/alladixital.org\/en\/manifestacion-en-defensa-duna-presencia-digna-de-la-llingua-asturiana-nes-escueles\/#article\",\"isPartOf\":{\"@id\":\"https:\/\/alladixital.org\/en\/manifestacion-en-defensa-duna-presencia-digna-de-la-llingua-asturiana-nes-escueles\/\"},\"author\":{\"name\":\"admin\",\"@id\":\"https:\/\/alladixital.org\/#\/schema\/person\/656e0920ab4ffb58592f1439c950b1cc\"},\"headline\":\"Manifestaci\u00f3n en defensa d&#8217;una presencia digna de la Llingua Asturiana nes escueles\",\"datePublished\":\"2007-02-15T14:48:21+00:00\",\"mainEntityOfPage\":{\"@id\":\"https:\/\/alladixital.org\/en\/manifestacion-en-defensa-duna-presencia-digna-de-la-llingua-asturiana-nes-escueles\/\"},\"wordCount\":368,\"publisher\":{\"@id\":\"https:\/\/alladixital.org\/#organization\"},\"image\":{\"@id\":\"https:\/\/alladixital.org\/en\/manifestacion-en-defensa-duna-presencia-digna-de-la-llingua-asturiana-nes-escueles\/#primaryimage\"},\"thumbnailUrl\":\"https:\/\/alladixital.org\/wp-content\/uploads\/2014\/05\/ALLA_2.jpg\",\"keywords\":[\"comunicaci\u00f3n\",\"condena\",\"educaci\u00f3n\",\"ense\u00f1anza\",\"lleis\",\"llexislatura\"],\"articleSection\":[\"News\"],\"inLanguage\":\"en-US\"},{\"@type\":\"WebPage\",\"@id\":\"https:\/\/alladixital.org\/en\/manifestacion-en-defensa-duna-presencia-digna-de-la-llingua-asturiana-nes-escueles\/\",\"url\":\"https:\/\/alladixital.org\/en\/manifestacion-en-defensa-duna-presencia-digna-de-la-llingua-asturiana-nes-escueles\/\",\"name\":\"Manifestaci\u00f3n en defensa d'una presencia digna de la Llingua Asturiana nes escueles - Academia de la Llingua Asturiana\",\"isPartOf\":{\"@id\":\"https:\/\/alladixital.org\/#website\"},\"primaryImageOfPage\":{\"@id\":\"https:\/\/alladixital.org\/en\/manifestacion-en-defensa-duna-presencia-digna-de-la-llingua-asturiana-nes-escueles\/#primaryimage\"},\"image\":{\"@id\":\"https:\/\/alladixital.org\/en\/manifestacion-en-defensa-duna-presencia-digna-de-la-llingua-asturiana-nes-escueles\/#primaryimage\"},\"thumbnailUrl\":\"https:\/\/alladixital.org\/wp-content\/uploads\/2014\/05\/ALLA_2.jpg\",\"datePublished\":\"2007-02-15T14:48:21+00:00\",\"breadcrumb\":{\"@id\":\"https:\/\/alladixital.org\/en\/manifestacion-en-defensa-duna-presencia-digna-de-la-llingua-asturiana-nes-escueles\/#breadcrumb\"},\"inLanguage\":\"en-US\",\"potentialAction\":[{\"@type\":\"ReadAction\",\"target\":[\"https:\/\/alladixital.org\/en\/manifestacion-en-defensa-duna-presencia-digna-de-la-llingua-asturiana-nes-escueles\/\"]}]},{\"@type\":\"ImageObject\",\"inLanguage\":\"en-US\",\"@id\":\"https:\/\/alladixital.org\/en\/manifestacion-en-defensa-duna-presencia-digna-de-la-llingua-asturiana-nes-escueles\/#primaryimage\",\"url\":\"https:\/\/alladixital.org\/wp-content\/uploads\/2014\/05\/ALLA_2.jpg\",\"contentUrl\":\"https:\/\/alladixital.org\/wp-content\/uploads\/2014\/05\/ALLA_2.jpg\",\"width\":385,\"height\":256},{\"@type\":\"BreadcrumbList\",\"@id\":\"https:\/\/alladixital.org\/en\/manifestacion-en-defensa-duna-presencia-digna-de-la-llingua-asturiana-nes-escueles\/#breadcrumb\",\"itemListElement\":[{\"@type\":\"ListItem\",\"position\":1,\"name\":\"Portada\",\"item\":\"https:\/\/alladixital.org\/\"},{\"@type\":\"ListItem\",\"position\":2,\"name\":\"Manifestaci\u00f3n en defensa d&#8217;una presencia digna de la Llingua Asturiana nes escueles\"}]},{\"@type\":\"WebSite\",\"@id\":\"https:\/\/alladixital.org\/#website\",\"url\":\"https:\/\/alladixital.org\/\",\"name\":\"Academia de la Llingua Asturiana\",\"description\":\"ALLA\",\"publisher\":{\"@id\":\"https:\/\/alladixital.org\/#organization\"},\"potentialAction\":[{\"@type\":\"SearchAction\",\"target\":{\"@type\":\"EntryPoint\",\"urlTemplate\":\"https:\/\/alladixital.org\/?s={search_term_string}\"},\"query-input\":{\"@type\":\"PropertyValueSpecification\",\"valueRequired\":true,\"valueName\":\"search_term_string\"}}],\"inLanguage\":\"en-US\"},{\"@type\":\"Organization\",\"@id\":\"https:\/\/alladixital.org\/#organization\",\"name\":\"Academia de la Llingua Asturiana\",\"url\":\"https:\/\/alladixital.org\/\",\"logo\":{\"@type\":\"ImageObject\",\"inLanguage\":\"en-US\",\"@id\":\"https:\/\/alladixital.org\/#\/schema\/logo\/image\/\",\"url\":\"https:\/\/alladixital.org\/wp-content\/uploads\/2022\/08\/logo_LLINGUA_280_V3.jpg\",\"contentUrl\":\"https:\/\/alladixital.org\/wp-content\/uploads\/2022\/08\/logo_LLINGUA_280_V3.jpg\",\"width\":1064,\"height\":1096,\"caption\":\"Academia de la Llingua Asturiana\"},\"image\":{\"@id\":\"https:\/\/alladixital.org\/#\/schema\/logo\/image\/\"},\"sameAs\":[\"https:\/\/www.facebook.com\/AcademiadelaLlinguaAsturiana\/\",\"https:\/\/x.com\/ALLA_ast\"]},{\"@type\":\"Person\",\"@id\":\"https:\/\/alladixital.org\/#\/schema\/person\/656e0920ab4ffb58592f1439c950b1cc\",\"name\":\"admin\",\"image\":{\"@type\":\"ImageObject\",\"inLanguage\":\"en-US\",\"@id\":\"https:\/\/alladixital.org\/#\/schema\/person\/image\/\",\"url\":\"https:\/\/secure.gravatar.com\/avatar\/c7cafab1c40b86a41f7dc1a5f47b543eabcdd3630903338f35932f4e47d657cb?s=96&d=mm&r=g\",\"contentUrl\":\"https:\/\/secure.gravatar.com\/avatar\/c7cafab1c40b86a41f7dc1a5f47b543eabcdd3630903338f35932f4e47d657cb?s=96&d=mm&r=g\",\"caption\":\"admin\"},\"url\":\"https:\/\/alladixital.org\/en\/author\/admin\/\"}]}<\/script>\n<!-- \/ Yoast SEO plugin. -->","yoast_head_json":{"title":"Manifestaci\u00f3n en defensa d'una presencia digna de la Llingua Asturiana nes escueles - Academia de la Llingua Asturiana","robots":{"index":"index","follow":"follow","max-snippet":"max-snippet:-1","max-image-preview":"max-image-preview:large","max-video-preview":"max-video-preview:-1"},"canonical":"https:\/\/alladixital.org\/en\/manifestacion-en-defensa-duna-presencia-digna-de-la-llingua-asturiana-nes-escueles\/","og_locale":"en_US","og_type":"article","og_title":"Manifestaci\u00f3n en defensa d'una presencia digna de la Llingua Asturiana nes escueles - Academia de la Llingua Asturiana","og_description":"Los sindicatos d&#8217;ense\u00f1anza CC.OO., FETE-UXT y SUATEA, am\u00e1s de la Xunta pola Defensa de la Llingua Asturiana, convoquen una manifestaci\u00f3n col lema &#8220;Llingua Asturiana en toles escueles en condiciones dignes &hellip; Continue reading \"Manifestaci\u00f3n en defensa d&#8217;una presencia digna de la Llingua Asturiana nes escueles\"","og_url":"https:\/\/alladixital.org\/en\/manifestacion-en-defensa-duna-presencia-digna-de-la-llingua-asturiana-nes-escueles\/","og_site_name":"Academia de la Llingua Asturiana","article_publisher":"https:\/\/www.facebook.com\/AcademiadelaLlinguaAsturiana\/","article_published_time":"2007-02-15T14:48:21+00:00","og_image":[{"width":385,"height":256,"url":"https:\/\/alladixital.org\/wp-content\/uploads\/2014\/05\/ALLA_2.jpg","type":"image\/jpeg"}],"author":"admin","twitter_card":"summary_large_image","twitter_creator":"@ALLA_ast","twitter_site":"@ALLA_ast","schema":{"@context":"https:\/\/schema.org","@graph":[{"@type":"Article","@id":"https:\/\/alladixital.org\/en\/manifestacion-en-defensa-duna-presencia-digna-de-la-llingua-asturiana-nes-escueles\/#article","isPartOf":{"@id":"https:\/\/alladixital.org\/en\/manifestacion-en-defensa-duna-presencia-digna-de-la-llingua-asturiana-nes-escueles\/"},"author":{"name":"admin","@id":"https:\/\/alladixital.org\/#\/schema\/person\/656e0920ab4ffb58592f1439c950b1cc"},"headline":"Manifestaci\u00f3n en defensa d&#8217;una presencia digna de la Llingua Asturiana nes escueles","datePublished":"2007-02-15T14:48:21+00:00","mainEntityOfPage":{"@id":"https:\/\/alladixital.org\/en\/manifestacion-en-defensa-duna-presencia-digna-de-la-llingua-asturiana-nes-escueles\/"},"wordCount":368,"publisher":{"@id":"https:\/\/alladixital.org\/#organization"},"image":{"@id":"https:\/\/alladixital.org\/en\/manifestacion-en-defensa-duna-presencia-digna-de-la-llingua-asturiana-nes-escueles\/#primaryimage"},"thumbnailUrl":"https:\/\/alladixital.org\/wp-content\/uploads\/2014\/05\/ALLA_2.jpg","keywords":["comunicaci\u00f3n","condena","educaci\u00f3n","ense\u00f1anza","lleis","llexislatura"],"articleSection":["News"],"inLanguage":"en-US"},{"@type":"WebPage","@id":"https:\/\/alladixital.org\/en\/manifestacion-en-defensa-duna-presencia-digna-de-la-llingua-asturiana-nes-escueles\/","url":"https:\/\/alladixital.org\/en\/manifestacion-en-defensa-duna-presencia-digna-de-la-llingua-asturiana-nes-escueles\/","name":"Manifestaci\u00f3n en defensa d'una presencia digna de la Llingua Asturiana nes escueles - Academia de la Llingua Asturiana","isPartOf":{"@id":"https:\/\/alladixital.org\/#website"},"primaryImageOfPage":{"@id":"https:\/\/alladixital.org\/en\/manifestacion-en-defensa-duna-presencia-digna-de-la-llingua-asturiana-nes-escueles\/#primaryimage"},"image":{"@id":"https:\/\/alladixital.org\/en\/manifestacion-en-defensa-duna-presencia-digna-de-la-llingua-asturiana-nes-escueles\/#primaryimage"},"thumbnailUrl":"https:\/\/alladixital.org\/wp-content\/uploads\/2014\/05\/ALLA_2.jpg","datePublished":"2007-02-15T14:48:21+00:00","breadcrumb":{"@id":"https:\/\/alladixital.org\/en\/manifestacion-en-defensa-duna-presencia-digna-de-la-llingua-asturiana-nes-escueles\/#breadcrumb"},"inLanguage":"en-US","potentialAction":[{"@type":"ReadAction","target":["https:\/\/alladixital.org\/en\/manifestacion-en-defensa-duna-presencia-digna-de-la-llingua-asturiana-nes-escueles\/"]}]},{"@type":"ImageObject","inLanguage":"en-US","@id":"https:\/\/alladixital.org\/en\/manifestacion-en-defensa-duna-presencia-digna-de-la-llingua-asturiana-nes-escueles\/#primaryimage","url":"https:\/\/alladixital.org\/wp-content\/uploads\/2014\/05\/ALLA_2.jpg","contentUrl":"https:\/\/alladixital.org\/wp-content\/uploads\/2014\/05\/ALLA_2.jpg","width":385,"height":256},{"@type":"BreadcrumbList","@id":"https:\/\/alladixital.org\/en\/manifestacion-en-defensa-duna-presencia-digna-de-la-llingua-asturiana-nes-escueles\/#breadcrumb","itemListElement":[{"@type":"ListItem","position":1,"name":"Portada","item":"https:\/\/alladixital.org\/"},{"@type":"ListItem","position":2,"name":"Manifestaci\u00f3n en defensa d&#8217;una presencia digna de la Llingua Asturiana nes escueles"}]},{"@type":"WebSite","@id":"https:\/\/alladixital.org\/#website","url":"https:\/\/alladixital.org\/","name":"Academia de la Llingua Asturiana","description":"ALLA","publisher":{"@id":"https:\/\/alladixital.org\/#organization"},"potentialAction":[{"@type":"SearchAction","target":{"@type":"EntryPoint","urlTemplate":"https:\/\/alladixital.org\/?s={search_term_string}"},"query-input":{"@type":"PropertyValueSpecification","valueRequired":true,"valueName":"search_term_string"}}],"inLanguage":"en-US"},{"@type":"Organization","@id":"https:\/\/alladixital.org\/#organization","name":"Academia de la Llingua Asturiana","url":"https:\/\/alladixital.org\/","logo":{"@type":"ImageObject","inLanguage":"en-US","@id":"https:\/\/alladixital.org\/#\/schema\/logo\/image\/","url":"https:\/\/alladixital.org\/wp-content\/uploads\/2022\/08\/logo_LLINGUA_280_V3.jpg","contentUrl":"https:\/\/alladixital.org\/wp-content\/uploads\/2022\/08\/logo_LLINGUA_280_V3.jpg","width":1064,"height":1096,"caption":"Academia de la Llingua Asturiana"},"image":{"@id":"https:\/\/alladixital.org\/#\/schema\/logo\/image\/"},"sameAs":["https:\/\/www.facebook.com\/AcademiadelaLlinguaAsturiana\/","https:\/\/x.com\/ALLA_ast"]},{"@type":"Person","@id":"https:\/\/alladixital.org\/#\/schema\/person\/656e0920ab4ffb58592f1439c950b1cc","name":"admin","image":{"@type":"ImageObject","inLanguage":"en-US","@id":"https:\/\/alladixital.org\/#\/schema\/person\/image\/","url":"https:\/\/secure.gravatar.com\/avatar\/c7cafab1c40b86a41f7dc1a5f47b543eabcdd3630903338f35932f4e47d657cb?s=96&d=mm&r=g","contentUrl":"https:\/\/secure.gravatar.com\/avatar\/c7cafab1c40b86a41f7dc1a5f47b543eabcdd3630903338f35932f4e47d657cb?s=96&d=mm&r=g","caption":"admin"},"url":"https:\/\/alladixital.org\/en\/author\/admin\/"}]}},"brizy_media":[],"_links":{"self":[{"href":"https:\/\/alladixital.org\/en\/wp-json\/wp\/v2\/posts\/4980","targetHints":{"allow":["GET"]}}],"collection":[{"href":"https:\/\/alladixital.org\/en\/wp-json\/wp\/v2\/posts"}],"about":[{"href":"https:\/\/alladixital.org\/en\/wp-json\/wp\/v2\/types\/post"}],"author":[{"embeddable":true,"href":"https:\/\/alladixital.org\/en\/wp-json\/wp\/v2\/users\/1"}],"replies":[{"embeddable":true,"href":"https:\/\/alladixital.org\/en\/wp-json\/wp\/v2\/comments?post=4980"}],"version-history":[{"count":0,"href":"https:\/\/alladixital.org\/en\/wp-json\/wp\/v2\/posts\/4980\/revisions"}],"wp:featuredmedia":[{"embeddable":true,"href":"https:\/\/alladixital.org\/en\/wp-json\/wp\/v2\/media\/3021"}],"wp:attachment":[{"href":"https:\/\/alladixital.org\/en\/wp-json\/wp\/v2\/media?parent=4980"}],"wp:term":[{"taxonomy":"category","embeddable":true,"href":"https:\/\/alladixital.org\/en\/wp-json\/wp\/v2\/categories?post=4980"},{"taxonomy":"post_tag","embeddable":true,"href":"https:\/\/alladixital.org\/en\/wp-json\/wp\/v2\/tags?post=4980"}],"curies":[{"name":"wp","href":"https:\/\/api.w.org\/{rel}","templated":true}]}}