{"id":5004,"date":"2005-04-29T18:05:22","date_gmt":"2005-04-29T17:05:22","guid":{"rendered":"https:\/\/alladixital.org\/xxvi-dia-de-les-lletres-asturianes-teatru-campoamor-duvieu-vienres-6-de-mayu-20-h\/"},"modified":"2005-04-29T18:05:22","modified_gmt":"2005-04-29T17:05:22","slug":"xxvi-dia-de-les-lletres-asturianes-teatru-campoamor-duvieu-vienres-6-de-mayu-20-h","status":"publish","type":"post","link":"https:\/\/alladixital.org\/en\/xxvi-dia-de-les-lletres-asturianes-teatru-campoamor-duvieu-vienres-6-de-mayu-20-h\/","title":{"rendered":"XXVI D\u00eda de les Lletres Asturianes. Teatru Campoamor d&#8217;Uvi\u00e9u. Vienres 6 de mayu, 20 h."},"content":{"rendered":"<h3>Novedaes pal D\u00eda de les Lletres Asturianes<\/h3>\n<p>L&#8217;Academia de la Llingua Asturiana da anuncia de qu&#8217;esti a\u00f1u l&#8217;actu oficial del D\u00eda de les lletres Asturianes fair\u00e1se&#8217;l d\u00eda 6 de mayu, vienres, a les 20 hores nel Teatru Campoamor d&#8217;Uvi\u00e9u.<\/p>\n<p>Na solemne sesi\u00f3n acad\u00e9mica tomar\u00e1n posesi\u00f3n como nuevos miembros de l&#8217;Academia D. Xos\u00e9 Ram\u00f3n Iglesias Cueva (acad\u00e9micu de n\u00famberu) y D\u00f1a. Marta Mori d&#8217;Arriba (acad\u00e9mica correspondiente).<\/p>\n<p>Arriendes del discursu institucional de la Presidenta de l&#8217;Academia de la Llingua Asturiana, habr\u00e1 una actuaci\u00f3n musical na que participar\u00e1n&#8217;l gaiteru <strong>Jos\u00e9 Manuel Tejedor<\/strong> y el grupu folk <strong>Lliberd\u00f3n.<\/strong><\/p>\n<p>L&#8217;Academia de la Llingua Asturiana, am\u00e1s de lo anterior y como noved\u00e1 m\u00e1s bultable, quier facer esti a\u00f1u un homenaxe al traxe asturianu del pa\u00eds y encamienta, darr\u00e9u d&#8217;ello, a los asistentes que, na midida de les sos posibilidaes, lleven traxe asturianu como simbolizaci\u00f3n del so compromisu cola cultura d&#8217;Asturies.<\/p>\n<p>Llueu del actu acad\u00e9micu, habr\u00e1 una espicha, abierta a la participaci\u00f3n de tola xente, nel restaurante La Gruta, con bailles y m\u00fasica asturiana.<\/p>\n<p>L&#8217;Academia de la Llingua Asturiana aguarda cuntar cola to asistencia a estos actos de cellebraci\u00f3n del XXVI D\u00eda de les Lletres Asturianes.<br \/>\n<script><\/script><\/p>\n","protected":false},"excerpt":{"rendered":"<p>Novedaes pal D\u00eda de les Lletres Asturianes L&#8217;Academia de la Llingua Asturiana da anuncia de qu&#8217;esti a\u00f1u l&#8217;actu oficial del D\u00eda de les lletres Asturianes fair\u00e1se&#8217;l d\u00eda 6 de mayu, &hellip; <\/p>\n<p class=\"link-more\"><a href=\"https:\/\/alladixital.org\/en\/xxvi-dia-de-les-lletres-asturianes-teatru-campoamor-duvieu-vienres-6-de-mayu-20-h\/\" class=\"more-link\">Continue reading<span class=\"screen-reader-text\"> &#8220;XXVI D\u00eda de les Lletres Asturianes. Teatru Campoamor d&#8217;Uvi\u00e9u. Vienres 6 de mayu, 20 h.&#8221;<\/span><\/a><\/p>\n","protected":false},"author":1,"featured_media":3021,"comment_status":"closed","ping_status":"open","sticky":false,"template":"","format":"standard","meta":{"_acf_changed":false,"footnotes":""},"categories":[133],"tags":[215],"class_list":["post-5004","post","type-post","status-publish","format-standard","has-post-thumbnail","hentry","category-news","tag-lletres-en"],"acf":[],"yoast_head":"<!-- This site is optimized with the Yoast SEO plugin v26.7 - https:\/\/yoast.com\/wordpress\/plugins\/seo\/ -->\n<title>XXVI D\u00eda de les Lletres Asturianes. Teatru Campoamor d&#039;Uvi\u00e9u. Vienres 6 de mayu, 20 h. - Academia de la Llingua Asturiana<\/title>\n<meta name=\"robots\" content=\"index, follow, max-snippet:-1, max-image-preview:large, max-video-preview:-1\" \/>\n<link rel=\"canonical\" href=\"https:\/\/alladixital.org\/en\/xxvi-dia-de-les-lletres-asturianes-teatru-campoamor-duvieu-vienres-6-de-mayu-20-h\/\" \/>\n<meta property=\"og:locale\" content=\"en_US\" \/>\n<meta property=\"og:type\" content=\"article\" \/>\n<meta property=\"og:title\" content=\"XXVI D\u00eda de les Lletres Asturianes. Teatru Campoamor d&#039;Uvi\u00e9u. Vienres 6 de mayu, 20 h. - Academia de la Llingua Asturiana\" \/>\n<meta property=\"og:description\" content=\"Novedaes pal D\u00eda de les Lletres Asturianes L&#8217;Academia de la Llingua Asturiana da anuncia de qu&#8217;esti a\u00f1u l&#8217;actu oficial del D\u00eda de les lletres Asturianes fair\u00e1se&#8217;l d\u00eda 6 de mayu, &hellip; Continue reading &quot;XXVI D\u00eda de les Lletres Asturianes. Teatru Campoamor d&#8217;Uvi\u00e9u. Vienres 6 de mayu, 20 h.&quot;\" \/>\n<meta property=\"og:url\" content=\"https:\/\/alladixital.org\/en\/xxvi-dia-de-les-lletres-asturianes-teatru-campoamor-duvieu-vienres-6-de-mayu-20-h\/\" \/>\n<meta property=\"og:site_name\" content=\"Academia de la Llingua Asturiana\" \/>\n<meta property=\"article:publisher\" content=\"https:\/\/www.facebook.com\/AcademiadelaLlinguaAsturiana\/\" \/>\n<meta property=\"article:published_time\" content=\"2005-04-29T17:05:22+00:00\" \/>\n<meta property=\"og:image\" content=\"https:\/\/alladixital.org\/wp-content\/uploads\/2014\/05\/ALLA_2.jpg\" \/>\n\t<meta property=\"og:image:width\" content=\"385\" \/>\n\t<meta property=\"og:image:height\" content=\"256\" \/>\n\t<meta property=\"og:image:type\" content=\"image\/jpeg\" \/>\n<meta name=\"author\" content=\"admin\" \/>\n<meta name=\"twitter:card\" content=\"summary_large_image\" \/>\n<meta name=\"twitter:creator\" content=\"@ALLA_ast\" \/>\n<meta name=\"twitter:site\" content=\"@ALLA_ast\" \/>\n<script type=\"application\/ld+json\" class=\"yoast-schema-graph\">{\"@context\":\"https:\/\/schema.org\",\"@graph\":[{\"@type\":\"Article\",\"@id\":\"https:\/\/alladixital.org\/en\/xxvi-dia-de-les-lletres-asturianes-teatru-campoamor-duvieu-vienres-6-de-mayu-20-h\/#article\",\"isPartOf\":{\"@id\":\"https:\/\/alladixital.org\/en\/xxvi-dia-de-les-lletres-asturianes-teatru-campoamor-duvieu-vienres-6-de-mayu-20-h\/\"},\"author\":{\"name\":\"admin\",\"@id\":\"https:\/\/alladixital.org\/#\/schema\/person\/656e0920ab4ffb58592f1439c950b1cc\"},\"headline\":\"XXVI D\u00eda de les Lletres Asturianes. Teatru Campoamor d&#8217;Uvi\u00e9u. Vienres 6 de mayu, 20 h.\",\"datePublished\":\"2005-04-29T17:05:22+00:00\",\"mainEntityOfPage\":{\"@id\":\"https:\/\/alladixital.org\/en\/xxvi-dia-de-les-lletres-asturianes-teatru-campoamor-duvieu-vienres-6-de-mayu-20-h\/\"},\"wordCount\":245,\"publisher\":{\"@id\":\"https:\/\/alladixital.org\/#organization\"},\"image\":{\"@id\":\"https:\/\/alladixital.org\/en\/xxvi-dia-de-les-lletres-asturianes-teatru-campoamor-duvieu-vienres-6-de-mayu-20-h\/#primaryimage\"},\"thumbnailUrl\":\"https:\/\/alladixital.org\/wp-content\/uploads\/2014\/05\/ALLA_2.jpg\",\"keywords\":[\"lletres\"],\"articleSection\":[\"News\"],\"inLanguage\":\"en-US\"},{\"@type\":\"WebPage\",\"@id\":\"https:\/\/alladixital.org\/en\/xxvi-dia-de-les-lletres-asturianes-teatru-campoamor-duvieu-vienres-6-de-mayu-20-h\/\",\"url\":\"https:\/\/alladixital.org\/en\/xxvi-dia-de-les-lletres-asturianes-teatru-campoamor-duvieu-vienres-6-de-mayu-20-h\/\",\"name\":\"XXVI D\u00eda de les Lletres Asturianes. Teatru Campoamor d'Uvi\u00e9u. Vienres 6 de mayu, 20 h. - Academia de la Llingua Asturiana\",\"isPartOf\":{\"@id\":\"https:\/\/alladixital.org\/#website\"},\"primaryImageOfPage\":{\"@id\":\"https:\/\/alladixital.org\/en\/xxvi-dia-de-les-lletres-asturianes-teatru-campoamor-duvieu-vienres-6-de-mayu-20-h\/#primaryimage\"},\"image\":{\"@id\":\"https:\/\/alladixital.org\/en\/xxvi-dia-de-les-lletres-asturianes-teatru-campoamor-duvieu-vienres-6-de-mayu-20-h\/#primaryimage\"},\"thumbnailUrl\":\"https:\/\/alladixital.org\/wp-content\/uploads\/2014\/05\/ALLA_2.jpg\",\"datePublished\":\"2005-04-29T17:05:22+00:00\",\"breadcrumb\":{\"@id\":\"https:\/\/alladixital.org\/en\/xxvi-dia-de-les-lletres-asturianes-teatru-campoamor-duvieu-vienres-6-de-mayu-20-h\/#breadcrumb\"},\"inLanguage\":\"en-US\",\"potentialAction\":[{\"@type\":\"ReadAction\",\"target\":[\"https:\/\/alladixital.org\/en\/xxvi-dia-de-les-lletres-asturianes-teatru-campoamor-duvieu-vienres-6-de-mayu-20-h\/\"]}]},{\"@type\":\"ImageObject\",\"inLanguage\":\"en-US\",\"@id\":\"https:\/\/alladixital.org\/en\/xxvi-dia-de-les-lletres-asturianes-teatru-campoamor-duvieu-vienres-6-de-mayu-20-h\/#primaryimage\",\"url\":\"https:\/\/alladixital.org\/wp-content\/uploads\/2014\/05\/ALLA_2.jpg\",\"contentUrl\":\"https:\/\/alladixital.org\/wp-content\/uploads\/2014\/05\/ALLA_2.jpg\",\"width\":385,\"height\":256},{\"@type\":\"BreadcrumbList\",\"@id\":\"https:\/\/alladixital.org\/en\/xxvi-dia-de-les-lletres-asturianes-teatru-campoamor-duvieu-vienres-6-de-mayu-20-h\/#breadcrumb\",\"itemListElement\":[{\"@type\":\"ListItem\",\"position\":1,\"name\":\"Portada\",\"item\":\"https:\/\/alladixital.org\/\"},{\"@type\":\"ListItem\",\"position\":2,\"name\":\"XXVI D\u00eda de les Lletres Asturianes. Teatru Campoamor d&#8217;Uvi\u00e9u. Vienres 6 de mayu, 20 h.\"}]},{\"@type\":\"WebSite\",\"@id\":\"https:\/\/alladixital.org\/#website\",\"url\":\"https:\/\/alladixital.org\/\",\"name\":\"Academia de la Llingua Asturiana\",\"description\":\"ALLA\",\"publisher\":{\"@id\":\"https:\/\/alladixital.org\/#organization\"},\"potentialAction\":[{\"@type\":\"SearchAction\",\"target\":{\"@type\":\"EntryPoint\",\"urlTemplate\":\"https:\/\/alladixital.org\/?s={search_term_string}\"},\"query-input\":{\"@type\":\"PropertyValueSpecification\",\"valueRequired\":true,\"valueName\":\"search_term_string\"}}],\"inLanguage\":\"en-US\"},{\"@type\":\"Organization\",\"@id\":\"https:\/\/alladixital.org\/#organization\",\"name\":\"Academia de la Llingua Asturiana\",\"url\":\"https:\/\/alladixital.org\/\",\"logo\":{\"@type\":\"ImageObject\",\"inLanguage\":\"en-US\",\"@id\":\"https:\/\/alladixital.org\/#\/schema\/logo\/image\/\",\"url\":\"https:\/\/alladixital.org\/wp-content\/uploads\/2022\/08\/logo_LLINGUA_280_V3.jpg\",\"contentUrl\":\"https:\/\/alladixital.org\/wp-content\/uploads\/2022\/08\/logo_LLINGUA_280_V3.jpg\",\"width\":1064,\"height\":1096,\"caption\":\"Academia de la Llingua Asturiana\"},\"image\":{\"@id\":\"https:\/\/alladixital.org\/#\/schema\/logo\/image\/\"},\"sameAs\":[\"https:\/\/www.facebook.com\/AcademiadelaLlinguaAsturiana\/\",\"https:\/\/x.com\/ALLA_ast\"]},{\"@type\":\"Person\",\"@id\":\"https:\/\/alladixital.org\/#\/schema\/person\/656e0920ab4ffb58592f1439c950b1cc\",\"name\":\"admin\",\"image\":{\"@type\":\"ImageObject\",\"inLanguage\":\"en-US\",\"@id\":\"https:\/\/alladixital.org\/#\/schema\/person\/image\/\",\"url\":\"https:\/\/secure.gravatar.com\/avatar\/c7cafab1c40b86a41f7dc1a5f47b543eabcdd3630903338f35932f4e47d657cb?s=96&d=mm&r=g\",\"contentUrl\":\"https:\/\/secure.gravatar.com\/avatar\/c7cafab1c40b86a41f7dc1a5f47b543eabcdd3630903338f35932f4e47d657cb?s=96&d=mm&r=g\",\"caption\":\"admin\"},\"url\":\"https:\/\/alladixital.org\/en\/author\/admin\/\"}]}<\/script>\n<!-- \/ Yoast SEO plugin. -->","yoast_head_json":{"title":"XXVI D\u00eda de les Lletres Asturianes. Teatru Campoamor d'Uvi\u00e9u. Vienres 6 de mayu, 20 h. - Academia de la Llingua Asturiana","robots":{"index":"index","follow":"follow","max-snippet":"max-snippet:-1","max-image-preview":"max-image-preview:large","max-video-preview":"max-video-preview:-1"},"canonical":"https:\/\/alladixital.org\/en\/xxvi-dia-de-les-lletres-asturianes-teatru-campoamor-duvieu-vienres-6-de-mayu-20-h\/","og_locale":"en_US","og_type":"article","og_title":"XXVI D\u00eda de les Lletres Asturianes. Teatru Campoamor d'Uvi\u00e9u. Vienres 6 de mayu, 20 h. - Academia de la Llingua Asturiana","og_description":"Novedaes pal D\u00eda de les Lletres Asturianes L&#8217;Academia de la Llingua Asturiana da anuncia de qu&#8217;esti a\u00f1u l&#8217;actu oficial del D\u00eda de les lletres Asturianes fair\u00e1se&#8217;l d\u00eda 6 de mayu, &hellip; Continue reading \"XXVI D\u00eda de les Lletres Asturianes. Teatru Campoamor d&#8217;Uvi\u00e9u. Vienres 6 de mayu, 20 h.\"","og_url":"https:\/\/alladixital.org\/en\/xxvi-dia-de-les-lletres-asturianes-teatru-campoamor-duvieu-vienres-6-de-mayu-20-h\/","og_site_name":"Academia de la Llingua Asturiana","article_publisher":"https:\/\/www.facebook.com\/AcademiadelaLlinguaAsturiana\/","article_published_time":"2005-04-29T17:05:22+00:00","og_image":[{"width":385,"height":256,"url":"https:\/\/alladixital.org\/wp-content\/uploads\/2014\/05\/ALLA_2.jpg","type":"image\/jpeg"}],"author":"admin","twitter_card":"summary_large_image","twitter_creator":"@ALLA_ast","twitter_site":"@ALLA_ast","schema":{"@context":"https:\/\/schema.org","@graph":[{"@type":"Article","@id":"https:\/\/alladixital.org\/en\/xxvi-dia-de-les-lletres-asturianes-teatru-campoamor-duvieu-vienres-6-de-mayu-20-h\/#article","isPartOf":{"@id":"https:\/\/alladixital.org\/en\/xxvi-dia-de-les-lletres-asturianes-teatru-campoamor-duvieu-vienres-6-de-mayu-20-h\/"},"author":{"name":"admin","@id":"https:\/\/alladixital.org\/#\/schema\/person\/656e0920ab4ffb58592f1439c950b1cc"},"headline":"XXVI D\u00eda de les Lletres Asturianes. Teatru Campoamor d&#8217;Uvi\u00e9u. Vienres 6 de mayu, 20 h.","datePublished":"2005-04-29T17:05:22+00:00","mainEntityOfPage":{"@id":"https:\/\/alladixital.org\/en\/xxvi-dia-de-les-lletres-asturianes-teatru-campoamor-duvieu-vienres-6-de-mayu-20-h\/"},"wordCount":245,"publisher":{"@id":"https:\/\/alladixital.org\/#organization"},"image":{"@id":"https:\/\/alladixital.org\/en\/xxvi-dia-de-les-lletres-asturianes-teatru-campoamor-duvieu-vienres-6-de-mayu-20-h\/#primaryimage"},"thumbnailUrl":"https:\/\/alladixital.org\/wp-content\/uploads\/2014\/05\/ALLA_2.jpg","keywords":["lletres"],"articleSection":["News"],"inLanguage":"en-US"},{"@type":"WebPage","@id":"https:\/\/alladixital.org\/en\/xxvi-dia-de-les-lletres-asturianes-teatru-campoamor-duvieu-vienres-6-de-mayu-20-h\/","url":"https:\/\/alladixital.org\/en\/xxvi-dia-de-les-lletres-asturianes-teatru-campoamor-duvieu-vienres-6-de-mayu-20-h\/","name":"XXVI D\u00eda de les Lletres Asturianes. Teatru Campoamor d'Uvi\u00e9u. Vienres 6 de mayu, 20 h. - Academia de la Llingua Asturiana","isPartOf":{"@id":"https:\/\/alladixital.org\/#website"},"primaryImageOfPage":{"@id":"https:\/\/alladixital.org\/en\/xxvi-dia-de-les-lletres-asturianes-teatru-campoamor-duvieu-vienres-6-de-mayu-20-h\/#primaryimage"},"image":{"@id":"https:\/\/alladixital.org\/en\/xxvi-dia-de-les-lletres-asturianes-teatru-campoamor-duvieu-vienres-6-de-mayu-20-h\/#primaryimage"},"thumbnailUrl":"https:\/\/alladixital.org\/wp-content\/uploads\/2014\/05\/ALLA_2.jpg","datePublished":"2005-04-29T17:05:22+00:00","breadcrumb":{"@id":"https:\/\/alladixital.org\/en\/xxvi-dia-de-les-lletres-asturianes-teatru-campoamor-duvieu-vienres-6-de-mayu-20-h\/#breadcrumb"},"inLanguage":"en-US","potentialAction":[{"@type":"ReadAction","target":["https:\/\/alladixital.org\/en\/xxvi-dia-de-les-lletres-asturianes-teatru-campoamor-duvieu-vienres-6-de-mayu-20-h\/"]}]},{"@type":"ImageObject","inLanguage":"en-US","@id":"https:\/\/alladixital.org\/en\/xxvi-dia-de-les-lletres-asturianes-teatru-campoamor-duvieu-vienres-6-de-mayu-20-h\/#primaryimage","url":"https:\/\/alladixital.org\/wp-content\/uploads\/2014\/05\/ALLA_2.jpg","contentUrl":"https:\/\/alladixital.org\/wp-content\/uploads\/2014\/05\/ALLA_2.jpg","width":385,"height":256},{"@type":"BreadcrumbList","@id":"https:\/\/alladixital.org\/en\/xxvi-dia-de-les-lletres-asturianes-teatru-campoamor-duvieu-vienres-6-de-mayu-20-h\/#breadcrumb","itemListElement":[{"@type":"ListItem","position":1,"name":"Portada","item":"https:\/\/alladixital.org\/"},{"@type":"ListItem","position":2,"name":"XXVI D\u00eda de les Lletres Asturianes. Teatru Campoamor d&#8217;Uvi\u00e9u. Vienres 6 de mayu, 20 h."}]},{"@type":"WebSite","@id":"https:\/\/alladixital.org\/#website","url":"https:\/\/alladixital.org\/","name":"Academia de la Llingua Asturiana","description":"ALLA","publisher":{"@id":"https:\/\/alladixital.org\/#organization"},"potentialAction":[{"@type":"SearchAction","target":{"@type":"EntryPoint","urlTemplate":"https:\/\/alladixital.org\/?s={search_term_string}"},"query-input":{"@type":"PropertyValueSpecification","valueRequired":true,"valueName":"search_term_string"}}],"inLanguage":"en-US"},{"@type":"Organization","@id":"https:\/\/alladixital.org\/#organization","name":"Academia de la Llingua Asturiana","url":"https:\/\/alladixital.org\/","logo":{"@type":"ImageObject","inLanguage":"en-US","@id":"https:\/\/alladixital.org\/#\/schema\/logo\/image\/","url":"https:\/\/alladixital.org\/wp-content\/uploads\/2022\/08\/logo_LLINGUA_280_V3.jpg","contentUrl":"https:\/\/alladixital.org\/wp-content\/uploads\/2022\/08\/logo_LLINGUA_280_V3.jpg","width":1064,"height":1096,"caption":"Academia de la Llingua Asturiana"},"image":{"@id":"https:\/\/alladixital.org\/#\/schema\/logo\/image\/"},"sameAs":["https:\/\/www.facebook.com\/AcademiadelaLlinguaAsturiana\/","https:\/\/x.com\/ALLA_ast"]},{"@type":"Person","@id":"https:\/\/alladixital.org\/#\/schema\/person\/656e0920ab4ffb58592f1439c950b1cc","name":"admin","image":{"@type":"ImageObject","inLanguage":"en-US","@id":"https:\/\/alladixital.org\/#\/schema\/person\/image\/","url":"https:\/\/secure.gravatar.com\/avatar\/c7cafab1c40b86a41f7dc1a5f47b543eabcdd3630903338f35932f4e47d657cb?s=96&d=mm&r=g","contentUrl":"https:\/\/secure.gravatar.com\/avatar\/c7cafab1c40b86a41f7dc1a5f47b543eabcdd3630903338f35932f4e47d657cb?s=96&d=mm&r=g","caption":"admin"},"url":"https:\/\/alladixital.org\/en\/author\/admin\/"}]}},"brizy_media":[],"_links":{"self":[{"href":"https:\/\/alladixital.org\/en\/wp-json\/wp\/v2\/posts\/5004","targetHints":{"allow":["GET"]}}],"collection":[{"href":"https:\/\/alladixital.org\/en\/wp-json\/wp\/v2\/posts"}],"about":[{"href":"https:\/\/alladixital.org\/en\/wp-json\/wp\/v2\/types\/post"}],"author":[{"embeddable":true,"href":"https:\/\/alladixital.org\/en\/wp-json\/wp\/v2\/users\/1"}],"replies":[{"embeddable":true,"href":"https:\/\/alladixital.org\/en\/wp-json\/wp\/v2\/comments?post=5004"}],"version-history":[{"count":0,"href":"https:\/\/alladixital.org\/en\/wp-json\/wp\/v2\/posts\/5004\/revisions"}],"wp:featuredmedia":[{"embeddable":true,"href":"https:\/\/alladixital.org\/en\/wp-json\/wp\/v2\/media\/3021"}],"wp:attachment":[{"href":"https:\/\/alladixital.org\/en\/wp-json\/wp\/v2\/media?parent=5004"}],"wp:term":[{"taxonomy":"category","embeddable":true,"href":"https:\/\/alladixital.org\/en\/wp-json\/wp\/v2\/categories?post=5004"},{"taxonomy":"post_tag","embeddable":true,"href":"https:\/\/alladixital.org\/en\/wp-json\/wp\/v2\/tags?post=5004"}],"curies":[{"name":"wp","href":"https:\/\/api.w.org\/{rel}","templated":true}]}}