{"id":22080,"date":"2023-04-28T14:22:06","date_gmt":"2023-04-28T12:22:06","guid":{"rendered":"https:\/\/alladixital.org\/?p=22080"},"modified":"2023-10-25T09:05:13","modified_gmt":"2023-10-25T07:05:13","slug":"proyeicion-del-documental-lourdes-alvarez-premiu-nacional-de-lliteratura-asturiana-2023","status":"publish","type":"post","link":"https:\/\/alladixital.org\/eon\/proyeicion-del-documental-lourdes-alvarez-premiu-nacional-de-lliteratura-asturiana-2023\/","title":{"rendered":"Proyeici\u00f3n del documental \u00abLourdes \u00c1lvarez. Premiu Nacional de Lliteratura Asturiana 2023\u00bb"},"content":{"rendered":"<p>Como parte de la reconocencia que se-y fai esti a\u00f1u a Lourdes \u00c1lvarez, que va recoyer el III Premiu Nacional de Lliteratura Asturiana nel actu del D\u00eda de les Lletres Asturianes esti vienres 5, nel Teatru Campoamor, l\u2019ALLA prepar\u00f3 una pieza audiovisual col env\u00eds d\u2019homenaxala y esparder el so llabor.<\/p>\n<p>El documental \u201cLourdes \u00c1lvarez. Premiu Nacional de Lliteratura Asturiana 2023\u201d ye una pieza curtia na qu\u2019otros escritores y espertos conocedores de la obra de la poeta d\u2019Urbi\u00e9s, percuerren los caminos de la so poes\u00eda, analizando la so carrera, les caracter\u00edstiques de la so po\u00e9tica y otros elementos como\u2019l so compromisu col asturianu.<\/p>\n<p>Ente los escritores que participen nel documental t\u00e1n los dos Premios Nacionales anteriores, Xuan Bello y Xuan Xos\u00e9 S\u00e1nchez Vicente, asina como Marta Mori, Roberto Gonz\u00e1lez Quevedo, Esther Prieto y l\u2019espertu en lliteratura asturiana Xos\u00e9 Ram\u00f3n Iglesias Cueva.<\/p>\n<p>Parte de la m\u00fasica del documental ye obra d\u2019Anabel Santiago, artista cola que tien collaborao en delles ocasiones Lourdes \u00c1lvarez, poniendo lletra a dalgunos cantares. Na pieza recu\u00e9yense tami\u00e9n semeyes de la vida personal y como escritora de l\u2019autora.<\/p>\n<p>El documental, que va tar disponible na canal de Youtube de l\u2019ALLA\u2019l mesmu D\u00eda de les Lletres Asturianes, va preestrenase esti martes, d\u00eda 2, a les diez y media de la ma\u00f1ana, con una proyeici\u00f3n nel llar de l\u2019Academia a la que ta previsto qu\u2019asista la so protagonista, Lourdes \u00c1lvarez.<br \/>\n<script><\/script><\/p>\n","protected":false},"excerpt":{"rendered":"<p>Como parte de la reconocencia que se-y fai esti a\u00f1u a Lourdes \u00c1lvarez, que va recoyer el III Premiu Nacional de Lliteratura Asturiana nel actu del D\u00eda de les Lletres &hellip; <\/p>\n<p class=\"link-more\"><a href=\"https:\/\/alladixital.org\/eon\/proyeicion-del-documental-lourdes-alvarez-premiu-nacional-de-lliteratura-asturiana-2023\/\" class=\"more-link\">Continue reading<span class=\"screen-reader-text\"> &#8220;Proyeici\u00f3n del documental \u00abLourdes \u00c1lvarez. Premiu Nacional de Lliteratura Asturiana 2023\u00bb&#8221;<\/span><\/a><\/p>\n","protected":false},"author":5,"featured_media":19086,"comment_status":"closed","ping_status":"closed","sticky":false,"template":"","format":"standard","meta":{"_acf_changed":false,"footnotes":""},"categories":[345],"tags":[],"class_list":["post-22080","post","type-post","status-publish","format-standard","has-post-thumbnail","hentry","category-uncategorized-eon"],"acf":[],"yoast_head":"<!-- This site is optimized with the Yoast SEO plugin v26.7 - https:\/\/yoast.com\/wordpress\/plugins\/seo\/ -->\n<title>Proyeici\u00f3n del documental \u00abLourdes \u00c1lvarez. Premiu Nacional de Lliteratura Asturiana 2023\u00bb - Academia de la Llingua Asturiana<\/title>\n<meta name=\"robots\" content=\"index, follow, max-snippet:-1, max-image-preview:large, max-video-preview:-1\" \/>\n<link rel=\"canonical\" href=\"https:\/\/alladixital.org\/eon\/proyeicion-del-documental-lourdes-alvarez-premiu-nacional-de-lliteratura-asturiana-2023\/\" \/>\n<meta property=\"og:locale\" content=\"eo_EO\" \/>\n<meta property=\"og:type\" content=\"article\" \/>\n<meta property=\"og:title\" content=\"Proyeici\u00f3n del documental \u00abLourdes \u00c1lvarez. Premiu Nacional de Lliteratura Asturiana 2023\u00bb - Academia de la Llingua Asturiana\" \/>\n<meta property=\"og:description\" content=\"Como parte de la reconocencia que se-y fai esti a\u00f1u a Lourdes \u00c1lvarez, que va recoyer el III Premiu Nacional de Lliteratura Asturiana nel actu del D\u00eda de les Lletres &hellip; Continue reading &quot;Proyeici\u00f3n del documental \u00abLourdes \u00c1lvarez. Premiu Nacional de Lliteratura Asturiana 2023\u00bb&quot;\" \/>\n<meta property=\"og:url\" content=\"https:\/\/alladixital.org\/eon\/proyeicion-del-documental-lourdes-alvarez-premiu-nacional-de-lliteratura-asturiana-2023\/\" \/>\n<meta property=\"og:site_name\" content=\"Academia de la Llingua Asturiana\" \/>\n<meta property=\"article:publisher\" content=\"https:\/\/www.facebook.com\/AcademiadelaLlinguaAsturiana\/\" \/>\n<meta property=\"article:published_time\" content=\"2023-04-28T12:22:06+00:00\" \/>\n<meta property=\"article:modified_time\" content=\"2023-10-25T07:05:13+00:00\" \/>\n<meta property=\"og:image\" content=\"https:\/\/alladixital.org\/wp-content\/uploads\/2023\/04\/Semeya-Lourdes-Autor-Fernando-Iglesias-1-scaled.jpg\" \/>\n\t<meta property=\"og:image:width\" content=\"1969\" \/>\n\t<meta property=\"og:image:height\" content=\"2560\" \/>\n\t<meta property=\"og:image:type\" content=\"image\/jpeg\" \/>\n<meta name=\"author\" content=\"infofuturo\" \/>\n<meta name=\"twitter:card\" content=\"summary_large_image\" \/>\n<meta name=\"twitter:creator\" content=\"@ALLA_ast\" \/>\n<meta name=\"twitter:site\" content=\"@ALLA_ast\" \/>\n<script type=\"application\/ld+json\" class=\"yoast-schema-graph\">{\"@context\":\"https:\/\/schema.org\",\"@graph\":[{\"@type\":\"Article\",\"@id\":\"https:\/\/alladixital.org\/eon\/proyeicion-del-documental-lourdes-alvarez-premiu-nacional-de-lliteratura-asturiana-2023\/#article\",\"isPartOf\":{\"@id\":\"https:\/\/alladixital.org\/eon\/proyeicion-del-documental-lourdes-alvarez-premiu-nacional-de-lliteratura-asturiana-2023\/\"},\"author\":{\"name\":\"infofuturo\",\"@id\":\"https:\/\/alladixital.org\/#\/schema\/person\/1b8ec4d1fc4db6cb1ac5a2bfdf87b3f4\"},\"headline\":\"Proyeici\u00f3n del documental \u00abLourdes \u00c1lvarez. Premiu Nacional de Lliteratura Asturiana 2023\u00bb\",\"datePublished\":\"2023-04-28T12:22:06+00:00\",\"dateModified\":\"2023-10-25T07:05:13+00:00\",\"mainEntityOfPage\":{\"@id\":\"https:\/\/alladixital.org\/eon\/proyeicion-del-documental-lourdes-alvarez-premiu-nacional-de-lliteratura-asturiana-2023\/\"},\"wordCount\":267,\"publisher\":{\"@id\":\"https:\/\/alladixital.org\/#organization\"},\"image\":{\"@id\":\"https:\/\/alladixital.org\/eon\/proyeicion-del-documental-lourdes-alvarez-premiu-nacional-de-lliteratura-asturiana-2023\/#primaryimage\"},\"thumbnailUrl\":\"https:\/\/alladixital.org\/wp-content\/uploads\/2023\/04\/Semeya-Lourdes-Autor-Fernando-Iglesias-1-scaled.jpg\",\"articleSection\":[\"Anuncios\"],\"inLanguage\":\"eon-EON\"},{\"@type\":\"WebPage\",\"@id\":\"https:\/\/alladixital.org\/eon\/proyeicion-del-documental-lourdes-alvarez-premiu-nacional-de-lliteratura-asturiana-2023\/\",\"url\":\"https:\/\/alladixital.org\/eon\/proyeicion-del-documental-lourdes-alvarez-premiu-nacional-de-lliteratura-asturiana-2023\/\",\"name\":\"Proyeici\u00f3n del documental \u00abLourdes \u00c1lvarez. Premiu Nacional de Lliteratura Asturiana 2023\u00bb - Academia de la Llingua Asturiana\",\"isPartOf\":{\"@id\":\"https:\/\/alladixital.org\/#website\"},\"primaryImageOfPage\":{\"@id\":\"https:\/\/alladixital.org\/eon\/proyeicion-del-documental-lourdes-alvarez-premiu-nacional-de-lliteratura-asturiana-2023\/#primaryimage\"},\"image\":{\"@id\":\"https:\/\/alladixital.org\/eon\/proyeicion-del-documental-lourdes-alvarez-premiu-nacional-de-lliteratura-asturiana-2023\/#primaryimage\"},\"thumbnailUrl\":\"https:\/\/alladixital.org\/wp-content\/uploads\/2023\/04\/Semeya-Lourdes-Autor-Fernando-Iglesias-1-scaled.jpg\",\"datePublished\":\"2023-04-28T12:22:06+00:00\",\"dateModified\":\"2023-10-25T07:05:13+00:00\",\"breadcrumb\":{\"@id\":\"https:\/\/alladixital.org\/eon\/proyeicion-del-documental-lourdes-alvarez-premiu-nacional-de-lliteratura-asturiana-2023\/#breadcrumb\"},\"inLanguage\":\"eon-EON\",\"potentialAction\":[{\"@type\":\"ReadAction\",\"target\":[\"https:\/\/alladixital.org\/eon\/proyeicion-del-documental-lourdes-alvarez-premiu-nacional-de-lliteratura-asturiana-2023\/\"]}]},{\"@type\":\"ImageObject\",\"inLanguage\":\"eon-EON\",\"@id\":\"https:\/\/alladixital.org\/eon\/proyeicion-del-documental-lourdes-alvarez-premiu-nacional-de-lliteratura-asturiana-2023\/#primaryimage\",\"url\":\"https:\/\/alladixital.org\/wp-content\/uploads\/2023\/04\/Semeya-Lourdes-Autor-Fernando-Iglesias-1-scaled.jpg\",\"contentUrl\":\"https:\/\/alladixital.org\/wp-content\/uploads\/2023\/04\/Semeya-Lourdes-Autor-Fernando-Iglesias-1-scaled.jpg\",\"width\":1969,\"height\":2560},{\"@type\":\"BreadcrumbList\",\"@id\":\"https:\/\/alladixital.org\/eon\/proyeicion-del-documental-lourdes-alvarez-premiu-nacional-de-lliteratura-asturiana-2023\/#breadcrumb\",\"itemListElement\":[{\"@type\":\"ListItem\",\"position\":1,\"name\":\"Portada\",\"item\":\"https:\/\/alladixital.org\/eon\/\"},{\"@type\":\"ListItem\",\"position\":2,\"name\":\"Proyeici\u00f3n del documental \u00abLourdes \u00c1lvarez. Premiu Nacional de Lliteratura Asturiana 2023\u00bb\"}]},{\"@type\":\"WebSite\",\"@id\":\"https:\/\/alladixital.org\/#website\",\"url\":\"https:\/\/alladixital.org\/\",\"name\":\"Academia de la Llingua Asturiana\",\"description\":\"ALLA\",\"publisher\":{\"@id\":\"https:\/\/alladixital.org\/#organization\"},\"potentialAction\":[{\"@type\":\"SearchAction\",\"target\":{\"@type\":\"EntryPoint\",\"urlTemplate\":\"https:\/\/alladixital.org\/?s={search_term_string}\"},\"query-input\":{\"@type\":\"PropertyValueSpecification\",\"valueRequired\":true,\"valueName\":\"search_term_string\"}}],\"inLanguage\":\"eon-EON\"},{\"@type\":\"Organization\",\"@id\":\"https:\/\/alladixital.org\/#organization\",\"name\":\"Academia de la Llingua Asturiana\",\"url\":\"https:\/\/alladixital.org\/\",\"logo\":{\"@type\":\"ImageObject\",\"inLanguage\":\"eon-EON\",\"@id\":\"https:\/\/alladixital.org\/#\/schema\/logo\/image\/\",\"url\":\"https:\/\/alladixital.org\/wp-content\/uploads\/2022\/08\/logo_LLINGUA_280_V3.jpg\",\"contentUrl\":\"https:\/\/alladixital.org\/wp-content\/uploads\/2022\/08\/logo_LLINGUA_280_V3.jpg\",\"width\":1064,\"height\":1096,\"caption\":\"Academia de la Llingua Asturiana\"},\"image\":{\"@id\":\"https:\/\/alladixital.org\/#\/schema\/logo\/image\/\"},\"sameAs\":[\"https:\/\/www.facebook.com\/AcademiadelaLlinguaAsturiana\/\",\"https:\/\/x.com\/ALLA_ast\"]},{\"@type\":\"Person\",\"@id\":\"https:\/\/alladixital.org\/#\/schema\/person\/1b8ec4d1fc4db6cb1ac5a2bfdf87b3f4\",\"name\":\"infofuturo\",\"image\":{\"@type\":\"ImageObject\",\"inLanguage\":\"eon-EON\",\"@id\":\"https:\/\/alladixital.org\/#\/schema\/person\/image\/\",\"url\":\"https:\/\/secure.gravatar.com\/avatar\/adfbd1599bdd5ec1a87033e301fb580d1ec07f15e78cc8db851aa671f95c1426?s=96&d=mm&r=g\",\"contentUrl\":\"https:\/\/secure.gravatar.com\/avatar\/adfbd1599bdd5ec1a87033e301fb580d1ec07f15e78cc8db851aa671f95c1426?s=96&d=mm&r=g\",\"caption\":\"infofuturo\"},\"url\":\"https:\/\/alladixital.org\/eon\/author\/infofuturo\/\"}]}<\/script>\n<!-- \/ Yoast SEO plugin. -->","yoast_head_json":{"title":"Proyeici\u00f3n del documental \u00abLourdes \u00c1lvarez. Premiu Nacional de Lliteratura Asturiana 2023\u00bb - Academia de la Llingua Asturiana","robots":{"index":"index","follow":"follow","max-snippet":"max-snippet:-1","max-image-preview":"max-image-preview:large","max-video-preview":"max-video-preview:-1"},"canonical":"https:\/\/alladixital.org\/eon\/proyeicion-del-documental-lourdes-alvarez-premiu-nacional-de-lliteratura-asturiana-2023\/","og_locale":"eo_EO","og_type":"article","og_title":"Proyeici\u00f3n del documental \u00abLourdes \u00c1lvarez. Premiu Nacional de Lliteratura Asturiana 2023\u00bb - Academia de la Llingua Asturiana","og_description":"Como parte de la reconocencia que se-y fai esti a\u00f1u a Lourdes \u00c1lvarez, que va recoyer el III Premiu Nacional de Lliteratura Asturiana nel actu del D\u00eda de les Lletres &hellip; Continue reading \"Proyeici\u00f3n del documental \u00abLourdes \u00c1lvarez. Premiu Nacional de Lliteratura Asturiana 2023\u00bb\"","og_url":"https:\/\/alladixital.org\/eon\/proyeicion-del-documental-lourdes-alvarez-premiu-nacional-de-lliteratura-asturiana-2023\/","og_site_name":"Academia de la Llingua Asturiana","article_publisher":"https:\/\/www.facebook.com\/AcademiadelaLlinguaAsturiana\/","article_published_time":"2023-04-28T12:22:06+00:00","article_modified_time":"2023-10-25T07:05:13+00:00","og_image":[{"width":1969,"height":2560,"url":"https:\/\/alladixital.org\/wp-content\/uploads\/2023\/04\/Semeya-Lourdes-Autor-Fernando-Iglesias-1-scaled.jpg","type":"image\/jpeg"}],"author":"infofuturo","twitter_card":"summary_large_image","twitter_creator":"@ALLA_ast","twitter_site":"@ALLA_ast","schema":{"@context":"https:\/\/schema.org","@graph":[{"@type":"Article","@id":"https:\/\/alladixital.org\/eon\/proyeicion-del-documental-lourdes-alvarez-premiu-nacional-de-lliteratura-asturiana-2023\/#article","isPartOf":{"@id":"https:\/\/alladixital.org\/eon\/proyeicion-del-documental-lourdes-alvarez-premiu-nacional-de-lliteratura-asturiana-2023\/"},"author":{"name":"infofuturo","@id":"https:\/\/alladixital.org\/#\/schema\/person\/1b8ec4d1fc4db6cb1ac5a2bfdf87b3f4"},"headline":"Proyeici\u00f3n del documental \u00abLourdes \u00c1lvarez. Premiu Nacional de Lliteratura Asturiana 2023\u00bb","datePublished":"2023-04-28T12:22:06+00:00","dateModified":"2023-10-25T07:05:13+00:00","mainEntityOfPage":{"@id":"https:\/\/alladixital.org\/eon\/proyeicion-del-documental-lourdes-alvarez-premiu-nacional-de-lliteratura-asturiana-2023\/"},"wordCount":267,"publisher":{"@id":"https:\/\/alladixital.org\/#organization"},"image":{"@id":"https:\/\/alladixital.org\/eon\/proyeicion-del-documental-lourdes-alvarez-premiu-nacional-de-lliteratura-asturiana-2023\/#primaryimage"},"thumbnailUrl":"https:\/\/alladixital.org\/wp-content\/uploads\/2023\/04\/Semeya-Lourdes-Autor-Fernando-Iglesias-1-scaled.jpg","articleSection":["Anuncios"],"inLanguage":"eon-EON"},{"@type":"WebPage","@id":"https:\/\/alladixital.org\/eon\/proyeicion-del-documental-lourdes-alvarez-premiu-nacional-de-lliteratura-asturiana-2023\/","url":"https:\/\/alladixital.org\/eon\/proyeicion-del-documental-lourdes-alvarez-premiu-nacional-de-lliteratura-asturiana-2023\/","name":"Proyeici\u00f3n del documental \u00abLourdes \u00c1lvarez. Premiu Nacional de Lliteratura Asturiana 2023\u00bb - Academia de la Llingua Asturiana","isPartOf":{"@id":"https:\/\/alladixital.org\/#website"},"primaryImageOfPage":{"@id":"https:\/\/alladixital.org\/eon\/proyeicion-del-documental-lourdes-alvarez-premiu-nacional-de-lliteratura-asturiana-2023\/#primaryimage"},"image":{"@id":"https:\/\/alladixital.org\/eon\/proyeicion-del-documental-lourdes-alvarez-premiu-nacional-de-lliteratura-asturiana-2023\/#primaryimage"},"thumbnailUrl":"https:\/\/alladixital.org\/wp-content\/uploads\/2023\/04\/Semeya-Lourdes-Autor-Fernando-Iglesias-1-scaled.jpg","datePublished":"2023-04-28T12:22:06+00:00","dateModified":"2023-10-25T07:05:13+00:00","breadcrumb":{"@id":"https:\/\/alladixital.org\/eon\/proyeicion-del-documental-lourdes-alvarez-premiu-nacional-de-lliteratura-asturiana-2023\/#breadcrumb"},"inLanguage":"eon-EON","potentialAction":[{"@type":"ReadAction","target":["https:\/\/alladixital.org\/eon\/proyeicion-del-documental-lourdes-alvarez-premiu-nacional-de-lliteratura-asturiana-2023\/"]}]},{"@type":"ImageObject","inLanguage":"eon-EON","@id":"https:\/\/alladixital.org\/eon\/proyeicion-del-documental-lourdes-alvarez-premiu-nacional-de-lliteratura-asturiana-2023\/#primaryimage","url":"https:\/\/alladixital.org\/wp-content\/uploads\/2023\/04\/Semeya-Lourdes-Autor-Fernando-Iglesias-1-scaled.jpg","contentUrl":"https:\/\/alladixital.org\/wp-content\/uploads\/2023\/04\/Semeya-Lourdes-Autor-Fernando-Iglesias-1-scaled.jpg","width":1969,"height":2560},{"@type":"BreadcrumbList","@id":"https:\/\/alladixital.org\/eon\/proyeicion-del-documental-lourdes-alvarez-premiu-nacional-de-lliteratura-asturiana-2023\/#breadcrumb","itemListElement":[{"@type":"ListItem","position":1,"name":"Portada","item":"https:\/\/alladixital.org\/eon\/"},{"@type":"ListItem","position":2,"name":"Proyeici\u00f3n del documental \u00abLourdes \u00c1lvarez. Premiu Nacional de Lliteratura Asturiana 2023\u00bb"}]},{"@type":"WebSite","@id":"https:\/\/alladixital.org\/#website","url":"https:\/\/alladixital.org\/","name":"Academia de la Llingua Asturiana","description":"ALLA","publisher":{"@id":"https:\/\/alladixital.org\/#organization"},"potentialAction":[{"@type":"SearchAction","target":{"@type":"EntryPoint","urlTemplate":"https:\/\/alladixital.org\/?s={search_term_string}"},"query-input":{"@type":"PropertyValueSpecification","valueRequired":true,"valueName":"search_term_string"}}],"inLanguage":"eon-EON"},{"@type":"Organization","@id":"https:\/\/alladixital.org\/#organization","name":"Academia de la Llingua Asturiana","url":"https:\/\/alladixital.org\/","logo":{"@type":"ImageObject","inLanguage":"eon-EON","@id":"https:\/\/alladixital.org\/#\/schema\/logo\/image\/","url":"https:\/\/alladixital.org\/wp-content\/uploads\/2022\/08\/logo_LLINGUA_280_V3.jpg","contentUrl":"https:\/\/alladixital.org\/wp-content\/uploads\/2022\/08\/logo_LLINGUA_280_V3.jpg","width":1064,"height":1096,"caption":"Academia de la Llingua Asturiana"},"image":{"@id":"https:\/\/alladixital.org\/#\/schema\/logo\/image\/"},"sameAs":["https:\/\/www.facebook.com\/AcademiadelaLlinguaAsturiana\/","https:\/\/x.com\/ALLA_ast"]},{"@type":"Person","@id":"https:\/\/alladixital.org\/#\/schema\/person\/1b8ec4d1fc4db6cb1ac5a2bfdf87b3f4","name":"infofuturo","image":{"@type":"ImageObject","inLanguage":"eon-EON","@id":"https:\/\/alladixital.org\/#\/schema\/person\/image\/","url":"https:\/\/secure.gravatar.com\/avatar\/adfbd1599bdd5ec1a87033e301fb580d1ec07f15e78cc8db851aa671f95c1426?s=96&d=mm&r=g","contentUrl":"https:\/\/secure.gravatar.com\/avatar\/adfbd1599bdd5ec1a87033e301fb580d1ec07f15e78cc8db851aa671f95c1426?s=96&d=mm&r=g","caption":"infofuturo"},"url":"https:\/\/alladixital.org\/eon\/author\/infofuturo\/"}]}},"brizy_media":[],"_links":{"self":[{"href":"https:\/\/alladixital.org\/eon\/wp-json\/wp\/v2\/posts\/22080","targetHints":{"allow":["GET"]}}],"collection":[{"href":"https:\/\/alladixital.org\/eon\/wp-json\/wp\/v2\/posts"}],"about":[{"href":"https:\/\/alladixital.org\/eon\/wp-json\/wp\/v2\/types\/post"}],"author":[{"embeddable":true,"href":"https:\/\/alladixital.org\/eon\/wp-json\/wp\/v2\/users\/5"}],"replies":[{"embeddable":true,"href":"https:\/\/alladixital.org\/eon\/wp-json\/wp\/v2\/comments?post=22080"}],"version-history":[{"count":0,"href":"https:\/\/alladixital.org\/eon\/wp-json\/wp\/v2\/posts\/22080\/revisions"}],"wp:featuredmedia":[{"embeddable":true,"href":"https:\/\/alladixital.org\/eon\/wp-json\/wp\/v2\/media\/19086"}],"wp:attachment":[{"href":"https:\/\/alladixital.org\/eon\/wp-json\/wp\/v2\/media?parent=22080"}],"wp:term":[{"taxonomy":"category","embeddable":true,"href":"https:\/\/alladixital.org\/eon\/wp-json\/wp\/v2\/categories?post=22080"},{"taxonomy":"post_tag","embeddable":true,"href":"https:\/\/alladixital.org\/eon\/wp-json\/wp\/v2\/tags?post=22080"}],"curies":[{"name":"wp","href":"https:\/\/api.w.org\/{rel}","templated":true}]}}