{"id":22090,"date":"2023-03-02T17:02:40","date_gmt":"2023-03-02T16:02:40","guid":{"rendered":"https:\/\/alladixital.org\/?p=22090"},"modified":"2023-10-25T09:09:12","modified_gmt":"2023-10-25T07:09:12","slug":"abiertul-plazu-pa-presentar-comunicaciones-xli-xornaes-internacionales-destudiu","status":"publish","type":"post","link":"https:\/\/alladixital.org\/eon\/abiertul-plazu-pa-presentar-comunicaciones-xli-xornaes-internacionales-destudiu\/","title":{"rendered":"Abiertu&#8217;l plazu pa presentar comunicaciones &#8211; XLI Xornaes Internacionales d&#8217;Estudiu"},"content":{"rendered":"<p>Pr\u00e9stanos anunciar que les \u00abXLI Xornaes Internacionales d\u2019Estudiu\u00bb van tener llugar n\u2019Uvi\u00e9u los d\u00edes 7, 8 y 9 del mes de payares d\u2019esti a\u00f1u 2023. Nesi sen, queremos tami\u00e9n informar de que <strong>y\u00e1 ta abiertu\u2019l plazu pa unviar propuestes de comunicaciones<\/strong>. Pa poder presentar una propuesta ha remitinos, a informacion@alladixital.org, el t\u00edtulu de la mesma xunto a un resume, de 200 a 300 pallabres, onde se conse\u00f1en los oxetivos, el desarrollu\u00a0 y unes referencies bibliogr\u00e1fiques. El d\u00eda 26 d\u2019abril de 2023 ta previsto zarrar la receici\u00f3n de propuestes y, enantes del mes de xunu, anunciar les comunicaciones aceutaes y el so allugamientu dientro del programa.<br \/>\n<script><\/script><\/p>\n","protected":false},"excerpt":{"rendered":"<p>Pr\u00e9stanos anunciar que les \u00abXLI Xornaes Internacionales d\u2019Estudiu\u00bb van tener llugar n\u2019Uvi\u00e9u los d\u00edes 7, 8 y 9 del mes de payares d\u2019esti a\u00f1u 2023. Nesi sen, queremos tami\u00e9n informar &hellip; <\/p>\n<p class=\"link-more\"><a href=\"https:\/\/alladixital.org\/eon\/abiertul-plazu-pa-presentar-comunicaciones-xli-xornaes-internacionales-destudiu\/\" class=\"more-link\">Continue reading<span class=\"screen-reader-text\"> &#8220;Abiertu&#8217;l plazu pa presentar comunicaciones &#8211; XLI Xornaes Internacionales d&#8217;Estudiu&#8221;<\/span><\/a><\/p>\n","protected":false},"author":5,"featured_media":10433,"comment_status":"closed","ping_status":"closed","sticky":false,"template":"","format":"standard","meta":{"_acf_changed":false,"footnotes":""},"categories":[345],"tags":[],"class_list":["post-22090","post","type-post","status-publish","format-standard","has-post-thumbnail","hentry","category-uncategorized-eon"],"acf":[],"yoast_head":"<!-- This site is optimized with the Yoast SEO plugin v26.7 - https:\/\/yoast.com\/wordpress\/plugins\/seo\/ -->\n<title>Abiertu&#039;l plazu pa presentar comunicaciones - XLI Xornaes Internacionales d&#039;Estudiu - Academia de la Llingua Asturiana<\/title>\n<meta name=\"robots\" content=\"index, follow, max-snippet:-1, max-image-preview:large, max-video-preview:-1\" \/>\n<link rel=\"canonical\" href=\"https:\/\/alladixital.org\/eon\/abiertul-plazu-pa-presentar-comunicaciones-xli-xornaes-internacionales-destudiu\/\" \/>\n<meta property=\"og:locale\" content=\"eo_EO\" \/>\n<meta property=\"og:type\" content=\"article\" \/>\n<meta property=\"og:title\" content=\"Abiertu&#039;l plazu pa presentar comunicaciones - XLI Xornaes Internacionales d&#039;Estudiu - Academia de la Llingua Asturiana\" \/>\n<meta property=\"og:description\" content=\"Pr\u00e9stanos anunciar que les \u00abXLI Xornaes Internacionales d\u2019Estudiu\u00bb van tener llugar n\u2019Uvi\u00e9u los d\u00edes 7, 8 y 9 del mes de payares d\u2019esti a\u00f1u 2023. Nesi sen, queremos tami\u00e9n informar &hellip; Continue reading &quot;Abiertu&#8217;l plazu pa presentar comunicaciones &#8211; XLI Xornaes Internacionales d&#8217;Estudiu&quot;\" \/>\n<meta property=\"og:url\" content=\"https:\/\/alladixital.org\/eon\/abiertul-plazu-pa-presentar-comunicaciones-xli-xornaes-internacionales-destudiu\/\" \/>\n<meta property=\"og:site_name\" content=\"Academia de la Llingua Asturiana\" \/>\n<meta property=\"article:publisher\" content=\"https:\/\/www.facebook.com\/AcademiadelaLlinguaAsturiana\/\" \/>\n<meta property=\"article:published_time\" content=\"2023-03-02T16:02:40+00:00\" \/>\n<meta property=\"article:modified_time\" content=\"2023-10-25T07:09:12+00:00\" \/>\n<meta property=\"og:image\" content=\"https:\/\/alladixital.org\/wp-content\/uploads\/2022\/12\/Rellaciones-institucionales-Banner-scaled.jpg\" \/>\n\t<meta property=\"og:image:width\" content=\"2560\" \/>\n\t<meta property=\"og:image:height\" content=\"1485\" \/>\n\t<meta property=\"og:image:type\" content=\"image\/jpeg\" \/>\n<meta name=\"author\" content=\"infofuturo\" \/>\n<meta name=\"twitter:card\" content=\"summary_large_image\" \/>\n<meta name=\"twitter:creator\" content=\"@ALLA_ast\" \/>\n<meta name=\"twitter:site\" content=\"@ALLA_ast\" \/>\n<script type=\"application\/ld+json\" class=\"yoast-schema-graph\">{\"@context\":\"https:\/\/schema.org\",\"@graph\":[{\"@type\":\"Article\",\"@id\":\"https:\/\/alladixital.org\/eon\/abiertul-plazu-pa-presentar-comunicaciones-xli-xornaes-internacionales-destudiu\/#article\",\"isPartOf\":{\"@id\":\"https:\/\/alladixital.org\/eon\/abiertul-plazu-pa-presentar-comunicaciones-xli-xornaes-internacionales-destudiu\/\"},\"author\":{\"name\":\"infofuturo\",\"@id\":\"https:\/\/alladixital.org\/#\/schema\/person\/1b8ec4d1fc4db6cb1ac5a2bfdf87b3f4\"},\"headline\":\"Abiertu&#8217;l plazu pa presentar comunicaciones &#8211; XLI Xornaes Internacionales d&#8217;Estudiu\",\"datePublished\":\"2023-03-02T16:02:40+00:00\",\"dateModified\":\"2023-10-25T07:09:12+00:00\",\"mainEntityOfPage\":{\"@id\":\"https:\/\/alladixital.org\/eon\/abiertul-plazu-pa-presentar-comunicaciones-xli-xornaes-internacionales-destudiu\/\"},\"wordCount\":126,\"publisher\":{\"@id\":\"https:\/\/alladixital.org\/#organization\"},\"image\":{\"@id\":\"https:\/\/alladixital.org\/eon\/abiertul-plazu-pa-presentar-comunicaciones-xli-xornaes-internacionales-destudiu\/#primaryimage\"},\"thumbnailUrl\":\"https:\/\/alladixital.org\/wp-content\/uploads\/2022\/12\/Rellaciones-institucionales-Banner-scaled.jpg\",\"articleSection\":[\"Anuncios\"],\"inLanguage\":\"eon-EON\"},{\"@type\":\"WebPage\",\"@id\":\"https:\/\/alladixital.org\/eon\/abiertul-plazu-pa-presentar-comunicaciones-xli-xornaes-internacionales-destudiu\/\",\"url\":\"https:\/\/alladixital.org\/eon\/abiertul-plazu-pa-presentar-comunicaciones-xli-xornaes-internacionales-destudiu\/\",\"name\":\"Abiertu'l plazu pa presentar comunicaciones - XLI Xornaes Internacionales d'Estudiu - Academia de la Llingua Asturiana\",\"isPartOf\":{\"@id\":\"https:\/\/alladixital.org\/#website\"},\"primaryImageOfPage\":{\"@id\":\"https:\/\/alladixital.org\/eon\/abiertul-plazu-pa-presentar-comunicaciones-xli-xornaes-internacionales-destudiu\/#primaryimage\"},\"image\":{\"@id\":\"https:\/\/alladixital.org\/eon\/abiertul-plazu-pa-presentar-comunicaciones-xli-xornaes-internacionales-destudiu\/#primaryimage\"},\"thumbnailUrl\":\"https:\/\/alladixital.org\/wp-content\/uploads\/2022\/12\/Rellaciones-institucionales-Banner-scaled.jpg\",\"datePublished\":\"2023-03-02T16:02:40+00:00\",\"dateModified\":\"2023-10-25T07:09:12+00:00\",\"breadcrumb\":{\"@id\":\"https:\/\/alladixital.org\/eon\/abiertul-plazu-pa-presentar-comunicaciones-xli-xornaes-internacionales-destudiu\/#breadcrumb\"},\"inLanguage\":\"eon-EON\",\"potentialAction\":[{\"@type\":\"ReadAction\",\"target\":[\"https:\/\/alladixital.org\/eon\/abiertul-plazu-pa-presentar-comunicaciones-xli-xornaes-internacionales-destudiu\/\"]}]},{\"@type\":\"ImageObject\",\"inLanguage\":\"eon-EON\",\"@id\":\"https:\/\/alladixital.org\/eon\/abiertul-plazu-pa-presentar-comunicaciones-xli-xornaes-internacionales-destudiu\/#primaryimage\",\"url\":\"https:\/\/alladixital.org\/wp-content\/uploads\/2022\/12\/Rellaciones-institucionales-Banner-scaled.jpg\",\"contentUrl\":\"https:\/\/alladixital.org\/wp-content\/uploads\/2022\/12\/Rellaciones-institucionales-Banner-scaled.jpg\",\"width\":2560,\"height\":1485},{\"@type\":\"BreadcrumbList\",\"@id\":\"https:\/\/alladixital.org\/eon\/abiertul-plazu-pa-presentar-comunicaciones-xli-xornaes-internacionales-destudiu\/#breadcrumb\",\"itemListElement\":[{\"@type\":\"ListItem\",\"position\":1,\"name\":\"Portada\",\"item\":\"https:\/\/alladixital.org\/eon\/\"},{\"@type\":\"ListItem\",\"position\":2,\"name\":\"Abiertu&#8217;l plazu pa presentar comunicaciones &#8211; XLI Xornaes Internacionales d&#8217;Estudiu\"}]},{\"@type\":\"WebSite\",\"@id\":\"https:\/\/alladixital.org\/#website\",\"url\":\"https:\/\/alladixital.org\/\",\"name\":\"Academia de la Llingua Asturiana\",\"description\":\"ALLA\",\"publisher\":{\"@id\":\"https:\/\/alladixital.org\/#organization\"},\"potentialAction\":[{\"@type\":\"SearchAction\",\"target\":{\"@type\":\"EntryPoint\",\"urlTemplate\":\"https:\/\/alladixital.org\/?s={search_term_string}\"},\"query-input\":{\"@type\":\"PropertyValueSpecification\",\"valueRequired\":true,\"valueName\":\"search_term_string\"}}],\"inLanguage\":\"eon-EON\"},{\"@type\":\"Organization\",\"@id\":\"https:\/\/alladixital.org\/#organization\",\"name\":\"Academia de la Llingua Asturiana\",\"url\":\"https:\/\/alladixital.org\/\",\"logo\":{\"@type\":\"ImageObject\",\"inLanguage\":\"eon-EON\",\"@id\":\"https:\/\/alladixital.org\/#\/schema\/logo\/image\/\",\"url\":\"https:\/\/alladixital.org\/wp-content\/uploads\/2022\/08\/logo_LLINGUA_280_V3.jpg\",\"contentUrl\":\"https:\/\/alladixital.org\/wp-content\/uploads\/2022\/08\/logo_LLINGUA_280_V3.jpg\",\"width\":1064,\"height\":1096,\"caption\":\"Academia de la Llingua Asturiana\"},\"image\":{\"@id\":\"https:\/\/alladixital.org\/#\/schema\/logo\/image\/\"},\"sameAs\":[\"https:\/\/www.facebook.com\/AcademiadelaLlinguaAsturiana\/\",\"https:\/\/x.com\/ALLA_ast\"]},{\"@type\":\"Person\",\"@id\":\"https:\/\/alladixital.org\/#\/schema\/person\/1b8ec4d1fc4db6cb1ac5a2bfdf87b3f4\",\"name\":\"infofuturo\",\"image\":{\"@type\":\"ImageObject\",\"inLanguage\":\"eon-EON\",\"@id\":\"https:\/\/alladixital.org\/#\/schema\/person\/image\/\",\"url\":\"https:\/\/secure.gravatar.com\/avatar\/adfbd1599bdd5ec1a87033e301fb580d1ec07f15e78cc8db851aa671f95c1426?s=96&d=mm&r=g\",\"contentUrl\":\"https:\/\/secure.gravatar.com\/avatar\/adfbd1599bdd5ec1a87033e301fb580d1ec07f15e78cc8db851aa671f95c1426?s=96&d=mm&r=g\",\"caption\":\"infofuturo\"},\"url\":\"https:\/\/alladixital.org\/eon\/author\/infofuturo\/\"}]}<\/script>\n<!-- \/ Yoast SEO plugin. -->","yoast_head_json":{"title":"Abiertu'l plazu pa presentar comunicaciones - XLI Xornaes Internacionales d'Estudiu - Academia de la Llingua Asturiana","robots":{"index":"index","follow":"follow","max-snippet":"max-snippet:-1","max-image-preview":"max-image-preview:large","max-video-preview":"max-video-preview:-1"},"canonical":"https:\/\/alladixital.org\/eon\/abiertul-plazu-pa-presentar-comunicaciones-xli-xornaes-internacionales-destudiu\/","og_locale":"eo_EO","og_type":"article","og_title":"Abiertu'l plazu pa presentar comunicaciones - XLI Xornaes Internacionales d'Estudiu - Academia de la Llingua Asturiana","og_description":"Pr\u00e9stanos anunciar que les \u00abXLI Xornaes Internacionales d\u2019Estudiu\u00bb van tener llugar n\u2019Uvi\u00e9u los d\u00edes 7, 8 y 9 del mes de payares d\u2019esti a\u00f1u 2023. Nesi sen, queremos tami\u00e9n informar &hellip; Continue reading \"Abiertu&#8217;l plazu pa presentar comunicaciones &#8211; XLI Xornaes Internacionales d&#8217;Estudiu\"","og_url":"https:\/\/alladixital.org\/eon\/abiertul-plazu-pa-presentar-comunicaciones-xli-xornaes-internacionales-destudiu\/","og_site_name":"Academia de la Llingua Asturiana","article_publisher":"https:\/\/www.facebook.com\/AcademiadelaLlinguaAsturiana\/","article_published_time":"2023-03-02T16:02:40+00:00","article_modified_time":"2023-10-25T07:09:12+00:00","og_image":[{"width":2560,"height":1485,"url":"https:\/\/alladixital.org\/wp-content\/uploads\/2022\/12\/Rellaciones-institucionales-Banner-scaled.jpg","type":"image\/jpeg"}],"author":"infofuturo","twitter_card":"summary_large_image","twitter_creator":"@ALLA_ast","twitter_site":"@ALLA_ast","schema":{"@context":"https:\/\/schema.org","@graph":[{"@type":"Article","@id":"https:\/\/alladixital.org\/eon\/abiertul-plazu-pa-presentar-comunicaciones-xli-xornaes-internacionales-destudiu\/#article","isPartOf":{"@id":"https:\/\/alladixital.org\/eon\/abiertul-plazu-pa-presentar-comunicaciones-xli-xornaes-internacionales-destudiu\/"},"author":{"name":"infofuturo","@id":"https:\/\/alladixital.org\/#\/schema\/person\/1b8ec4d1fc4db6cb1ac5a2bfdf87b3f4"},"headline":"Abiertu&#8217;l plazu pa presentar comunicaciones &#8211; XLI Xornaes Internacionales d&#8217;Estudiu","datePublished":"2023-03-02T16:02:40+00:00","dateModified":"2023-10-25T07:09:12+00:00","mainEntityOfPage":{"@id":"https:\/\/alladixital.org\/eon\/abiertul-plazu-pa-presentar-comunicaciones-xli-xornaes-internacionales-destudiu\/"},"wordCount":126,"publisher":{"@id":"https:\/\/alladixital.org\/#organization"},"image":{"@id":"https:\/\/alladixital.org\/eon\/abiertul-plazu-pa-presentar-comunicaciones-xli-xornaes-internacionales-destudiu\/#primaryimage"},"thumbnailUrl":"https:\/\/alladixital.org\/wp-content\/uploads\/2022\/12\/Rellaciones-institucionales-Banner-scaled.jpg","articleSection":["Anuncios"],"inLanguage":"eon-EON"},{"@type":"WebPage","@id":"https:\/\/alladixital.org\/eon\/abiertul-plazu-pa-presentar-comunicaciones-xli-xornaes-internacionales-destudiu\/","url":"https:\/\/alladixital.org\/eon\/abiertul-plazu-pa-presentar-comunicaciones-xli-xornaes-internacionales-destudiu\/","name":"Abiertu'l plazu pa presentar comunicaciones - XLI Xornaes Internacionales d'Estudiu - Academia de la Llingua Asturiana","isPartOf":{"@id":"https:\/\/alladixital.org\/#website"},"primaryImageOfPage":{"@id":"https:\/\/alladixital.org\/eon\/abiertul-plazu-pa-presentar-comunicaciones-xli-xornaes-internacionales-destudiu\/#primaryimage"},"image":{"@id":"https:\/\/alladixital.org\/eon\/abiertul-plazu-pa-presentar-comunicaciones-xli-xornaes-internacionales-destudiu\/#primaryimage"},"thumbnailUrl":"https:\/\/alladixital.org\/wp-content\/uploads\/2022\/12\/Rellaciones-institucionales-Banner-scaled.jpg","datePublished":"2023-03-02T16:02:40+00:00","dateModified":"2023-10-25T07:09:12+00:00","breadcrumb":{"@id":"https:\/\/alladixital.org\/eon\/abiertul-plazu-pa-presentar-comunicaciones-xli-xornaes-internacionales-destudiu\/#breadcrumb"},"inLanguage":"eon-EON","potentialAction":[{"@type":"ReadAction","target":["https:\/\/alladixital.org\/eon\/abiertul-plazu-pa-presentar-comunicaciones-xli-xornaes-internacionales-destudiu\/"]}]},{"@type":"ImageObject","inLanguage":"eon-EON","@id":"https:\/\/alladixital.org\/eon\/abiertul-plazu-pa-presentar-comunicaciones-xli-xornaes-internacionales-destudiu\/#primaryimage","url":"https:\/\/alladixital.org\/wp-content\/uploads\/2022\/12\/Rellaciones-institucionales-Banner-scaled.jpg","contentUrl":"https:\/\/alladixital.org\/wp-content\/uploads\/2022\/12\/Rellaciones-institucionales-Banner-scaled.jpg","width":2560,"height":1485},{"@type":"BreadcrumbList","@id":"https:\/\/alladixital.org\/eon\/abiertul-plazu-pa-presentar-comunicaciones-xli-xornaes-internacionales-destudiu\/#breadcrumb","itemListElement":[{"@type":"ListItem","position":1,"name":"Portada","item":"https:\/\/alladixital.org\/eon\/"},{"@type":"ListItem","position":2,"name":"Abiertu&#8217;l plazu pa presentar comunicaciones &#8211; XLI Xornaes Internacionales d&#8217;Estudiu"}]},{"@type":"WebSite","@id":"https:\/\/alladixital.org\/#website","url":"https:\/\/alladixital.org\/","name":"Academia de la Llingua Asturiana","description":"ALLA","publisher":{"@id":"https:\/\/alladixital.org\/#organization"},"potentialAction":[{"@type":"SearchAction","target":{"@type":"EntryPoint","urlTemplate":"https:\/\/alladixital.org\/?s={search_term_string}"},"query-input":{"@type":"PropertyValueSpecification","valueRequired":true,"valueName":"search_term_string"}}],"inLanguage":"eon-EON"},{"@type":"Organization","@id":"https:\/\/alladixital.org\/#organization","name":"Academia de la Llingua Asturiana","url":"https:\/\/alladixital.org\/","logo":{"@type":"ImageObject","inLanguage":"eon-EON","@id":"https:\/\/alladixital.org\/#\/schema\/logo\/image\/","url":"https:\/\/alladixital.org\/wp-content\/uploads\/2022\/08\/logo_LLINGUA_280_V3.jpg","contentUrl":"https:\/\/alladixital.org\/wp-content\/uploads\/2022\/08\/logo_LLINGUA_280_V3.jpg","width":1064,"height":1096,"caption":"Academia de la Llingua Asturiana"},"image":{"@id":"https:\/\/alladixital.org\/#\/schema\/logo\/image\/"},"sameAs":["https:\/\/www.facebook.com\/AcademiadelaLlinguaAsturiana\/","https:\/\/x.com\/ALLA_ast"]},{"@type":"Person","@id":"https:\/\/alladixital.org\/#\/schema\/person\/1b8ec4d1fc4db6cb1ac5a2bfdf87b3f4","name":"infofuturo","image":{"@type":"ImageObject","inLanguage":"eon-EON","@id":"https:\/\/alladixital.org\/#\/schema\/person\/image\/","url":"https:\/\/secure.gravatar.com\/avatar\/adfbd1599bdd5ec1a87033e301fb580d1ec07f15e78cc8db851aa671f95c1426?s=96&d=mm&r=g","contentUrl":"https:\/\/secure.gravatar.com\/avatar\/adfbd1599bdd5ec1a87033e301fb580d1ec07f15e78cc8db851aa671f95c1426?s=96&d=mm&r=g","caption":"infofuturo"},"url":"https:\/\/alladixital.org\/eon\/author\/infofuturo\/"}]}},"brizy_media":[],"_links":{"self":[{"href":"https:\/\/alladixital.org\/eon\/wp-json\/wp\/v2\/posts\/22090","targetHints":{"allow":["GET"]}}],"collection":[{"href":"https:\/\/alladixital.org\/eon\/wp-json\/wp\/v2\/posts"}],"about":[{"href":"https:\/\/alladixital.org\/eon\/wp-json\/wp\/v2\/types\/post"}],"author":[{"embeddable":true,"href":"https:\/\/alladixital.org\/eon\/wp-json\/wp\/v2\/users\/5"}],"replies":[{"embeddable":true,"href":"https:\/\/alladixital.org\/eon\/wp-json\/wp\/v2\/comments?post=22090"}],"version-history":[{"count":0,"href":"https:\/\/alladixital.org\/eon\/wp-json\/wp\/v2\/posts\/22090\/revisions"}],"wp:featuredmedia":[{"embeddable":true,"href":"https:\/\/alladixital.org\/eon\/wp-json\/wp\/v2\/media\/10433"}],"wp:attachment":[{"href":"https:\/\/alladixital.org\/eon\/wp-json\/wp\/v2\/media?parent=22090"}],"wp:term":[{"taxonomy":"category","embeddable":true,"href":"https:\/\/alladixital.org\/eon\/wp-json\/wp\/v2\/categories?post=22090"},{"taxonomy":"post_tag","embeddable":true,"href":"https:\/\/alladixital.org\/eon\/wp-json\/wp\/v2\/tags?post=22090"}],"curies":[{"name":"wp","href":"https:\/\/api.w.org\/{rel}","templated":true}]}}