{"id":22092,"date":"2023-02-24T13:17:20","date_gmt":"2023-02-24T12:17:20","guid":{"rendered":"https:\/\/alladixital.org\/?p=22092"},"modified":"2023-10-25T09:11:06","modified_gmt":"2023-10-25T07:11:06","slug":"presentacion-del-avance-de-resultaos-del-estudiu-conocimientu-del-asturianu-nos-ambitos-urbanos","status":"publish","type":"post","link":"https:\/\/alladixital.org\/eon\/presentacion-del-avance-de-resultaos-del-estudiu-conocimientu-del-asturianu-nos-ambitos-urbanos\/","title":{"rendered":"Presentaci\u00f3n del avance de resultaos del estudiu \u00abConocimientu del asturianu nos \u00e1mbitos urbanos\u00bb"},"content":{"rendered":"<p style=\"text-align: left;\">El pr\u00f3ximu martes, 28 de febreru, a les 12 h, nel llar de l\u2019Academia de la Llingua Asturiana (c\/ L\u2019\u00c1guila, 10), va presentase\u2019l result\u00e1u d\u2019un estudiu\u00a0 sociolling\u00fc\u00edsticu que toma como referencia\u2019l conocimientu real del asturianu na poblaci\u00f3n urbano de les 3 ciudaes m\u00e1s importantes d\u2019Asturies: Uvi\u00e9u, Xix\u00f3n y Avil\u00e9s.<\/p>\n<p style=\"text-align: left;\">Tr\u00e1tase d\u2019una investigaci\u00f3n complexa ya in\u00e9dita, darr\u00e9u que, m\u00e1s all\u00e1 de la opini\u00f3n de la xente, ta centrada nel an\u00e1lisis del nivel d\u2019habilid\u00e1 lling\u00fc\u00edstica de la poblaci\u00f3n adulto nos noyos urbanos m\u00e1s importantes d\u2019Asturies. El gran inter\u00e9s de los resultaos ruempe, dende llueu, cola creyencia, enxam\u00e1s demostrada, de que\u2019l conocimientu del asturianu taba arrequex\u00e1u nos contestos m\u00e1s rurales y aisllaos d\u2019Asturies. Les implicaciones del estudiu resulten evidentes a la hora de plantegar una pol\u00edtica lling\u00fc\u00edstica rigurosa, realista y axustada a la real situaci\u00f3n sociolling\u00fc\u00edstica de la nuesa comunid\u00e1.<\/p>\n<p style=\"text-align: left;\">Na presentaci\u00f3n van participar Xos\u00e9 Ant\u00f3n Gonz\u00e1lez Ria\u00f1o (Presidente de l\u2019Academia de la Llingua Asturiana) y Francisco Llera Ramo (Caderalgu de Sociolox\u00eda y autor del informe).<\/p>\n<p><script><\/script><\/p>\n","protected":false},"excerpt":{"rendered":"<p>El pr\u00f3ximu martes, 28 de febreru, a les 12 h, nel llar de l\u2019Academia de la Llingua Asturiana (c\/ L\u2019\u00c1guila, 10), va presentase\u2019l result\u00e1u d\u2019un estudiu\u00a0 sociolling\u00fc\u00edsticu que toma como &hellip; <\/p>\n<p class=\"link-more\"><a href=\"https:\/\/alladixital.org\/eon\/presentacion-del-avance-de-resultaos-del-estudiu-conocimientu-del-asturianu-nos-ambitos-urbanos\/\" class=\"more-link\">Continue reading<span class=\"screen-reader-text\"> &#8220;Presentaci\u00f3n del avance de resultaos del estudiu \u00abConocimientu del asturianu nos \u00e1mbitos urbanos\u00bb&#8221;<\/span><\/a><\/p>\n","protected":false},"author":5,"featured_media":17564,"comment_status":"closed","ping_status":"closed","sticky":false,"template":"","format":"standard","meta":{"_acf_changed":false,"footnotes":""},"categories":[345],"tags":[],"class_list":["post-22092","post","type-post","status-publish","format-standard","has-post-thumbnail","hentry","category-uncategorized-eon"],"acf":[],"yoast_head":"<!-- This site is optimized with the Yoast SEO plugin v26.7 - https:\/\/yoast.com\/wordpress\/plugins\/seo\/ -->\n<title>Presentaci\u00f3n del avance de resultaos del estudiu \u00abConocimientu del asturianu nos \u00e1mbitos urbanos\u00bb - Academia de la Llingua Asturiana<\/title>\n<meta name=\"robots\" content=\"index, follow, max-snippet:-1, max-image-preview:large, max-video-preview:-1\" \/>\n<link rel=\"canonical\" href=\"https:\/\/alladixital.org\/eon\/presentacion-del-avance-de-resultaos-del-estudiu-conocimientu-del-asturianu-nos-ambitos-urbanos\/\" \/>\n<meta property=\"og:locale\" content=\"eo_EO\" \/>\n<meta property=\"og:type\" content=\"article\" \/>\n<meta property=\"og:title\" content=\"Presentaci\u00f3n del avance de resultaos del estudiu \u00abConocimientu del asturianu nos \u00e1mbitos urbanos\u00bb - Academia de la Llingua Asturiana\" \/>\n<meta property=\"og:description\" content=\"El pr\u00f3ximu martes, 28 de febreru, a les 12 h, nel llar de l\u2019Academia de la Llingua Asturiana (c\/ L\u2019\u00c1guila, 10), va presentase\u2019l result\u00e1u d\u2019un estudiu\u00a0 sociolling\u00fc\u00edsticu que toma como &hellip; Continue reading &quot;Presentaci\u00f3n del avance de resultaos del estudiu \u00abConocimientu del asturianu nos \u00e1mbitos urbanos\u00bb&quot;\" \/>\n<meta property=\"og:url\" content=\"https:\/\/alladixital.org\/eon\/presentacion-del-avance-de-resultaos-del-estudiu-conocimientu-del-asturianu-nos-ambitos-urbanos\/\" \/>\n<meta property=\"og:site_name\" content=\"Academia de la Llingua Asturiana\" \/>\n<meta property=\"article:publisher\" content=\"https:\/\/www.facebook.com\/AcademiadelaLlinguaAsturiana\/\" \/>\n<meta property=\"article:published_time\" content=\"2023-02-24T12:17:20+00:00\" \/>\n<meta property=\"article:modified_time\" content=\"2023-10-25T07:11:06+00:00\" \/>\n<meta property=\"og:image\" content=\"https:\/\/alladixital.org\/wp-content\/uploads\/2023\/02\/Cubierta-AST.png\" \/>\n\t<meta property=\"og:image:width\" content=\"3780\" \/>\n\t<meta property=\"og:image:height\" content=\"2721\" \/>\n\t<meta property=\"og:image:type\" content=\"image\/png\" \/>\n<meta name=\"author\" content=\"infofuturo\" \/>\n<meta name=\"twitter:card\" content=\"summary_large_image\" \/>\n<meta name=\"twitter:creator\" content=\"@ALLA_ast\" \/>\n<meta name=\"twitter:site\" content=\"@ALLA_ast\" \/>\n<script type=\"application\/ld+json\" class=\"yoast-schema-graph\">{\"@context\":\"https:\/\/schema.org\",\"@graph\":[{\"@type\":\"Article\",\"@id\":\"https:\/\/alladixital.org\/eon\/presentacion-del-avance-de-resultaos-del-estudiu-conocimientu-del-asturianu-nos-ambitos-urbanos\/#article\",\"isPartOf\":{\"@id\":\"https:\/\/alladixital.org\/eon\/presentacion-del-avance-de-resultaos-del-estudiu-conocimientu-del-asturianu-nos-ambitos-urbanos\/\"},\"author\":{\"name\":\"infofuturo\",\"@id\":\"https:\/\/alladixital.org\/#\/schema\/person\/1b8ec4d1fc4db6cb1ac5a2bfdf87b3f4\"},\"headline\":\"Presentaci\u00f3n del avance de resultaos del estudiu \u00abConocimientu del asturianu nos \u00e1mbitos urbanos\u00bb\",\"datePublished\":\"2023-02-24T12:17:20+00:00\",\"dateModified\":\"2023-10-25T07:11:06+00:00\",\"mainEntityOfPage\":{\"@id\":\"https:\/\/alladixital.org\/eon\/presentacion-del-avance-de-resultaos-del-estudiu-conocimientu-del-asturianu-nos-ambitos-urbanos\/\"},\"wordCount\":216,\"publisher\":{\"@id\":\"https:\/\/alladixital.org\/#organization\"},\"image\":{\"@id\":\"https:\/\/alladixital.org\/eon\/presentacion-del-avance-de-resultaos-del-estudiu-conocimientu-del-asturianu-nos-ambitos-urbanos\/#primaryimage\"},\"thumbnailUrl\":\"https:\/\/alladixital.org\/wp-content\/uploads\/2023\/02\/Cubierta-AST-scaled.png\",\"articleSection\":[\"Anuncios\"],\"inLanguage\":\"eon-EON\"},{\"@type\":\"WebPage\",\"@id\":\"https:\/\/alladixital.org\/eon\/presentacion-del-avance-de-resultaos-del-estudiu-conocimientu-del-asturianu-nos-ambitos-urbanos\/\",\"url\":\"https:\/\/alladixital.org\/eon\/presentacion-del-avance-de-resultaos-del-estudiu-conocimientu-del-asturianu-nos-ambitos-urbanos\/\",\"name\":\"Presentaci\u00f3n del avance de resultaos del estudiu \u00abConocimientu del asturianu nos \u00e1mbitos urbanos\u00bb - Academia de la Llingua Asturiana\",\"isPartOf\":{\"@id\":\"https:\/\/alladixital.org\/#website\"},\"primaryImageOfPage\":{\"@id\":\"https:\/\/alladixital.org\/eon\/presentacion-del-avance-de-resultaos-del-estudiu-conocimientu-del-asturianu-nos-ambitos-urbanos\/#primaryimage\"},\"image\":{\"@id\":\"https:\/\/alladixital.org\/eon\/presentacion-del-avance-de-resultaos-del-estudiu-conocimientu-del-asturianu-nos-ambitos-urbanos\/#primaryimage\"},\"thumbnailUrl\":\"https:\/\/alladixital.org\/wp-content\/uploads\/2023\/02\/Cubierta-AST-scaled.png\",\"datePublished\":\"2023-02-24T12:17:20+00:00\",\"dateModified\":\"2023-10-25T07:11:06+00:00\",\"breadcrumb\":{\"@id\":\"https:\/\/alladixital.org\/eon\/presentacion-del-avance-de-resultaos-del-estudiu-conocimientu-del-asturianu-nos-ambitos-urbanos\/#breadcrumb\"},\"inLanguage\":\"eon-EON\",\"potentialAction\":[{\"@type\":\"ReadAction\",\"target\":[\"https:\/\/alladixital.org\/eon\/presentacion-del-avance-de-resultaos-del-estudiu-conocimientu-del-asturianu-nos-ambitos-urbanos\/\"]}]},{\"@type\":\"ImageObject\",\"inLanguage\":\"eon-EON\",\"@id\":\"https:\/\/alladixital.org\/eon\/presentacion-del-avance-de-resultaos-del-estudiu-conocimientu-del-asturianu-nos-ambitos-urbanos\/#primaryimage\",\"url\":\"https:\/\/alladixital.org\/wp-content\/uploads\/2023\/02\/Cubierta-AST-scaled.png\",\"contentUrl\":\"https:\/\/alladixital.org\/wp-content\/uploads\/2023\/02\/Cubierta-AST-scaled.png\",\"width\":2560,\"height\":1843},{\"@type\":\"BreadcrumbList\",\"@id\":\"https:\/\/alladixital.org\/eon\/presentacion-del-avance-de-resultaos-del-estudiu-conocimientu-del-asturianu-nos-ambitos-urbanos\/#breadcrumb\",\"itemListElement\":[{\"@type\":\"ListItem\",\"position\":1,\"name\":\"Portada\",\"item\":\"https:\/\/alladixital.org\/eon\/\"},{\"@type\":\"ListItem\",\"position\":2,\"name\":\"Presentaci\u00f3n del avance de resultaos del estudiu \u00abConocimientu del asturianu nos \u00e1mbitos urbanos\u00bb\"}]},{\"@type\":\"WebSite\",\"@id\":\"https:\/\/alladixital.org\/#website\",\"url\":\"https:\/\/alladixital.org\/\",\"name\":\"Academia de la Llingua Asturiana\",\"description\":\"ALLA\",\"publisher\":{\"@id\":\"https:\/\/alladixital.org\/#organization\"},\"potentialAction\":[{\"@type\":\"SearchAction\",\"target\":{\"@type\":\"EntryPoint\",\"urlTemplate\":\"https:\/\/alladixital.org\/?s={search_term_string}\"},\"query-input\":{\"@type\":\"PropertyValueSpecification\",\"valueRequired\":true,\"valueName\":\"search_term_string\"}}],\"inLanguage\":\"eon-EON\"},{\"@type\":\"Organization\",\"@id\":\"https:\/\/alladixital.org\/#organization\",\"name\":\"Academia de la Llingua Asturiana\",\"url\":\"https:\/\/alladixital.org\/\",\"logo\":{\"@type\":\"ImageObject\",\"inLanguage\":\"eon-EON\",\"@id\":\"https:\/\/alladixital.org\/#\/schema\/logo\/image\/\",\"url\":\"https:\/\/alladixital.org\/wp-content\/uploads\/2022\/08\/logo_LLINGUA_280_V3.jpg\",\"contentUrl\":\"https:\/\/alladixital.org\/wp-content\/uploads\/2022\/08\/logo_LLINGUA_280_V3.jpg\",\"width\":1064,\"height\":1096,\"caption\":\"Academia de la Llingua Asturiana\"},\"image\":{\"@id\":\"https:\/\/alladixital.org\/#\/schema\/logo\/image\/\"},\"sameAs\":[\"https:\/\/www.facebook.com\/AcademiadelaLlinguaAsturiana\/\",\"https:\/\/x.com\/ALLA_ast\"]},{\"@type\":\"Person\",\"@id\":\"https:\/\/alladixital.org\/#\/schema\/person\/1b8ec4d1fc4db6cb1ac5a2bfdf87b3f4\",\"name\":\"infofuturo\",\"image\":{\"@type\":\"ImageObject\",\"inLanguage\":\"eon-EON\",\"@id\":\"https:\/\/alladixital.org\/#\/schema\/person\/image\/\",\"url\":\"https:\/\/secure.gravatar.com\/avatar\/adfbd1599bdd5ec1a87033e301fb580d1ec07f15e78cc8db851aa671f95c1426?s=96&d=mm&r=g\",\"contentUrl\":\"https:\/\/secure.gravatar.com\/avatar\/adfbd1599bdd5ec1a87033e301fb580d1ec07f15e78cc8db851aa671f95c1426?s=96&d=mm&r=g\",\"caption\":\"infofuturo\"},\"url\":\"https:\/\/alladixital.org\/eon\/author\/infofuturo\/\"}]}<\/script>\n<!-- \/ Yoast SEO plugin. -->","yoast_head_json":{"title":"Presentaci\u00f3n del avance de resultaos del estudiu \u00abConocimientu del asturianu nos \u00e1mbitos urbanos\u00bb - Academia de la Llingua Asturiana","robots":{"index":"index","follow":"follow","max-snippet":"max-snippet:-1","max-image-preview":"max-image-preview:large","max-video-preview":"max-video-preview:-1"},"canonical":"https:\/\/alladixital.org\/eon\/presentacion-del-avance-de-resultaos-del-estudiu-conocimientu-del-asturianu-nos-ambitos-urbanos\/","og_locale":"eo_EO","og_type":"article","og_title":"Presentaci\u00f3n del avance de resultaos del estudiu \u00abConocimientu del asturianu nos \u00e1mbitos urbanos\u00bb - Academia de la Llingua Asturiana","og_description":"El pr\u00f3ximu martes, 28 de febreru, a les 12 h, nel llar de l\u2019Academia de la Llingua Asturiana (c\/ L\u2019\u00c1guila, 10), va presentase\u2019l result\u00e1u d\u2019un estudiu\u00a0 sociolling\u00fc\u00edsticu que toma como &hellip; Continue reading \"Presentaci\u00f3n del avance de resultaos del estudiu \u00abConocimientu del asturianu nos \u00e1mbitos urbanos\u00bb\"","og_url":"https:\/\/alladixital.org\/eon\/presentacion-del-avance-de-resultaos-del-estudiu-conocimientu-del-asturianu-nos-ambitos-urbanos\/","og_site_name":"Academia de la Llingua Asturiana","article_publisher":"https:\/\/www.facebook.com\/AcademiadelaLlinguaAsturiana\/","article_published_time":"2023-02-24T12:17:20+00:00","article_modified_time":"2023-10-25T07:11:06+00:00","og_image":[{"width":3780,"height":2721,"url":"https:\/\/alladixital.org\/wp-content\/uploads\/2023\/02\/Cubierta-AST.png","type":"image\/png"}],"author":"infofuturo","twitter_card":"summary_large_image","twitter_creator":"@ALLA_ast","twitter_site":"@ALLA_ast","schema":{"@context":"https:\/\/schema.org","@graph":[{"@type":"Article","@id":"https:\/\/alladixital.org\/eon\/presentacion-del-avance-de-resultaos-del-estudiu-conocimientu-del-asturianu-nos-ambitos-urbanos\/#article","isPartOf":{"@id":"https:\/\/alladixital.org\/eon\/presentacion-del-avance-de-resultaos-del-estudiu-conocimientu-del-asturianu-nos-ambitos-urbanos\/"},"author":{"name":"infofuturo","@id":"https:\/\/alladixital.org\/#\/schema\/person\/1b8ec4d1fc4db6cb1ac5a2bfdf87b3f4"},"headline":"Presentaci\u00f3n del avance de resultaos del estudiu \u00abConocimientu del asturianu nos \u00e1mbitos urbanos\u00bb","datePublished":"2023-02-24T12:17:20+00:00","dateModified":"2023-10-25T07:11:06+00:00","mainEntityOfPage":{"@id":"https:\/\/alladixital.org\/eon\/presentacion-del-avance-de-resultaos-del-estudiu-conocimientu-del-asturianu-nos-ambitos-urbanos\/"},"wordCount":216,"publisher":{"@id":"https:\/\/alladixital.org\/#organization"},"image":{"@id":"https:\/\/alladixital.org\/eon\/presentacion-del-avance-de-resultaos-del-estudiu-conocimientu-del-asturianu-nos-ambitos-urbanos\/#primaryimage"},"thumbnailUrl":"https:\/\/alladixital.org\/wp-content\/uploads\/2023\/02\/Cubierta-AST-scaled.png","articleSection":["Anuncios"],"inLanguage":"eon-EON"},{"@type":"WebPage","@id":"https:\/\/alladixital.org\/eon\/presentacion-del-avance-de-resultaos-del-estudiu-conocimientu-del-asturianu-nos-ambitos-urbanos\/","url":"https:\/\/alladixital.org\/eon\/presentacion-del-avance-de-resultaos-del-estudiu-conocimientu-del-asturianu-nos-ambitos-urbanos\/","name":"Presentaci\u00f3n del avance de resultaos del estudiu \u00abConocimientu del asturianu nos \u00e1mbitos urbanos\u00bb - Academia de la Llingua Asturiana","isPartOf":{"@id":"https:\/\/alladixital.org\/#website"},"primaryImageOfPage":{"@id":"https:\/\/alladixital.org\/eon\/presentacion-del-avance-de-resultaos-del-estudiu-conocimientu-del-asturianu-nos-ambitos-urbanos\/#primaryimage"},"image":{"@id":"https:\/\/alladixital.org\/eon\/presentacion-del-avance-de-resultaos-del-estudiu-conocimientu-del-asturianu-nos-ambitos-urbanos\/#primaryimage"},"thumbnailUrl":"https:\/\/alladixital.org\/wp-content\/uploads\/2023\/02\/Cubierta-AST-scaled.png","datePublished":"2023-02-24T12:17:20+00:00","dateModified":"2023-10-25T07:11:06+00:00","breadcrumb":{"@id":"https:\/\/alladixital.org\/eon\/presentacion-del-avance-de-resultaos-del-estudiu-conocimientu-del-asturianu-nos-ambitos-urbanos\/#breadcrumb"},"inLanguage":"eon-EON","potentialAction":[{"@type":"ReadAction","target":["https:\/\/alladixital.org\/eon\/presentacion-del-avance-de-resultaos-del-estudiu-conocimientu-del-asturianu-nos-ambitos-urbanos\/"]}]},{"@type":"ImageObject","inLanguage":"eon-EON","@id":"https:\/\/alladixital.org\/eon\/presentacion-del-avance-de-resultaos-del-estudiu-conocimientu-del-asturianu-nos-ambitos-urbanos\/#primaryimage","url":"https:\/\/alladixital.org\/wp-content\/uploads\/2023\/02\/Cubierta-AST-scaled.png","contentUrl":"https:\/\/alladixital.org\/wp-content\/uploads\/2023\/02\/Cubierta-AST-scaled.png","width":2560,"height":1843},{"@type":"BreadcrumbList","@id":"https:\/\/alladixital.org\/eon\/presentacion-del-avance-de-resultaos-del-estudiu-conocimientu-del-asturianu-nos-ambitos-urbanos\/#breadcrumb","itemListElement":[{"@type":"ListItem","position":1,"name":"Portada","item":"https:\/\/alladixital.org\/eon\/"},{"@type":"ListItem","position":2,"name":"Presentaci\u00f3n del avance de resultaos del estudiu \u00abConocimientu del asturianu nos \u00e1mbitos urbanos\u00bb"}]},{"@type":"WebSite","@id":"https:\/\/alladixital.org\/#website","url":"https:\/\/alladixital.org\/","name":"Academia de la Llingua Asturiana","description":"ALLA","publisher":{"@id":"https:\/\/alladixital.org\/#organization"},"potentialAction":[{"@type":"SearchAction","target":{"@type":"EntryPoint","urlTemplate":"https:\/\/alladixital.org\/?s={search_term_string}"},"query-input":{"@type":"PropertyValueSpecification","valueRequired":true,"valueName":"search_term_string"}}],"inLanguage":"eon-EON"},{"@type":"Organization","@id":"https:\/\/alladixital.org\/#organization","name":"Academia de la Llingua Asturiana","url":"https:\/\/alladixital.org\/","logo":{"@type":"ImageObject","inLanguage":"eon-EON","@id":"https:\/\/alladixital.org\/#\/schema\/logo\/image\/","url":"https:\/\/alladixital.org\/wp-content\/uploads\/2022\/08\/logo_LLINGUA_280_V3.jpg","contentUrl":"https:\/\/alladixital.org\/wp-content\/uploads\/2022\/08\/logo_LLINGUA_280_V3.jpg","width":1064,"height":1096,"caption":"Academia de la Llingua Asturiana"},"image":{"@id":"https:\/\/alladixital.org\/#\/schema\/logo\/image\/"},"sameAs":["https:\/\/www.facebook.com\/AcademiadelaLlinguaAsturiana\/","https:\/\/x.com\/ALLA_ast"]},{"@type":"Person","@id":"https:\/\/alladixital.org\/#\/schema\/person\/1b8ec4d1fc4db6cb1ac5a2bfdf87b3f4","name":"infofuturo","image":{"@type":"ImageObject","inLanguage":"eon-EON","@id":"https:\/\/alladixital.org\/#\/schema\/person\/image\/","url":"https:\/\/secure.gravatar.com\/avatar\/adfbd1599bdd5ec1a87033e301fb580d1ec07f15e78cc8db851aa671f95c1426?s=96&d=mm&r=g","contentUrl":"https:\/\/secure.gravatar.com\/avatar\/adfbd1599bdd5ec1a87033e301fb580d1ec07f15e78cc8db851aa671f95c1426?s=96&d=mm&r=g","caption":"infofuturo"},"url":"https:\/\/alladixital.org\/eon\/author\/infofuturo\/"}]}},"brizy_media":[],"_links":{"self":[{"href":"https:\/\/alladixital.org\/eon\/wp-json\/wp\/v2\/posts\/22092","targetHints":{"allow":["GET"]}}],"collection":[{"href":"https:\/\/alladixital.org\/eon\/wp-json\/wp\/v2\/posts"}],"about":[{"href":"https:\/\/alladixital.org\/eon\/wp-json\/wp\/v2\/types\/post"}],"author":[{"embeddable":true,"href":"https:\/\/alladixital.org\/eon\/wp-json\/wp\/v2\/users\/5"}],"replies":[{"embeddable":true,"href":"https:\/\/alladixital.org\/eon\/wp-json\/wp\/v2\/comments?post=22092"}],"version-history":[{"count":0,"href":"https:\/\/alladixital.org\/eon\/wp-json\/wp\/v2\/posts\/22092\/revisions"}],"wp:featuredmedia":[{"embeddable":true,"href":"https:\/\/alladixital.org\/eon\/wp-json\/wp\/v2\/media\/17564"}],"wp:attachment":[{"href":"https:\/\/alladixital.org\/eon\/wp-json\/wp\/v2\/media?parent=22092"}],"wp:term":[{"taxonomy":"category","embeddable":true,"href":"https:\/\/alladixital.org\/eon\/wp-json\/wp\/v2\/categories?post=22092"},{"taxonomy":"post_tag","embeddable":true,"href":"https:\/\/alladixital.org\/eon\/wp-json\/wp\/v2\/tags?post=22092"}],"curies":[{"name":"wp","href":"https:\/\/api.w.org\/{rel}","templated":true}]}}