{"id":22110,"date":"2022-12-01T14:00:06","date_gmt":"2022-12-01T13:00:06","guid":{"rendered":"https:\/\/alladixital.org\/?p=22110"},"modified":"2023-10-25T09:36:34","modified_gmt":"2023-10-25T07:36:34","slug":"obres-premiaes-nel-certame-dinvestigacion-y-finalistes-de-la-olimpiada-escolar-de-redaicion","status":"publish","type":"post","link":"https:\/\/alladixital.org\/eon\/obres-premiaes-nel-certame-dinvestigacion-y-finalistes-de-la-olimpiada-escolar-de-redaicion\/","title":{"rendered":"Obres premiaes nel Certame d\u2019investigaci\u00f3n y finalistes de la Olimpiada escolar de redaici\u00f3n"},"content":{"rendered":"<p>Depu\u00e9s d\u2019ocho a\u00f1os, los\u00a0Concursos de l\u2019Academia volvieron a convocase encadarmaos en dos categor\u00edes: el Certame d\u2019investigaci\u00f3n, con delles modalidaes, y la Olimpiada escolar de redaici\u00f3n \u00abUrbano Rodr\u00edguez\u00bb.<\/p>\n<p>Dempu\u00e9s d\u2019aconceyar los correspondientes xuraos el d\u00eda 29 de payares, les distinciones del Certame d\u2019Investigaci\u00f3n son:<\/p>\n<ul>\n<li><strong>Concursu de recoyida de material topon\u00edmico oral. <\/strong>Dos acc\u00e9sits pa los trabayos <em>Toponimia de la parroquia de Pe\u00f1aflor (Grau)<\/em>, de Xabiel Fern\u00e1ndez Garc\u00eda, y <em>Toponimia menor de la parroquia de Caldue\u00f1u (Llanes)<\/em>, de Lena Valladares Llavona.<\/li>\n<li><strong>Concursu de propuestes de terminolox\u00eda especializada.<\/strong> Un acc\u00e9sit pa <em>TermAst: Videoxuegos<\/em>, de V\u00edctor Su\u00e1rez Pi\u00f1ero.<\/li>\n<li><strong>Concursu \u00abXos\u00e9 Bolado\u00bb de recoyida de material lliterario in\u00e9dito anterior a 1970. <\/strong>Un primer premiu pa <em>Nel corazu de casina (1932-1934) de Fern\u00e1n Coronas<\/em>, d\u2019Adri\u00e1n Mart\u00ednez Exp\u00f3sito.<\/li>\n<li><strong>Concursu de recoyida, trescripci\u00f3n y estudiu de testos orales.<\/strong> Un primer premiu y un premiu especial p\u2019<em>Averamientu a la caracterizaci\u00f3n del asturianu de La G\u00fceria Carrocera (Samart\u00edn del Rei Aurelio)<\/em>, de Claudia Elena Men\u00e9ndez Fern\u00e1ndez.<\/li>\n<li><strong>Concursu de documentalismu sociocultural curtiu.<\/strong> Un primer premiu pa <em>Indianos d\u2019azucre<\/em>, de Pablo Cueto Parcero.<\/li>\n<\/ul>\n<p>Pel so llau, l\u2019alumn\u00e1u finalista de la Olimpiada escolar de redaici\u00f3n ye:<\/p>\n<ul>\n<li>Nel <strong>Concursu de Primaria<\/strong>:<strong>CP Martimporra (Martimporra, Bimenes)<\/strong>: Fabi\u00e1n Montes Escobar, Gadea Iglesias Coto, Valeria Riestra Vald\u00e9s y Adri\u00e1n Gonz\u00e1lez Pidal.<br \/>\n<strong>CP San Claudio (San Cloyo, Uvi\u00e9u)<\/strong>: Daniela Gonz\u00e1lez Villota y Diego Men\u00e9ndez Fern\u00e1ndez.<\/li>\n<\/ul>\n<ul>\n<li>Nel <strong>Concursu de Secundaria y Bachilleratu<\/strong>:<strong>IES Santa B\u00e1rbara (La Felguera, Llangr\u00e9u)<\/strong>: Xulia Antu\u00f1a Ezama, Luc\u00eda Doce Ruiz, Alberto Antu\u00f1a Ezana y Vidal Quidiello Men\u00e9ndez.<br \/>\n<strong>IES Pe\u00f1amayor (Nava)<\/strong>: Naira Su\u00e1rez S\u00e1nchez y Favila Velasco Benavides.<br \/>\n<strong>IES Pravia (Pravia)<\/strong>: Nerea Men\u00e9ndez Mart\u00ednez y Carla Bote Solar.<br \/>\n<strong>CPEB Caba\u00f1aquinta (Cabanaquinta, Ayer)<\/strong>: \u00c1lvaro Ord\u00f3\u00f1ez Ord\u00f3\u00f1ez.<\/li>\n<\/ul>\n<p>El llar social de l\u2019Academia de la Llingua Asturiana va acoyer, el<strong> 21 d\u2019avientu<\/strong>, la final de la Olimpiada escolar de redaici\u00f3n y la entrega de premios del Certame d\u2019investigaci\u00f3n.<br \/>\n<script><\/script><\/p>\n","protected":false},"excerpt":{"rendered":"<p>Depu\u00e9s d\u2019ocho a\u00f1os, los\u00a0Concursos de l\u2019Academia volvieron a convocase encadarmaos en dos categor\u00edes: el Certame d\u2019investigaci\u00f3n, con delles modalidaes, y la Olimpiada escolar de redaici\u00f3n \u00abUrbano Rodr\u00edguez\u00bb. Dempu\u00e9s d\u2019aconceyar los &hellip; <\/p>\n<p class=\"link-more\"><a href=\"https:\/\/alladixital.org\/eon\/obres-premiaes-nel-certame-dinvestigacion-y-finalistes-de-la-olimpiada-escolar-de-redaicion\/\" class=\"more-link\">Continue reading<span class=\"screen-reader-text\"> &#8220;Obres premiaes nel Certame d\u2019investigaci\u00f3n y finalistes de la Olimpiada escolar de redaici\u00f3n&#8221;<\/span><\/a><\/p>\n","protected":false},"author":5,"featured_media":17306,"comment_status":"closed","ping_status":"closed","sticky":false,"template":"","format":"standard","meta":{"_acf_changed":false,"footnotes":""},"categories":[345],"tags":[],"class_list":["post-22110","post","type-post","status-publish","format-standard","has-post-thumbnail","hentry","category-uncategorized-eon"],"acf":[],"yoast_head":"<!-- This site is optimized with the Yoast SEO plugin v26.7 - https:\/\/yoast.com\/wordpress\/plugins\/seo\/ -->\n<title>Obres premiaes nel Certame d\u2019investigaci\u00f3n y finalistes de la Olimpiada escolar de redaici\u00f3n - Academia de la Llingua Asturiana<\/title>\n<meta name=\"robots\" content=\"index, follow, max-snippet:-1, max-image-preview:large, max-video-preview:-1\" \/>\n<link rel=\"canonical\" href=\"https:\/\/alladixital.org\/eon\/obres-premiaes-nel-certame-dinvestigacion-y-finalistes-de-la-olimpiada-escolar-de-redaicion\/\" \/>\n<meta property=\"og:locale\" content=\"eo_EO\" \/>\n<meta property=\"og:type\" content=\"article\" \/>\n<meta property=\"og:title\" content=\"Obres premiaes nel Certame d\u2019investigaci\u00f3n y finalistes de la Olimpiada escolar de redaici\u00f3n - Academia de la Llingua Asturiana\" \/>\n<meta property=\"og:description\" content=\"Depu\u00e9s d\u2019ocho a\u00f1os, los\u00a0Concursos de l\u2019Academia volvieron a convocase encadarmaos en dos categor\u00edes: el Certame d\u2019investigaci\u00f3n, con delles modalidaes, y la Olimpiada escolar de redaici\u00f3n \u00abUrbano Rodr\u00edguez\u00bb. Dempu\u00e9s d\u2019aconceyar los &hellip; Continue reading &quot;Obres premiaes nel Certame d\u2019investigaci\u00f3n y finalistes de la Olimpiada escolar de redaici\u00f3n&quot;\" \/>\n<meta property=\"og:url\" content=\"https:\/\/alladixital.org\/eon\/obres-premiaes-nel-certame-dinvestigacion-y-finalistes-de-la-olimpiada-escolar-de-redaicion\/\" \/>\n<meta property=\"og:site_name\" content=\"Academia de la Llingua Asturiana\" \/>\n<meta property=\"article:publisher\" content=\"https:\/\/www.facebook.com\/AcademiadelaLlinguaAsturiana\/\" \/>\n<meta property=\"article:published_time\" content=\"2022-12-01T13:00:06+00:00\" \/>\n<meta property=\"article:modified_time\" content=\"2023-10-25T07:36:34+00:00\" \/>\n<meta property=\"og:image\" content=\"https:\/\/alladixital.org\/wp-content\/uploads\/2023\/01\/20221118145048_IMG_4150-1536x1024-1.jpg\" \/>\n\t<meta property=\"og:image:width\" content=\"1536\" \/>\n\t<meta property=\"og:image:height\" content=\"1024\" \/>\n\t<meta property=\"og:image:type\" content=\"image\/jpeg\" \/>\n<meta name=\"author\" content=\"infofuturo\" \/>\n<meta name=\"twitter:card\" content=\"summary_large_image\" \/>\n<meta name=\"twitter:creator\" content=\"@ALLA_ast\" \/>\n<meta name=\"twitter:site\" content=\"@ALLA_ast\" \/>\n<script type=\"application\/ld+json\" class=\"yoast-schema-graph\">{\"@context\":\"https:\/\/schema.org\",\"@graph\":[{\"@type\":\"Article\",\"@id\":\"https:\/\/alladixital.org\/eon\/obres-premiaes-nel-certame-dinvestigacion-y-finalistes-de-la-olimpiada-escolar-de-redaicion\/#article\",\"isPartOf\":{\"@id\":\"https:\/\/alladixital.org\/eon\/obres-premiaes-nel-certame-dinvestigacion-y-finalistes-de-la-olimpiada-escolar-de-redaicion\/\"},\"author\":{\"name\":\"infofuturo\",\"@id\":\"https:\/\/alladixital.org\/#\/schema\/person\/1b8ec4d1fc4db6cb1ac5a2bfdf87b3f4\"},\"headline\":\"Obres premiaes nel Certame d\u2019investigaci\u00f3n y finalistes de la Olimpiada escolar de redaici\u00f3n\",\"datePublished\":\"2022-12-01T13:00:06+00:00\",\"dateModified\":\"2023-10-25T07:36:34+00:00\",\"mainEntityOfPage\":{\"@id\":\"https:\/\/alladixital.org\/eon\/obres-premiaes-nel-certame-dinvestigacion-y-finalistes-de-la-olimpiada-escolar-de-redaicion\/\"},\"wordCount\":382,\"publisher\":{\"@id\":\"https:\/\/alladixital.org\/#organization\"},\"image\":{\"@id\":\"https:\/\/alladixital.org\/eon\/obres-premiaes-nel-certame-dinvestigacion-y-finalistes-de-la-olimpiada-escolar-de-redaicion\/#primaryimage\"},\"thumbnailUrl\":\"https:\/\/alladixital.org\/wp-content\/uploads\/2023\/01\/20221118145048_IMG_4150-1536x1024-1.jpg\",\"articleSection\":[\"Anuncios\"],\"inLanguage\":\"eon-EON\"},{\"@type\":\"WebPage\",\"@id\":\"https:\/\/alladixital.org\/eon\/obres-premiaes-nel-certame-dinvestigacion-y-finalistes-de-la-olimpiada-escolar-de-redaicion\/\",\"url\":\"https:\/\/alladixital.org\/eon\/obres-premiaes-nel-certame-dinvestigacion-y-finalistes-de-la-olimpiada-escolar-de-redaicion\/\",\"name\":\"Obres premiaes nel Certame d\u2019investigaci\u00f3n y finalistes de la Olimpiada escolar de redaici\u00f3n - Academia de la Llingua Asturiana\",\"isPartOf\":{\"@id\":\"https:\/\/alladixital.org\/#website\"},\"primaryImageOfPage\":{\"@id\":\"https:\/\/alladixital.org\/eon\/obres-premiaes-nel-certame-dinvestigacion-y-finalistes-de-la-olimpiada-escolar-de-redaicion\/#primaryimage\"},\"image\":{\"@id\":\"https:\/\/alladixital.org\/eon\/obres-premiaes-nel-certame-dinvestigacion-y-finalistes-de-la-olimpiada-escolar-de-redaicion\/#primaryimage\"},\"thumbnailUrl\":\"https:\/\/alladixital.org\/wp-content\/uploads\/2023\/01\/20221118145048_IMG_4150-1536x1024-1.jpg\",\"datePublished\":\"2022-12-01T13:00:06+00:00\",\"dateModified\":\"2023-10-25T07:36:34+00:00\",\"breadcrumb\":{\"@id\":\"https:\/\/alladixital.org\/eon\/obres-premiaes-nel-certame-dinvestigacion-y-finalistes-de-la-olimpiada-escolar-de-redaicion\/#breadcrumb\"},\"inLanguage\":\"eon-EON\",\"potentialAction\":[{\"@type\":\"ReadAction\",\"target\":[\"https:\/\/alladixital.org\/eon\/obres-premiaes-nel-certame-dinvestigacion-y-finalistes-de-la-olimpiada-escolar-de-redaicion\/\"]}]},{\"@type\":\"ImageObject\",\"inLanguage\":\"eon-EON\",\"@id\":\"https:\/\/alladixital.org\/eon\/obres-premiaes-nel-certame-dinvestigacion-y-finalistes-de-la-olimpiada-escolar-de-redaicion\/#primaryimage\",\"url\":\"https:\/\/alladixital.org\/wp-content\/uploads\/2023\/01\/20221118145048_IMG_4150-1536x1024-1.jpg\",\"contentUrl\":\"https:\/\/alladixital.org\/wp-content\/uploads\/2023\/01\/20221118145048_IMG_4150-1536x1024-1.jpg\",\"width\":1536,\"height\":1024},{\"@type\":\"BreadcrumbList\",\"@id\":\"https:\/\/alladixital.org\/eon\/obres-premiaes-nel-certame-dinvestigacion-y-finalistes-de-la-olimpiada-escolar-de-redaicion\/#breadcrumb\",\"itemListElement\":[{\"@type\":\"ListItem\",\"position\":1,\"name\":\"Portada\",\"item\":\"https:\/\/alladixital.org\/eon\/\"},{\"@type\":\"ListItem\",\"position\":2,\"name\":\"Obres premiaes nel Certame d\u2019investigaci\u00f3n y finalistes de la Olimpiada escolar de redaici\u00f3n\"}]},{\"@type\":\"WebSite\",\"@id\":\"https:\/\/alladixital.org\/#website\",\"url\":\"https:\/\/alladixital.org\/\",\"name\":\"Academia de la Llingua Asturiana\",\"description\":\"ALLA\",\"publisher\":{\"@id\":\"https:\/\/alladixital.org\/#organization\"},\"potentialAction\":[{\"@type\":\"SearchAction\",\"target\":{\"@type\":\"EntryPoint\",\"urlTemplate\":\"https:\/\/alladixital.org\/?s={search_term_string}\"},\"query-input\":{\"@type\":\"PropertyValueSpecification\",\"valueRequired\":true,\"valueName\":\"search_term_string\"}}],\"inLanguage\":\"eon-EON\"},{\"@type\":\"Organization\",\"@id\":\"https:\/\/alladixital.org\/#organization\",\"name\":\"Academia de la Llingua Asturiana\",\"url\":\"https:\/\/alladixital.org\/\",\"logo\":{\"@type\":\"ImageObject\",\"inLanguage\":\"eon-EON\",\"@id\":\"https:\/\/alladixital.org\/#\/schema\/logo\/image\/\",\"url\":\"https:\/\/alladixital.org\/wp-content\/uploads\/2022\/08\/logo_LLINGUA_280_V3.jpg\",\"contentUrl\":\"https:\/\/alladixital.org\/wp-content\/uploads\/2022\/08\/logo_LLINGUA_280_V3.jpg\",\"width\":1064,\"height\":1096,\"caption\":\"Academia de la Llingua Asturiana\"},\"image\":{\"@id\":\"https:\/\/alladixital.org\/#\/schema\/logo\/image\/\"},\"sameAs\":[\"https:\/\/www.facebook.com\/AcademiadelaLlinguaAsturiana\/\",\"https:\/\/x.com\/ALLA_ast\"]},{\"@type\":\"Person\",\"@id\":\"https:\/\/alladixital.org\/#\/schema\/person\/1b8ec4d1fc4db6cb1ac5a2bfdf87b3f4\",\"name\":\"infofuturo\",\"image\":{\"@type\":\"ImageObject\",\"inLanguage\":\"eon-EON\",\"@id\":\"https:\/\/alladixital.org\/#\/schema\/person\/image\/\",\"url\":\"https:\/\/secure.gravatar.com\/avatar\/adfbd1599bdd5ec1a87033e301fb580d1ec07f15e78cc8db851aa671f95c1426?s=96&d=mm&r=g\",\"contentUrl\":\"https:\/\/secure.gravatar.com\/avatar\/adfbd1599bdd5ec1a87033e301fb580d1ec07f15e78cc8db851aa671f95c1426?s=96&d=mm&r=g\",\"caption\":\"infofuturo\"},\"url\":\"https:\/\/alladixital.org\/eon\/author\/infofuturo\/\"}]}<\/script>\n<!-- \/ Yoast SEO plugin. -->","yoast_head_json":{"title":"Obres premiaes nel Certame d\u2019investigaci\u00f3n y finalistes de la Olimpiada escolar de redaici\u00f3n - Academia de la Llingua Asturiana","robots":{"index":"index","follow":"follow","max-snippet":"max-snippet:-1","max-image-preview":"max-image-preview:large","max-video-preview":"max-video-preview:-1"},"canonical":"https:\/\/alladixital.org\/eon\/obres-premiaes-nel-certame-dinvestigacion-y-finalistes-de-la-olimpiada-escolar-de-redaicion\/","og_locale":"eo_EO","og_type":"article","og_title":"Obres premiaes nel Certame d\u2019investigaci\u00f3n y finalistes de la Olimpiada escolar de redaici\u00f3n - Academia de la Llingua Asturiana","og_description":"Depu\u00e9s d\u2019ocho a\u00f1os, los\u00a0Concursos de l\u2019Academia volvieron a convocase encadarmaos en dos categor\u00edes: el Certame d\u2019investigaci\u00f3n, con delles modalidaes, y la Olimpiada escolar de redaici\u00f3n \u00abUrbano Rodr\u00edguez\u00bb. Dempu\u00e9s d\u2019aconceyar los &hellip; Continue reading \"Obres premiaes nel Certame d\u2019investigaci\u00f3n y finalistes de la Olimpiada escolar de redaici\u00f3n\"","og_url":"https:\/\/alladixital.org\/eon\/obres-premiaes-nel-certame-dinvestigacion-y-finalistes-de-la-olimpiada-escolar-de-redaicion\/","og_site_name":"Academia de la Llingua Asturiana","article_publisher":"https:\/\/www.facebook.com\/AcademiadelaLlinguaAsturiana\/","article_published_time":"2022-12-01T13:00:06+00:00","article_modified_time":"2023-10-25T07:36:34+00:00","og_image":[{"width":1536,"height":1024,"url":"https:\/\/alladixital.org\/wp-content\/uploads\/2023\/01\/20221118145048_IMG_4150-1536x1024-1.jpg","type":"image\/jpeg"}],"author":"infofuturo","twitter_card":"summary_large_image","twitter_creator":"@ALLA_ast","twitter_site":"@ALLA_ast","schema":{"@context":"https:\/\/schema.org","@graph":[{"@type":"Article","@id":"https:\/\/alladixital.org\/eon\/obres-premiaes-nel-certame-dinvestigacion-y-finalistes-de-la-olimpiada-escolar-de-redaicion\/#article","isPartOf":{"@id":"https:\/\/alladixital.org\/eon\/obres-premiaes-nel-certame-dinvestigacion-y-finalistes-de-la-olimpiada-escolar-de-redaicion\/"},"author":{"name":"infofuturo","@id":"https:\/\/alladixital.org\/#\/schema\/person\/1b8ec4d1fc4db6cb1ac5a2bfdf87b3f4"},"headline":"Obres premiaes nel Certame d\u2019investigaci\u00f3n y finalistes de la Olimpiada escolar de redaici\u00f3n","datePublished":"2022-12-01T13:00:06+00:00","dateModified":"2023-10-25T07:36:34+00:00","mainEntityOfPage":{"@id":"https:\/\/alladixital.org\/eon\/obres-premiaes-nel-certame-dinvestigacion-y-finalistes-de-la-olimpiada-escolar-de-redaicion\/"},"wordCount":382,"publisher":{"@id":"https:\/\/alladixital.org\/#organization"},"image":{"@id":"https:\/\/alladixital.org\/eon\/obres-premiaes-nel-certame-dinvestigacion-y-finalistes-de-la-olimpiada-escolar-de-redaicion\/#primaryimage"},"thumbnailUrl":"https:\/\/alladixital.org\/wp-content\/uploads\/2023\/01\/20221118145048_IMG_4150-1536x1024-1.jpg","articleSection":["Anuncios"],"inLanguage":"eon-EON"},{"@type":"WebPage","@id":"https:\/\/alladixital.org\/eon\/obres-premiaes-nel-certame-dinvestigacion-y-finalistes-de-la-olimpiada-escolar-de-redaicion\/","url":"https:\/\/alladixital.org\/eon\/obres-premiaes-nel-certame-dinvestigacion-y-finalistes-de-la-olimpiada-escolar-de-redaicion\/","name":"Obres premiaes nel Certame d\u2019investigaci\u00f3n y finalistes de la Olimpiada escolar de redaici\u00f3n - Academia de la Llingua Asturiana","isPartOf":{"@id":"https:\/\/alladixital.org\/#website"},"primaryImageOfPage":{"@id":"https:\/\/alladixital.org\/eon\/obres-premiaes-nel-certame-dinvestigacion-y-finalistes-de-la-olimpiada-escolar-de-redaicion\/#primaryimage"},"image":{"@id":"https:\/\/alladixital.org\/eon\/obres-premiaes-nel-certame-dinvestigacion-y-finalistes-de-la-olimpiada-escolar-de-redaicion\/#primaryimage"},"thumbnailUrl":"https:\/\/alladixital.org\/wp-content\/uploads\/2023\/01\/20221118145048_IMG_4150-1536x1024-1.jpg","datePublished":"2022-12-01T13:00:06+00:00","dateModified":"2023-10-25T07:36:34+00:00","breadcrumb":{"@id":"https:\/\/alladixital.org\/eon\/obres-premiaes-nel-certame-dinvestigacion-y-finalistes-de-la-olimpiada-escolar-de-redaicion\/#breadcrumb"},"inLanguage":"eon-EON","potentialAction":[{"@type":"ReadAction","target":["https:\/\/alladixital.org\/eon\/obres-premiaes-nel-certame-dinvestigacion-y-finalistes-de-la-olimpiada-escolar-de-redaicion\/"]}]},{"@type":"ImageObject","inLanguage":"eon-EON","@id":"https:\/\/alladixital.org\/eon\/obres-premiaes-nel-certame-dinvestigacion-y-finalistes-de-la-olimpiada-escolar-de-redaicion\/#primaryimage","url":"https:\/\/alladixital.org\/wp-content\/uploads\/2023\/01\/20221118145048_IMG_4150-1536x1024-1.jpg","contentUrl":"https:\/\/alladixital.org\/wp-content\/uploads\/2023\/01\/20221118145048_IMG_4150-1536x1024-1.jpg","width":1536,"height":1024},{"@type":"BreadcrumbList","@id":"https:\/\/alladixital.org\/eon\/obres-premiaes-nel-certame-dinvestigacion-y-finalistes-de-la-olimpiada-escolar-de-redaicion\/#breadcrumb","itemListElement":[{"@type":"ListItem","position":1,"name":"Portada","item":"https:\/\/alladixital.org\/eon\/"},{"@type":"ListItem","position":2,"name":"Obres premiaes nel Certame d\u2019investigaci\u00f3n y finalistes de la Olimpiada escolar de redaici\u00f3n"}]},{"@type":"WebSite","@id":"https:\/\/alladixital.org\/#website","url":"https:\/\/alladixital.org\/","name":"Academia de la Llingua Asturiana","description":"ALLA","publisher":{"@id":"https:\/\/alladixital.org\/#organization"},"potentialAction":[{"@type":"SearchAction","target":{"@type":"EntryPoint","urlTemplate":"https:\/\/alladixital.org\/?s={search_term_string}"},"query-input":{"@type":"PropertyValueSpecification","valueRequired":true,"valueName":"search_term_string"}}],"inLanguage":"eon-EON"},{"@type":"Organization","@id":"https:\/\/alladixital.org\/#organization","name":"Academia de la Llingua Asturiana","url":"https:\/\/alladixital.org\/","logo":{"@type":"ImageObject","inLanguage":"eon-EON","@id":"https:\/\/alladixital.org\/#\/schema\/logo\/image\/","url":"https:\/\/alladixital.org\/wp-content\/uploads\/2022\/08\/logo_LLINGUA_280_V3.jpg","contentUrl":"https:\/\/alladixital.org\/wp-content\/uploads\/2022\/08\/logo_LLINGUA_280_V3.jpg","width":1064,"height":1096,"caption":"Academia de la Llingua Asturiana"},"image":{"@id":"https:\/\/alladixital.org\/#\/schema\/logo\/image\/"},"sameAs":["https:\/\/www.facebook.com\/AcademiadelaLlinguaAsturiana\/","https:\/\/x.com\/ALLA_ast"]},{"@type":"Person","@id":"https:\/\/alladixital.org\/#\/schema\/person\/1b8ec4d1fc4db6cb1ac5a2bfdf87b3f4","name":"infofuturo","image":{"@type":"ImageObject","inLanguage":"eon-EON","@id":"https:\/\/alladixital.org\/#\/schema\/person\/image\/","url":"https:\/\/secure.gravatar.com\/avatar\/adfbd1599bdd5ec1a87033e301fb580d1ec07f15e78cc8db851aa671f95c1426?s=96&d=mm&r=g","contentUrl":"https:\/\/secure.gravatar.com\/avatar\/adfbd1599bdd5ec1a87033e301fb580d1ec07f15e78cc8db851aa671f95c1426?s=96&d=mm&r=g","caption":"infofuturo"},"url":"https:\/\/alladixital.org\/eon\/author\/infofuturo\/"}]}},"brizy_media":[],"_links":{"self":[{"href":"https:\/\/alladixital.org\/eon\/wp-json\/wp\/v2\/posts\/22110","targetHints":{"allow":["GET"]}}],"collection":[{"href":"https:\/\/alladixital.org\/eon\/wp-json\/wp\/v2\/posts"}],"about":[{"href":"https:\/\/alladixital.org\/eon\/wp-json\/wp\/v2\/types\/post"}],"author":[{"embeddable":true,"href":"https:\/\/alladixital.org\/eon\/wp-json\/wp\/v2\/users\/5"}],"replies":[{"embeddable":true,"href":"https:\/\/alladixital.org\/eon\/wp-json\/wp\/v2\/comments?post=22110"}],"version-history":[{"count":0,"href":"https:\/\/alladixital.org\/eon\/wp-json\/wp\/v2\/posts\/22110\/revisions"}],"wp:featuredmedia":[{"embeddable":true,"href":"https:\/\/alladixital.org\/eon\/wp-json\/wp\/v2\/media\/17306"}],"wp:attachment":[{"href":"https:\/\/alladixital.org\/eon\/wp-json\/wp\/v2\/media?parent=22110"}],"wp:term":[{"taxonomy":"category","embeddable":true,"href":"https:\/\/alladixital.org\/eon\/wp-json\/wp\/v2\/categories?post=22110"},{"taxonomy":"post_tag","embeddable":true,"href":"https:\/\/alladixital.org\/eon\/wp-json\/wp\/v2\/tags?post=22110"}],"curies":[{"name":"wp","href":"https:\/\/api.w.org\/{rel}","templated":true}]}}