{"id":23594,"date":"2024-04-10T10:55:18","date_gmt":"2024-04-10T08:55:18","guid":{"rendered":"https:\/\/alladixital.org\/?p=23594"},"modified":"2024-06-25T15:26:58","modified_gmt":"2024-06-25T13:26:58","slug":"claudia-elena-menendez-fernandez-y-pablo-rodriguez-medina-propuestos-como-numberarios-de-lalla","status":"publish","type":"post","link":"https:\/\/alladixital.org\/eon\/claudia-elena-menendez-fernandez-y-pablo-rodriguez-medina-propuestos-como-numberarios-de-lalla\/","title":{"rendered":"Claudia Elena Men\u00e9ndez Fern\u00e1ndez y Pablo Rodr\u00edguez Medina, propuestos como numberarios de l\u2019ALLA"},"content":{"rendered":"<h1>Claudia Elena Men\u00e9ndez Fern\u00e1ndez y Pablo Rodr\u00edguez Medina, propuestos como numberarios de l\u2019ALLA<\/h1>\n<h3>El plenariu tami\u00e9n prop\u00f3n la entrada, como miembru d&#8217;honor, de la romanista \u00c9va Buchi<\/h3>\n<p>La xunta estraordinaria de l\u2019Academia de la Llingua Asturiana (ALLA) propunxo, esti llunes d\u00eda 8, la entrada de tres nuevos acad\u00e9micos. Como miembros de <strong>n\u00famberu<\/strong>, Claudia Elena Men\u00e9ndez Fern\u00e1ndez y Pablo Rodr\u00edguez Medina; y, como miembru <strong>d\u2019honor<\/strong>, \u00c9va Buchi.<\/p>\n<p>D\u2019alcuerdu colos estatutos de l\u2019ALLA, les tres persones propuestes habr\u00e1n aceutar la so nueva condici\u00f3n acad\u00e9mica y, como ye vezu y obligaci\u00f3n, recoyela p\u00fablicamente dientro de la sesi\u00f3n estraordinaria enmarcada nel XLV D\u00eda de les Lletres Asturianes, que va celebrase\u2019l vienres 3 de mayu nel Teatru Campoamor d\u2019Uvi\u00e9u.<\/p>\n<p><strong>Claudia Elena Men\u00e9ndez Fern\u00e1ndez<\/strong> (La G\u00fceria Carrocera, Samart\u00edn del Rei Aurelio, 1994) ye profesora de Lling\u00fc\u00edstica Rom\u00e1nica na Universid\u00e1 d\u2019Uvi\u00e9u. Doctora en Filolox\u00eda Rom\u00e1nica, la so activid\u00e1 investigadora (que, ente otres especialidaes, va de la onom\u00e1stica a la sociolling\u00fc\u00edstica y que-y vali\u00f3 pa tener delles estancies n\u2019universidaes europees) da como result\u00e1u una importante collecha de publicaciones, participaciones en proyeutos y conferencies. En rellaci\u00f3n cola ALLA, destaca la so implicaci\u00f3n en dos comisiones de trabayu (pedag\u00f3xica y lexicogr\u00e1fica), na Universid\u00e1 Asturiana de Branu (como docente y direutora) y tami\u00e9n nel \u00e1mbitu editorial, como autora de dellos art\u00edculos y del llibru <em>Averamientu al asturianu de La G\u00fceria Carrocera<\/em>, trabayu que consiguiere\u2019l primer premiu y el premiu especial nos concursos d\u2019investigaci\u00f3n de l\u2019Academia nel a\u00f1u 2022.<\/p>\n<p><strong>Pablo Rodr\u00edguez Medina<\/strong> (L\u2019Entregu, Samart\u00edn del Rei Aurelio, 1978) ye acad\u00e9micu correspondiente de l\u2019ALLA y profesor de Llingua Castellana y Lliteratura en Secundaria y Bachilleratu. La so condici\u00f3n de fil\u00f3logu Especialista en Llingua Asturiana tami\u00e9n-y permiti\u00f3 ser profesor de Llingua Asturiana y Lliteratura nueve cursos acad\u00e9micos. La so bayurosa producci\u00f3n pue xebrase en dos estayes. Como escritor en pr\u00e1uticamente tolos x\u00e9neros lliterarios, tien ganao dellos de los concursos m\u00e1s importantes del pa\u00eds. Como estudiosu de la lliteratura, am\u00e1s de cr\u00edtica en delles revistes de creaci\u00f3n, ye autor d\u2019una importante coleici\u00f3n d\u2019obres d\u2019anal\u00eds lliterariu. Aparte de la so pertenencia a l\u2019Academia como miembru correspondiente, ha sorrayase\u2019l so historial como docente nos programes formativos de la instituci\u00f3n y la publicaci\u00f3n, dientro d\u2019ella, d\u2019ocho obres lliteraries y dellos art\u00edculos d\u2019investigaci\u00f3n.<\/p>\n<p><strong>\u00c9va Buchi<\/strong> (Lucerna, 1964) ye direutora d\u2019investigaci\u00f3n del <em>Centre National de la Recherche Scientifique<\/em> (CNRS), profesora de la Universid\u00e1 de Lorraine, editora de la revista <em>Zeitschrift f\u00fcr romanische Philologie<\/em> y codireutora <em>del Dictionnaire \u00c9tymologique Roman<\/em> (D\u00c9Rom). Estes y otres ocupaciones faen d\u2019ella una referencia internacional nel so campu. Doctora en Llingua y Lliteratura Rom\u00e1niques, la so estens\u00edsima obra, con delles decenes d\u2019art\u00edculos, entraes de diccionariu o cap\u00edtulos, calti\u00e9n un importante compromisu cola llingua asturiana y el so estudiu dientro del \u00e1mbitu rom\u00e1nicu. Am\u00e1s de ser miembru del comit\u00e9 cient\u00edficu de <em>Lletres Asturianes<\/em>, delles de les sos investigaciones asoleyaes nesta y otres publicaciones, estudien l\u2019asturianu dende perspeutives estremaes, como, por exemplu, l&#8217;antroponimia, la morfolox\u00eda o la etimolox\u00eda.<\/p>\n<p>&nbsp;<\/p>\n<p>&nbsp;<\/p>\n<p>&nbsp;<\/p>\n<p>Uvi\u00e9u, 10 d\u2019abril del 2024<\/p>\n","protected":false},"excerpt":{"rendered":"<p>Claudia Elena Men\u00e9ndez Fern\u00e1ndez y Pablo Rodr\u00edguez Medina, propuestos como numberarios de l\u2019ALLA El plenariu tami\u00e9n prop\u00f3n la entrada, como miembru d&#8217;honor, de la romanista \u00c9va Buchi La xunta estraordinaria &hellip; <\/p>\n<p class=\"link-more\"><a href=\"https:\/\/alladixital.org\/eon\/claudia-elena-menendez-fernandez-y-pablo-rodriguez-medina-propuestos-como-numberarios-de-lalla\/\" class=\"more-link\">Continue reading<span class=\"screen-reader-text\"> &#8220;Claudia Elena Men\u00e9ndez Fern\u00e1ndez y Pablo Rodr\u00edguez Medina, propuestos como numberarios de l\u2019ALLA&#8221;<\/span><\/a><\/p>\n","protected":false},"author":5,"featured_media":17654,"comment_status":"closed","ping_status":"closed","sticky":false,"template":"","format":"standard","meta":{"_acf_changed":false,"footnotes":""},"categories":[345],"tags":[],"class_list":["post-23594","post","type-post","status-publish","format-standard","has-post-thumbnail","hentry","category-uncategorized-eon"],"acf":[],"yoast_head":"<!-- This site is optimized with the Yoast SEO plugin v26.7 - https:\/\/yoast.com\/wordpress\/plugins\/seo\/ -->\n<title>Claudia Elena Men\u00e9ndez Fern\u00e1ndez y Pablo Rodr\u00edguez Medina, propuestos como numberarios de l\u2019ALLA - Academia de la Llingua Asturiana<\/title>\n<meta name=\"robots\" content=\"index, follow, max-snippet:-1, max-image-preview:large, max-video-preview:-1\" \/>\n<link rel=\"canonical\" href=\"https:\/\/alladixital.org\/eon\/claudia-elena-menendez-fernandez-y-pablo-rodriguez-medina-propuestos-como-numberarios-de-lalla\/\" \/>\n<meta property=\"og:locale\" content=\"eo_EO\" \/>\n<meta property=\"og:type\" content=\"article\" \/>\n<meta property=\"og:title\" content=\"Claudia Elena Men\u00e9ndez Fern\u00e1ndez y Pablo Rodr\u00edguez Medina, propuestos como numberarios de l\u2019ALLA - Academia de la Llingua Asturiana\" \/>\n<meta property=\"og:description\" content=\"Claudia Elena Men\u00e9ndez Fern\u00e1ndez y Pablo Rodr\u00edguez Medina, propuestos como numberarios de l\u2019ALLA El plenariu tami\u00e9n prop\u00f3n la entrada, como miembru d&#8217;honor, de la romanista \u00c9va Buchi La xunta estraordinaria &hellip; Continue reading &quot;Claudia Elena Men\u00e9ndez Fern\u00e1ndez y Pablo Rodr\u00edguez Medina, propuestos como numberarios de l\u2019ALLA&quot;\" \/>\n<meta property=\"og:url\" content=\"https:\/\/alladixital.org\/eon\/claudia-elena-menendez-fernandez-y-pablo-rodriguez-medina-propuestos-como-numberarios-de-lalla\/\" \/>\n<meta property=\"og:site_name\" content=\"Academia de la Llingua Asturiana\" \/>\n<meta property=\"article:publisher\" content=\"https:\/\/www.facebook.com\/AcademiadelaLlinguaAsturiana\/\" \/>\n<meta property=\"article:published_time\" content=\"2024-04-10T08:55:18+00:00\" \/>\n<meta property=\"article:modified_time\" content=\"2024-06-25T13:26:58+00:00\" \/>\n<meta property=\"og:image\" content=\"https:\/\/alladixital.org\/wp-content\/uploads\/2023\/03\/banner-alla-2500x600-1.jpg\" \/>\n\t<meta property=\"og:image:width\" content=\"2500\" \/>\n\t<meta property=\"og:image:height\" content=\"600\" \/>\n\t<meta property=\"og:image:type\" content=\"image\/jpeg\" \/>\n<meta name=\"author\" content=\"infofuturo\" \/>\n<meta name=\"twitter:card\" content=\"summary_large_image\" \/>\n<meta name=\"twitter:creator\" content=\"@ALLA_ast\" \/>\n<meta name=\"twitter:site\" content=\"@ALLA_ast\" \/>\n<script type=\"application\/ld+json\" class=\"yoast-schema-graph\">{\"@context\":\"https:\/\/schema.org\",\"@graph\":[{\"@type\":\"Article\",\"@id\":\"https:\/\/alladixital.org\/eon\/claudia-elena-menendez-fernandez-y-pablo-rodriguez-medina-propuestos-como-numberarios-de-lalla\/#article\",\"isPartOf\":{\"@id\":\"https:\/\/alladixital.org\/eon\/claudia-elena-menendez-fernandez-y-pablo-rodriguez-medina-propuestos-como-numberarios-de-lalla\/\"},\"author\":{\"name\":\"infofuturo\",\"@id\":\"https:\/\/alladixital.org\/#\/schema\/person\/1b8ec4d1fc4db6cb1ac5a2bfdf87b3f4\"},\"headline\":\"Claudia Elena Men\u00e9ndez Fern\u00e1ndez y Pablo Rodr\u00edguez Medina, propuestos como numberarios de l\u2019ALLA\",\"datePublished\":\"2024-04-10T08:55:18+00:00\",\"dateModified\":\"2024-06-25T13:26:58+00:00\",\"mainEntityOfPage\":{\"@id\":\"https:\/\/alladixital.org\/eon\/claudia-elena-menendez-fernandez-y-pablo-rodriguez-medina-propuestos-como-numberarios-de-lalla\/\"},\"wordCount\":601,\"publisher\":{\"@id\":\"https:\/\/alladixital.org\/#organization\"},\"image\":{\"@id\":\"https:\/\/alladixital.org\/eon\/claudia-elena-menendez-fernandez-y-pablo-rodriguez-medina-propuestos-como-numberarios-de-lalla\/#primaryimage\"},\"thumbnailUrl\":\"https:\/\/alladixital.org\/wp-content\/uploads\/2023\/03\/banner-alla-2500x600-1.jpg\",\"articleSection\":[\"Anuncios\"],\"inLanguage\":\"eon-EON\"},{\"@type\":\"WebPage\",\"@id\":\"https:\/\/alladixital.org\/eon\/claudia-elena-menendez-fernandez-y-pablo-rodriguez-medina-propuestos-como-numberarios-de-lalla\/\",\"url\":\"https:\/\/alladixital.org\/eon\/claudia-elena-menendez-fernandez-y-pablo-rodriguez-medina-propuestos-como-numberarios-de-lalla\/\",\"name\":\"Claudia Elena Men\u00e9ndez Fern\u00e1ndez y Pablo Rodr\u00edguez Medina, propuestos como numberarios de l\u2019ALLA - Academia de la Llingua Asturiana\",\"isPartOf\":{\"@id\":\"https:\/\/alladixital.org\/#website\"},\"primaryImageOfPage\":{\"@id\":\"https:\/\/alladixital.org\/eon\/claudia-elena-menendez-fernandez-y-pablo-rodriguez-medina-propuestos-como-numberarios-de-lalla\/#primaryimage\"},\"image\":{\"@id\":\"https:\/\/alladixital.org\/eon\/claudia-elena-menendez-fernandez-y-pablo-rodriguez-medina-propuestos-como-numberarios-de-lalla\/#primaryimage\"},\"thumbnailUrl\":\"https:\/\/alladixital.org\/wp-content\/uploads\/2023\/03\/banner-alla-2500x600-1.jpg\",\"datePublished\":\"2024-04-10T08:55:18+00:00\",\"dateModified\":\"2024-06-25T13:26:58+00:00\",\"breadcrumb\":{\"@id\":\"https:\/\/alladixital.org\/eon\/claudia-elena-menendez-fernandez-y-pablo-rodriguez-medina-propuestos-como-numberarios-de-lalla\/#breadcrumb\"},\"inLanguage\":\"eon-EON\",\"potentialAction\":[{\"@type\":\"ReadAction\",\"target\":[\"https:\/\/alladixital.org\/eon\/claudia-elena-menendez-fernandez-y-pablo-rodriguez-medina-propuestos-como-numberarios-de-lalla\/\"]}]},{\"@type\":\"ImageObject\",\"inLanguage\":\"eon-EON\",\"@id\":\"https:\/\/alladixital.org\/eon\/claudia-elena-menendez-fernandez-y-pablo-rodriguez-medina-propuestos-como-numberarios-de-lalla\/#primaryimage\",\"url\":\"https:\/\/alladixital.org\/wp-content\/uploads\/2023\/03\/banner-alla-2500x600-1.jpg\",\"contentUrl\":\"https:\/\/alladixital.org\/wp-content\/uploads\/2023\/03\/banner-alla-2500x600-1.jpg\",\"width\":2500,\"height\":600},{\"@type\":\"BreadcrumbList\",\"@id\":\"https:\/\/alladixital.org\/eon\/claudia-elena-menendez-fernandez-y-pablo-rodriguez-medina-propuestos-como-numberarios-de-lalla\/#breadcrumb\",\"itemListElement\":[{\"@type\":\"ListItem\",\"position\":1,\"name\":\"Portada\",\"item\":\"https:\/\/alladixital.org\/eon\/\"},{\"@type\":\"ListItem\",\"position\":2,\"name\":\"Claudia Elena Men\u00e9ndez Fern\u00e1ndez y Pablo Rodr\u00edguez Medina, propuestos como numberarios de l\u2019ALLA\"}]},{\"@type\":\"WebSite\",\"@id\":\"https:\/\/alladixital.org\/#website\",\"url\":\"https:\/\/alladixital.org\/\",\"name\":\"Academia de la Llingua Asturiana\",\"description\":\"ALLA\",\"publisher\":{\"@id\":\"https:\/\/alladixital.org\/#organization\"},\"potentialAction\":[{\"@type\":\"SearchAction\",\"target\":{\"@type\":\"EntryPoint\",\"urlTemplate\":\"https:\/\/alladixital.org\/?s={search_term_string}\"},\"query-input\":{\"@type\":\"PropertyValueSpecification\",\"valueRequired\":true,\"valueName\":\"search_term_string\"}}],\"inLanguage\":\"eon-EON\"},{\"@type\":\"Organization\",\"@id\":\"https:\/\/alladixital.org\/#organization\",\"name\":\"Academia de la Llingua Asturiana\",\"url\":\"https:\/\/alladixital.org\/\",\"logo\":{\"@type\":\"ImageObject\",\"inLanguage\":\"eon-EON\",\"@id\":\"https:\/\/alladixital.org\/#\/schema\/logo\/image\/\",\"url\":\"https:\/\/alladixital.org\/wp-content\/uploads\/2022\/08\/logo_LLINGUA_280_V3.jpg\",\"contentUrl\":\"https:\/\/alladixital.org\/wp-content\/uploads\/2022\/08\/logo_LLINGUA_280_V3.jpg\",\"width\":1064,\"height\":1096,\"caption\":\"Academia de la Llingua Asturiana\"},\"image\":{\"@id\":\"https:\/\/alladixital.org\/#\/schema\/logo\/image\/\"},\"sameAs\":[\"https:\/\/www.facebook.com\/AcademiadelaLlinguaAsturiana\/\",\"https:\/\/x.com\/ALLA_ast\"]},{\"@type\":\"Person\",\"@id\":\"https:\/\/alladixital.org\/#\/schema\/person\/1b8ec4d1fc4db6cb1ac5a2bfdf87b3f4\",\"name\":\"infofuturo\",\"image\":{\"@type\":\"ImageObject\",\"inLanguage\":\"eon-EON\",\"@id\":\"https:\/\/alladixital.org\/#\/schema\/person\/image\/\",\"url\":\"https:\/\/secure.gravatar.com\/avatar\/adfbd1599bdd5ec1a87033e301fb580d1ec07f15e78cc8db851aa671f95c1426?s=96&d=mm&r=g\",\"contentUrl\":\"https:\/\/secure.gravatar.com\/avatar\/adfbd1599bdd5ec1a87033e301fb580d1ec07f15e78cc8db851aa671f95c1426?s=96&d=mm&r=g\",\"caption\":\"infofuturo\"},\"url\":\"https:\/\/alladixital.org\/eon\/author\/infofuturo\/\"}]}<\/script>\n<!-- \/ Yoast SEO plugin. -->","yoast_head_json":{"title":"Claudia Elena Men\u00e9ndez Fern\u00e1ndez y Pablo Rodr\u00edguez Medina, propuestos como numberarios de l\u2019ALLA - Academia de la Llingua Asturiana","robots":{"index":"index","follow":"follow","max-snippet":"max-snippet:-1","max-image-preview":"max-image-preview:large","max-video-preview":"max-video-preview:-1"},"canonical":"https:\/\/alladixital.org\/eon\/claudia-elena-menendez-fernandez-y-pablo-rodriguez-medina-propuestos-como-numberarios-de-lalla\/","og_locale":"eo_EO","og_type":"article","og_title":"Claudia Elena Men\u00e9ndez Fern\u00e1ndez y Pablo Rodr\u00edguez Medina, propuestos como numberarios de l\u2019ALLA - Academia de la Llingua Asturiana","og_description":"Claudia Elena Men\u00e9ndez Fern\u00e1ndez y Pablo Rodr\u00edguez Medina, propuestos como numberarios de l\u2019ALLA El plenariu tami\u00e9n prop\u00f3n la entrada, como miembru d&#8217;honor, de la romanista \u00c9va Buchi La xunta estraordinaria &hellip; Continue reading \"Claudia Elena Men\u00e9ndez Fern\u00e1ndez y Pablo Rodr\u00edguez Medina, propuestos como numberarios de l\u2019ALLA\"","og_url":"https:\/\/alladixital.org\/eon\/claudia-elena-menendez-fernandez-y-pablo-rodriguez-medina-propuestos-como-numberarios-de-lalla\/","og_site_name":"Academia de la Llingua Asturiana","article_publisher":"https:\/\/www.facebook.com\/AcademiadelaLlinguaAsturiana\/","article_published_time":"2024-04-10T08:55:18+00:00","article_modified_time":"2024-06-25T13:26:58+00:00","og_image":[{"width":2500,"height":600,"url":"https:\/\/alladixital.org\/wp-content\/uploads\/2023\/03\/banner-alla-2500x600-1.jpg","type":"image\/jpeg"}],"author":"infofuturo","twitter_card":"summary_large_image","twitter_creator":"@ALLA_ast","twitter_site":"@ALLA_ast","schema":{"@context":"https:\/\/schema.org","@graph":[{"@type":"Article","@id":"https:\/\/alladixital.org\/eon\/claudia-elena-menendez-fernandez-y-pablo-rodriguez-medina-propuestos-como-numberarios-de-lalla\/#article","isPartOf":{"@id":"https:\/\/alladixital.org\/eon\/claudia-elena-menendez-fernandez-y-pablo-rodriguez-medina-propuestos-como-numberarios-de-lalla\/"},"author":{"name":"infofuturo","@id":"https:\/\/alladixital.org\/#\/schema\/person\/1b8ec4d1fc4db6cb1ac5a2bfdf87b3f4"},"headline":"Claudia Elena Men\u00e9ndez Fern\u00e1ndez y Pablo Rodr\u00edguez Medina, propuestos como numberarios de l\u2019ALLA","datePublished":"2024-04-10T08:55:18+00:00","dateModified":"2024-06-25T13:26:58+00:00","mainEntityOfPage":{"@id":"https:\/\/alladixital.org\/eon\/claudia-elena-menendez-fernandez-y-pablo-rodriguez-medina-propuestos-como-numberarios-de-lalla\/"},"wordCount":601,"publisher":{"@id":"https:\/\/alladixital.org\/#organization"},"image":{"@id":"https:\/\/alladixital.org\/eon\/claudia-elena-menendez-fernandez-y-pablo-rodriguez-medina-propuestos-como-numberarios-de-lalla\/#primaryimage"},"thumbnailUrl":"https:\/\/alladixital.org\/wp-content\/uploads\/2023\/03\/banner-alla-2500x600-1.jpg","articleSection":["Anuncios"],"inLanguage":"eon-EON"},{"@type":"WebPage","@id":"https:\/\/alladixital.org\/eon\/claudia-elena-menendez-fernandez-y-pablo-rodriguez-medina-propuestos-como-numberarios-de-lalla\/","url":"https:\/\/alladixital.org\/eon\/claudia-elena-menendez-fernandez-y-pablo-rodriguez-medina-propuestos-como-numberarios-de-lalla\/","name":"Claudia Elena Men\u00e9ndez Fern\u00e1ndez y Pablo Rodr\u00edguez Medina, propuestos como numberarios de l\u2019ALLA - Academia de la Llingua Asturiana","isPartOf":{"@id":"https:\/\/alladixital.org\/#website"},"primaryImageOfPage":{"@id":"https:\/\/alladixital.org\/eon\/claudia-elena-menendez-fernandez-y-pablo-rodriguez-medina-propuestos-como-numberarios-de-lalla\/#primaryimage"},"image":{"@id":"https:\/\/alladixital.org\/eon\/claudia-elena-menendez-fernandez-y-pablo-rodriguez-medina-propuestos-como-numberarios-de-lalla\/#primaryimage"},"thumbnailUrl":"https:\/\/alladixital.org\/wp-content\/uploads\/2023\/03\/banner-alla-2500x600-1.jpg","datePublished":"2024-04-10T08:55:18+00:00","dateModified":"2024-06-25T13:26:58+00:00","breadcrumb":{"@id":"https:\/\/alladixital.org\/eon\/claudia-elena-menendez-fernandez-y-pablo-rodriguez-medina-propuestos-como-numberarios-de-lalla\/#breadcrumb"},"inLanguage":"eon-EON","potentialAction":[{"@type":"ReadAction","target":["https:\/\/alladixital.org\/eon\/claudia-elena-menendez-fernandez-y-pablo-rodriguez-medina-propuestos-como-numberarios-de-lalla\/"]}]},{"@type":"ImageObject","inLanguage":"eon-EON","@id":"https:\/\/alladixital.org\/eon\/claudia-elena-menendez-fernandez-y-pablo-rodriguez-medina-propuestos-como-numberarios-de-lalla\/#primaryimage","url":"https:\/\/alladixital.org\/wp-content\/uploads\/2023\/03\/banner-alla-2500x600-1.jpg","contentUrl":"https:\/\/alladixital.org\/wp-content\/uploads\/2023\/03\/banner-alla-2500x600-1.jpg","width":2500,"height":600},{"@type":"BreadcrumbList","@id":"https:\/\/alladixital.org\/eon\/claudia-elena-menendez-fernandez-y-pablo-rodriguez-medina-propuestos-como-numberarios-de-lalla\/#breadcrumb","itemListElement":[{"@type":"ListItem","position":1,"name":"Portada","item":"https:\/\/alladixital.org\/eon\/"},{"@type":"ListItem","position":2,"name":"Claudia Elena Men\u00e9ndez Fern\u00e1ndez y Pablo Rodr\u00edguez Medina, propuestos como numberarios de l\u2019ALLA"}]},{"@type":"WebSite","@id":"https:\/\/alladixital.org\/#website","url":"https:\/\/alladixital.org\/","name":"Academia de la Llingua Asturiana","description":"ALLA","publisher":{"@id":"https:\/\/alladixital.org\/#organization"},"potentialAction":[{"@type":"SearchAction","target":{"@type":"EntryPoint","urlTemplate":"https:\/\/alladixital.org\/?s={search_term_string}"},"query-input":{"@type":"PropertyValueSpecification","valueRequired":true,"valueName":"search_term_string"}}],"inLanguage":"eon-EON"},{"@type":"Organization","@id":"https:\/\/alladixital.org\/#organization","name":"Academia de la Llingua Asturiana","url":"https:\/\/alladixital.org\/","logo":{"@type":"ImageObject","inLanguage":"eon-EON","@id":"https:\/\/alladixital.org\/#\/schema\/logo\/image\/","url":"https:\/\/alladixital.org\/wp-content\/uploads\/2022\/08\/logo_LLINGUA_280_V3.jpg","contentUrl":"https:\/\/alladixital.org\/wp-content\/uploads\/2022\/08\/logo_LLINGUA_280_V3.jpg","width":1064,"height":1096,"caption":"Academia de la Llingua Asturiana"},"image":{"@id":"https:\/\/alladixital.org\/#\/schema\/logo\/image\/"},"sameAs":["https:\/\/www.facebook.com\/AcademiadelaLlinguaAsturiana\/","https:\/\/x.com\/ALLA_ast"]},{"@type":"Person","@id":"https:\/\/alladixital.org\/#\/schema\/person\/1b8ec4d1fc4db6cb1ac5a2bfdf87b3f4","name":"infofuturo","image":{"@type":"ImageObject","inLanguage":"eon-EON","@id":"https:\/\/alladixital.org\/#\/schema\/person\/image\/","url":"https:\/\/secure.gravatar.com\/avatar\/adfbd1599bdd5ec1a87033e301fb580d1ec07f15e78cc8db851aa671f95c1426?s=96&d=mm&r=g","contentUrl":"https:\/\/secure.gravatar.com\/avatar\/adfbd1599bdd5ec1a87033e301fb580d1ec07f15e78cc8db851aa671f95c1426?s=96&d=mm&r=g","caption":"infofuturo"},"url":"https:\/\/alladixital.org\/eon\/author\/infofuturo\/"}]}},"brizy_media":[],"_links":{"self":[{"href":"https:\/\/alladixital.org\/eon\/wp-json\/wp\/v2\/posts\/23594","targetHints":{"allow":["GET"]}}],"collection":[{"href":"https:\/\/alladixital.org\/eon\/wp-json\/wp\/v2\/posts"}],"about":[{"href":"https:\/\/alladixital.org\/eon\/wp-json\/wp\/v2\/types\/post"}],"author":[{"embeddable":true,"href":"https:\/\/alladixital.org\/eon\/wp-json\/wp\/v2\/users\/5"}],"replies":[{"embeddable":true,"href":"https:\/\/alladixital.org\/eon\/wp-json\/wp\/v2\/comments?post=23594"}],"version-history":[{"count":0,"href":"https:\/\/alladixital.org\/eon\/wp-json\/wp\/v2\/posts\/23594\/revisions"}],"wp:featuredmedia":[{"embeddable":true,"href":"https:\/\/alladixital.org\/eon\/wp-json\/wp\/v2\/media\/17654"}],"wp:attachment":[{"href":"https:\/\/alladixital.org\/eon\/wp-json\/wp\/v2\/media?parent=23594"}],"wp:term":[{"taxonomy":"category","embeddable":true,"href":"https:\/\/alladixital.org\/eon\/wp-json\/wp\/v2\/categories?post=23594"},{"taxonomy":"post_tag","embeddable":true,"href":"https:\/\/alladixital.org\/eon\/wp-json\/wp\/v2\/tags?post=23594"}],"curies":[{"name":"wp","href":"https:\/\/api.w.org\/{rel}","templated":true}]}}