{"id":23658,"date":"2024-01-18T12:24:48","date_gmt":"2024-01-18T11:24:48","guid":{"rendered":"https:\/\/alladixital.org\/?p=23658"},"modified":"2024-04-19T11:55:08","modified_gmt":"2024-04-19T09:55:08","slug":"lacademia-y-el-partiu-popular-aconceyen-y-llogren-puntos-dalcuerdu-na-cuestion-llinguistica","status":"publish","type":"post","link":"https:\/\/alladixital.org\/eon\/lacademia-y-el-partiu-popular-aconceyen-y-llogren-puntos-dalcuerdu-na-cuestion-llinguistica\/","title":{"rendered":"L\u2019Academia y el Part\u00edu Popular aconceyen y llogren puntos d\u2019alcuerdu na cuesti\u00f3n lling\u00fc\u00edstica"},"content":{"rendered":"<p>\u00c1lvaro Queipo, presidente del Part\u00edu Popular n\u2019Asturies, visit\u00f3 g\u00fcei xueves l\u2019Academia de la Llingua Asturiana (ALLA), acompa\u00f1\u00e1u polos diputaos Jos\u00e9 Luis Costillas y Beatriz Polledo. Pel llau de l\u2019Academia, asistieron Xos\u00e9 Ant\u00f3n Gonz\u00e1lez Ria\u00f1o y Xos\u00e9 Ram\u00f3n Iglesias Cueva, presidente y secretariu de la instituci\u00f3n.<\/p>\n<p>De la xunta celebrada ente les presidencies del PP asturianu y l\u2019ALLA, calificada d\u2019hist\u00f3rica (por ser la primer vegada que la presidencia popular visita la instituci\u00f3n lling\u00fc\u00edstica) y especialmente cordial, surdieron dellos puntos d\u2019alcuentru que dambes partes quieren facer p\u00fablicos:<\/p>\n<ol>\n<li>La llingua y la cultura asturianes tienen que tar al marxe d\u2019ideolox\u00edes y opciones pol\u00edtiques concretes, consider\u00e1ndoles una cuesti\u00f3n tresversal.<\/li>\n<li>L\u2019asturianu y l\u2019eonaviegu son un bien social que contribuye a la vertebraci\u00f3n de la socied\u00e1 asturiana.<\/li>\n<li>Dientro de les aiciones de la pol\u00edtica lling\u00fc\u00edstica, ha garantizase la llibert\u00e1 personal nel usu ensin restricci\u00f3n de les lling\u00fces propies.<\/li>\n<li>L\u2019Academia de la Llingua Asturiana ye\u2019l referente com\u00fan pa toa instituci\u00f3n, organismu o ciudadanu no tocante a la cuesti\u00f3n lling\u00fc\u00edstica nes sos derivaes cient\u00edfica, normativizadora y normalizadora.<\/li>\n<li>La pol\u00edtica lling\u00fc\u00edstica deriva non d\u2019una volunt\u00e1 particularista, sin\u00f3n d\u2019un marcu llexislativu que se tien de cumplir, onde la referencia m\u00e1xima ye la Constituci\u00f3n Espa\u00f1ola, xunto a otres como l\u2019Estatutu d\u2019Autonom\u00eda, la Llei d\u2019usu, la Carta europea de les lling\u00fces minoritaries y los decretos de los curr\u00edculos educativos.<\/li>\n<li>Les modificaciones, adautaciones o meyores plantegaes en rellaci\u00f3n cola pol\u00edtica lling\u00fc\u00edstica habr\u00eden facese col m\u00e1ximu consensu parllamentariu en representaci\u00f3n de los asturianos y les asturianes.<\/li>\n<li>L\u2019Academia de la Llingua Asturiana y el Part\u00edu Popular ap\u00e1utense en siguir caltiendo xuntes y contautos peri\u00f3dicos col env\u00eds de siguir afondando nos alcuerdos y postures compart\u00edes.<\/li>\n<\/ol>\n<p>Uvi\u00e9u, 18 de xineru del 2024<\/p>\n","protected":false},"excerpt":{"rendered":"<p>\u00c1lvaro Queipo, presidente del Part\u00edu Popular n\u2019Asturies, visit\u00f3 g\u00fcei xueves l\u2019Academia de la Llingua Asturiana (ALLA), acompa\u00f1\u00e1u polos diputaos Jos\u00e9 Luis Costillas y Beatriz Polledo. Pel llau de l\u2019Academia, asistieron &hellip; <\/p>\n<p class=\"link-more\"><a href=\"https:\/\/alladixital.org\/eon\/lacademia-y-el-partiu-popular-aconceyen-y-llogren-puntos-dalcuerdu-na-cuestion-llinguistica\/\" class=\"more-link\">Continue reading<span class=\"screen-reader-text\"> &#8220;L\u2019Academia y el Part\u00edu Popular aconceyen y llogren puntos d\u2019alcuerdu na cuesti\u00f3n lling\u00fc\u00edstica&#8221;<\/span><\/a><\/p>\n","protected":false},"author":5,"featured_media":22449,"comment_status":"closed","ping_status":"closed","sticky":false,"template":"","format":"standard","meta":{"_acf_changed":false,"footnotes":""},"categories":[345],"tags":[],"class_list":["post-23658","post","type-post","status-publish","format-standard","has-post-thumbnail","hentry","category-uncategorized-eon"],"acf":[],"yoast_head":"<!-- This site is optimized with the Yoast SEO plugin v26.7 - https:\/\/yoast.com\/wordpress\/plugins\/seo\/ -->\n<title>L\u2019Academia y el Part\u00edu Popular aconceyen y llogren puntos d\u2019alcuerdu na cuesti\u00f3n lling\u00fc\u00edstica - Academia de la Llingua Asturiana<\/title>\n<meta name=\"robots\" content=\"index, follow, max-snippet:-1, max-image-preview:large, max-video-preview:-1\" \/>\n<link rel=\"canonical\" href=\"https:\/\/alladixital.org\/eon\/lacademia-y-el-partiu-popular-aconceyen-y-llogren-puntos-dalcuerdu-na-cuestion-llinguistica\/\" \/>\n<meta property=\"og:locale\" content=\"eo_EO\" \/>\n<meta property=\"og:type\" content=\"article\" \/>\n<meta property=\"og:title\" content=\"L\u2019Academia y el Part\u00edu Popular aconceyen y llogren puntos d\u2019alcuerdu na cuesti\u00f3n lling\u00fc\u00edstica - Academia de la Llingua Asturiana\" \/>\n<meta property=\"og:description\" content=\"\u00c1lvaro Queipo, presidente del Part\u00edu Popular n\u2019Asturies, visit\u00f3 g\u00fcei xueves l\u2019Academia de la Llingua Asturiana (ALLA), acompa\u00f1\u00e1u polos diputaos Jos\u00e9 Luis Costillas y Beatriz Polledo. Pel llau de l\u2019Academia, asistieron &hellip; Continue reading &quot;L\u2019Academia y el Part\u00edu Popular aconceyen y llogren puntos d\u2019alcuerdu na cuesti\u00f3n lling\u00fc\u00edstica&quot;\" \/>\n<meta property=\"og:url\" content=\"https:\/\/alladixital.org\/eon\/lacademia-y-el-partiu-popular-aconceyen-y-llogren-puntos-dalcuerdu-na-cuestion-llinguistica\/\" \/>\n<meta property=\"og:site_name\" content=\"Academia de la Llingua Asturiana\" \/>\n<meta property=\"article:publisher\" content=\"https:\/\/www.facebook.com\/AcademiadelaLlinguaAsturiana\/\" \/>\n<meta property=\"article:published_time\" content=\"2024-01-18T11:24:48+00:00\" \/>\n<meta property=\"article:modified_time\" content=\"2024-04-19T09:55:08+00:00\" \/>\n<meta property=\"og:image\" content=\"https:\/\/alladixital.org\/wp-content\/uploads\/2024\/01\/IMG20240118112802-scaled.jpg\" \/>\n\t<meta property=\"og:image:width\" content=\"2560\" \/>\n\t<meta property=\"og:image:height\" content=\"1920\" \/>\n\t<meta property=\"og:image:type\" content=\"image\/jpeg\" \/>\n<meta name=\"author\" content=\"infofuturo\" \/>\n<meta name=\"twitter:card\" content=\"summary_large_image\" \/>\n<meta name=\"twitter:creator\" content=\"@ALLA_ast\" \/>\n<meta name=\"twitter:site\" content=\"@ALLA_ast\" \/>\n<script type=\"application\/ld+json\" class=\"yoast-schema-graph\">{\"@context\":\"https:\/\/schema.org\",\"@graph\":[{\"@type\":\"Article\",\"@id\":\"https:\/\/alladixital.org\/eon\/lacademia-y-el-partiu-popular-aconceyen-y-llogren-puntos-dalcuerdu-na-cuestion-llinguistica\/#article\",\"isPartOf\":{\"@id\":\"https:\/\/alladixital.org\/eon\/lacademia-y-el-partiu-popular-aconceyen-y-llogren-puntos-dalcuerdu-na-cuestion-llinguistica\/\"},\"author\":{\"name\":\"infofuturo\",\"@id\":\"https:\/\/alladixital.org\/#\/schema\/person\/1b8ec4d1fc4db6cb1ac5a2bfdf87b3f4\"},\"headline\":\"L\u2019Academia y el Part\u00edu Popular aconceyen y llogren puntos d\u2019alcuerdu na cuesti\u00f3n lling\u00fc\u00edstica\",\"datePublished\":\"2024-01-18T11:24:48+00:00\",\"dateModified\":\"2024-04-19T09:55:08+00:00\",\"mainEntityOfPage\":{\"@id\":\"https:\/\/alladixital.org\/eon\/lacademia-y-el-partiu-popular-aconceyen-y-llogren-puntos-dalcuerdu-na-cuestion-llinguistica\/\"},\"wordCount\":355,\"publisher\":{\"@id\":\"https:\/\/alladixital.org\/#organization\"},\"image\":{\"@id\":\"https:\/\/alladixital.org\/eon\/lacademia-y-el-partiu-popular-aconceyen-y-llogren-puntos-dalcuerdu-na-cuestion-llinguistica\/#primaryimage\"},\"thumbnailUrl\":\"https:\/\/alladixital.org\/wp-content\/uploads\/2024\/01\/IMG20240118112802-scaled.jpg\",\"articleSection\":[\"Anuncios\"],\"inLanguage\":\"eon-EON\"},{\"@type\":\"WebPage\",\"@id\":\"https:\/\/alladixital.org\/eon\/lacademia-y-el-partiu-popular-aconceyen-y-llogren-puntos-dalcuerdu-na-cuestion-llinguistica\/\",\"url\":\"https:\/\/alladixital.org\/eon\/lacademia-y-el-partiu-popular-aconceyen-y-llogren-puntos-dalcuerdu-na-cuestion-llinguistica\/\",\"name\":\"L\u2019Academia y el Part\u00edu Popular aconceyen y llogren puntos d\u2019alcuerdu na cuesti\u00f3n lling\u00fc\u00edstica - Academia de la Llingua Asturiana\",\"isPartOf\":{\"@id\":\"https:\/\/alladixital.org\/#website\"},\"primaryImageOfPage\":{\"@id\":\"https:\/\/alladixital.org\/eon\/lacademia-y-el-partiu-popular-aconceyen-y-llogren-puntos-dalcuerdu-na-cuestion-llinguistica\/#primaryimage\"},\"image\":{\"@id\":\"https:\/\/alladixital.org\/eon\/lacademia-y-el-partiu-popular-aconceyen-y-llogren-puntos-dalcuerdu-na-cuestion-llinguistica\/#primaryimage\"},\"thumbnailUrl\":\"https:\/\/alladixital.org\/wp-content\/uploads\/2024\/01\/IMG20240118112802-scaled.jpg\",\"datePublished\":\"2024-01-18T11:24:48+00:00\",\"dateModified\":\"2024-04-19T09:55:08+00:00\",\"breadcrumb\":{\"@id\":\"https:\/\/alladixital.org\/eon\/lacademia-y-el-partiu-popular-aconceyen-y-llogren-puntos-dalcuerdu-na-cuestion-llinguistica\/#breadcrumb\"},\"inLanguage\":\"eon-EON\",\"potentialAction\":[{\"@type\":\"ReadAction\",\"target\":[\"https:\/\/alladixital.org\/eon\/lacademia-y-el-partiu-popular-aconceyen-y-llogren-puntos-dalcuerdu-na-cuestion-llinguistica\/\"]}]},{\"@type\":\"ImageObject\",\"inLanguage\":\"eon-EON\",\"@id\":\"https:\/\/alladixital.org\/eon\/lacademia-y-el-partiu-popular-aconceyen-y-llogren-puntos-dalcuerdu-na-cuestion-llinguistica\/#primaryimage\",\"url\":\"https:\/\/alladixital.org\/wp-content\/uploads\/2024\/01\/IMG20240118112802-scaled.jpg\",\"contentUrl\":\"https:\/\/alladixital.org\/wp-content\/uploads\/2024\/01\/IMG20240118112802-scaled.jpg\",\"width\":2560,\"height\":1920},{\"@type\":\"BreadcrumbList\",\"@id\":\"https:\/\/alladixital.org\/eon\/lacademia-y-el-partiu-popular-aconceyen-y-llogren-puntos-dalcuerdu-na-cuestion-llinguistica\/#breadcrumb\",\"itemListElement\":[{\"@type\":\"ListItem\",\"position\":1,\"name\":\"Portada\",\"item\":\"https:\/\/alladixital.org\/eon\/\"},{\"@type\":\"ListItem\",\"position\":2,\"name\":\"L\u2019Academia y el Part\u00edu Popular aconceyen y llogren puntos d\u2019alcuerdu na cuesti\u00f3n lling\u00fc\u00edstica\"}]},{\"@type\":\"WebSite\",\"@id\":\"https:\/\/alladixital.org\/#website\",\"url\":\"https:\/\/alladixital.org\/\",\"name\":\"Academia de la Llingua Asturiana\",\"description\":\"ALLA\",\"publisher\":{\"@id\":\"https:\/\/alladixital.org\/#organization\"},\"potentialAction\":[{\"@type\":\"SearchAction\",\"target\":{\"@type\":\"EntryPoint\",\"urlTemplate\":\"https:\/\/alladixital.org\/?s={search_term_string}\"},\"query-input\":{\"@type\":\"PropertyValueSpecification\",\"valueRequired\":true,\"valueName\":\"search_term_string\"}}],\"inLanguage\":\"eon-EON\"},{\"@type\":\"Organization\",\"@id\":\"https:\/\/alladixital.org\/#organization\",\"name\":\"Academia de la Llingua Asturiana\",\"url\":\"https:\/\/alladixital.org\/\",\"logo\":{\"@type\":\"ImageObject\",\"inLanguage\":\"eon-EON\",\"@id\":\"https:\/\/alladixital.org\/#\/schema\/logo\/image\/\",\"url\":\"https:\/\/alladixital.org\/wp-content\/uploads\/2022\/08\/logo_LLINGUA_280_V3.jpg\",\"contentUrl\":\"https:\/\/alladixital.org\/wp-content\/uploads\/2022\/08\/logo_LLINGUA_280_V3.jpg\",\"width\":1064,\"height\":1096,\"caption\":\"Academia de la Llingua Asturiana\"},\"image\":{\"@id\":\"https:\/\/alladixital.org\/#\/schema\/logo\/image\/\"},\"sameAs\":[\"https:\/\/www.facebook.com\/AcademiadelaLlinguaAsturiana\/\",\"https:\/\/x.com\/ALLA_ast\"]},{\"@type\":\"Person\",\"@id\":\"https:\/\/alladixital.org\/#\/schema\/person\/1b8ec4d1fc4db6cb1ac5a2bfdf87b3f4\",\"name\":\"infofuturo\",\"image\":{\"@type\":\"ImageObject\",\"inLanguage\":\"eon-EON\",\"@id\":\"https:\/\/alladixital.org\/#\/schema\/person\/image\/\",\"url\":\"https:\/\/secure.gravatar.com\/avatar\/adfbd1599bdd5ec1a87033e301fb580d1ec07f15e78cc8db851aa671f95c1426?s=96&d=mm&r=g\",\"contentUrl\":\"https:\/\/secure.gravatar.com\/avatar\/adfbd1599bdd5ec1a87033e301fb580d1ec07f15e78cc8db851aa671f95c1426?s=96&d=mm&r=g\",\"caption\":\"infofuturo\"},\"url\":\"https:\/\/alladixital.org\/eon\/author\/infofuturo\/\"}]}<\/script>\n<!-- \/ Yoast SEO plugin. -->","yoast_head_json":{"title":"L\u2019Academia y el Part\u00edu Popular aconceyen y llogren puntos d\u2019alcuerdu na cuesti\u00f3n lling\u00fc\u00edstica - Academia de la Llingua Asturiana","robots":{"index":"index","follow":"follow","max-snippet":"max-snippet:-1","max-image-preview":"max-image-preview:large","max-video-preview":"max-video-preview:-1"},"canonical":"https:\/\/alladixital.org\/eon\/lacademia-y-el-partiu-popular-aconceyen-y-llogren-puntos-dalcuerdu-na-cuestion-llinguistica\/","og_locale":"eo_EO","og_type":"article","og_title":"L\u2019Academia y el Part\u00edu Popular aconceyen y llogren puntos d\u2019alcuerdu na cuesti\u00f3n lling\u00fc\u00edstica - Academia de la Llingua Asturiana","og_description":"\u00c1lvaro Queipo, presidente del Part\u00edu Popular n\u2019Asturies, visit\u00f3 g\u00fcei xueves l\u2019Academia de la Llingua Asturiana (ALLA), acompa\u00f1\u00e1u polos diputaos Jos\u00e9 Luis Costillas y Beatriz Polledo. Pel llau de l\u2019Academia, asistieron &hellip; Continue reading \"L\u2019Academia y el Part\u00edu Popular aconceyen y llogren puntos d\u2019alcuerdu na cuesti\u00f3n lling\u00fc\u00edstica\"","og_url":"https:\/\/alladixital.org\/eon\/lacademia-y-el-partiu-popular-aconceyen-y-llogren-puntos-dalcuerdu-na-cuestion-llinguistica\/","og_site_name":"Academia de la Llingua Asturiana","article_publisher":"https:\/\/www.facebook.com\/AcademiadelaLlinguaAsturiana\/","article_published_time":"2024-01-18T11:24:48+00:00","article_modified_time":"2024-04-19T09:55:08+00:00","og_image":[{"width":2560,"height":1920,"url":"https:\/\/alladixital.org\/wp-content\/uploads\/2024\/01\/IMG20240118112802-scaled.jpg","type":"image\/jpeg"}],"author":"infofuturo","twitter_card":"summary_large_image","twitter_creator":"@ALLA_ast","twitter_site":"@ALLA_ast","schema":{"@context":"https:\/\/schema.org","@graph":[{"@type":"Article","@id":"https:\/\/alladixital.org\/eon\/lacademia-y-el-partiu-popular-aconceyen-y-llogren-puntos-dalcuerdu-na-cuestion-llinguistica\/#article","isPartOf":{"@id":"https:\/\/alladixital.org\/eon\/lacademia-y-el-partiu-popular-aconceyen-y-llogren-puntos-dalcuerdu-na-cuestion-llinguistica\/"},"author":{"name":"infofuturo","@id":"https:\/\/alladixital.org\/#\/schema\/person\/1b8ec4d1fc4db6cb1ac5a2bfdf87b3f4"},"headline":"L\u2019Academia y el Part\u00edu Popular aconceyen y llogren puntos d\u2019alcuerdu na cuesti\u00f3n lling\u00fc\u00edstica","datePublished":"2024-01-18T11:24:48+00:00","dateModified":"2024-04-19T09:55:08+00:00","mainEntityOfPage":{"@id":"https:\/\/alladixital.org\/eon\/lacademia-y-el-partiu-popular-aconceyen-y-llogren-puntos-dalcuerdu-na-cuestion-llinguistica\/"},"wordCount":355,"publisher":{"@id":"https:\/\/alladixital.org\/#organization"},"image":{"@id":"https:\/\/alladixital.org\/eon\/lacademia-y-el-partiu-popular-aconceyen-y-llogren-puntos-dalcuerdu-na-cuestion-llinguistica\/#primaryimage"},"thumbnailUrl":"https:\/\/alladixital.org\/wp-content\/uploads\/2024\/01\/IMG20240118112802-scaled.jpg","articleSection":["Anuncios"],"inLanguage":"eon-EON"},{"@type":"WebPage","@id":"https:\/\/alladixital.org\/eon\/lacademia-y-el-partiu-popular-aconceyen-y-llogren-puntos-dalcuerdu-na-cuestion-llinguistica\/","url":"https:\/\/alladixital.org\/eon\/lacademia-y-el-partiu-popular-aconceyen-y-llogren-puntos-dalcuerdu-na-cuestion-llinguistica\/","name":"L\u2019Academia y el Part\u00edu Popular aconceyen y llogren puntos d\u2019alcuerdu na cuesti\u00f3n lling\u00fc\u00edstica - Academia de la Llingua Asturiana","isPartOf":{"@id":"https:\/\/alladixital.org\/#website"},"primaryImageOfPage":{"@id":"https:\/\/alladixital.org\/eon\/lacademia-y-el-partiu-popular-aconceyen-y-llogren-puntos-dalcuerdu-na-cuestion-llinguistica\/#primaryimage"},"image":{"@id":"https:\/\/alladixital.org\/eon\/lacademia-y-el-partiu-popular-aconceyen-y-llogren-puntos-dalcuerdu-na-cuestion-llinguistica\/#primaryimage"},"thumbnailUrl":"https:\/\/alladixital.org\/wp-content\/uploads\/2024\/01\/IMG20240118112802-scaled.jpg","datePublished":"2024-01-18T11:24:48+00:00","dateModified":"2024-04-19T09:55:08+00:00","breadcrumb":{"@id":"https:\/\/alladixital.org\/eon\/lacademia-y-el-partiu-popular-aconceyen-y-llogren-puntos-dalcuerdu-na-cuestion-llinguistica\/#breadcrumb"},"inLanguage":"eon-EON","potentialAction":[{"@type":"ReadAction","target":["https:\/\/alladixital.org\/eon\/lacademia-y-el-partiu-popular-aconceyen-y-llogren-puntos-dalcuerdu-na-cuestion-llinguistica\/"]}]},{"@type":"ImageObject","inLanguage":"eon-EON","@id":"https:\/\/alladixital.org\/eon\/lacademia-y-el-partiu-popular-aconceyen-y-llogren-puntos-dalcuerdu-na-cuestion-llinguistica\/#primaryimage","url":"https:\/\/alladixital.org\/wp-content\/uploads\/2024\/01\/IMG20240118112802-scaled.jpg","contentUrl":"https:\/\/alladixital.org\/wp-content\/uploads\/2024\/01\/IMG20240118112802-scaled.jpg","width":2560,"height":1920},{"@type":"BreadcrumbList","@id":"https:\/\/alladixital.org\/eon\/lacademia-y-el-partiu-popular-aconceyen-y-llogren-puntos-dalcuerdu-na-cuestion-llinguistica\/#breadcrumb","itemListElement":[{"@type":"ListItem","position":1,"name":"Portada","item":"https:\/\/alladixital.org\/eon\/"},{"@type":"ListItem","position":2,"name":"L\u2019Academia y el Part\u00edu Popular aconceyen y llogren puntos d\u2019alcuerdu na cuesti\u00f3n lling\u00fc\u00edstica"}]},{"@type":"WebSite","@id":"https:\/\/alladixital.org\/#website","url":"https:\/\/alladixital.org\/","name":"Academia de la Llingua Asturiana","description":"ALLA","publisher":{"@id":"https:\/\/alladixital.org\/#organization"},"potentialAction":[{"@type":"SearchAction","target":{"@type":"EntryPoint","urlTemplate":"https:\/\/alladixital.org\/?s={search_term_string}"},"query-input":{"@type":"PropertyValueSpecification","valueRequired":true,"valueName":"search_term_string"}}],"inLanguage":"eon-EON"},{"@type":"Organization","@id":"https:\/\/alladixital.org\/#organization","name":"Academia de la Llingua Asturiana","url":"https:\/\/alladixital.org\/","logo":{"@type":"ImageObject","inLanguage":"eon-EON","@id":"https:\/\/alladixital.org\/#\/schema\/logo\/image\/","url":"https:\/\/alladixital.org\/wp-content\/uploads\/2022\/08\/logo_LLINGUA_280_V3.jpg","contentUrl":"https:\/\/alladixital.org\/wp-content\/uploads\/2022\/08\/logo_LLINGUA_280_V3.jpg","width":1064,"height":1096,"caption":"Academia de la Llingua Asturiana"},"image":{"@id":"https:\/\/alladixital.org\/#\/schema\/logo\/image\/"},"sameAs":["https:\/\/www.facebook.com\/AcademiadelaLlinguaAsturiana\/","https:\/\/x.com\/ALLA_ast"]},{"@type":"Person","@id":"https:\/\/alladixital.org\/#\/schema\/person\/1b8ec4d1fc4db6cb1ac5a2bfdf87b3f4","name":"infofuturo","image":{"@type":"ImageObject","inLanguage":"eon-EON","@id":"https:\/\/alladixital.org\/#\/schema\/person\/image\/","url":"https:\/\/secure.gravatar.com\/avatar\/adfbd1599bdd5ec1a87033e301fb580d1ec07f15e78cc8db851aa671f95c1426?s=96&d=mm&r=g","contentUrl":"https:\/\/secure.gravatar.com\/avatar\/adfbd1599bdd5ec1a87033e301fb580d1ec07f15e78cc8db851aa671f95c1426?s=96&d=mm&r=g","caption":"infofuturo"},"url":"https:\/\/alladixital.org\/eon\/author\/infofuturo\/"}]}},"brizy_media":[],"_links":{"self":[{"href":"https:\/\/alladixital.org\/eon\/wp-json\/wp\/v2\/posts\/23658","targetHints":{"allow":["GET"]}}],"collection":[{"href":"https:\/\/alladixital.org\/eon\/wp-json\/wp\/v2\/posts"}],"about":[{"href":"https:\/\/alladixital.org\/eon\/wp-json\/wp\/v2\/types\/post"}],"author":[{"embeddable":true,"href":"https:\/\/alladixital.org\/eon\/wp-json\/wp\/v2\/users\/5"}],"replies":[{"embeddable":true,"href":"https:\/\/alladixital.org\/eon\/wp-json\/wp\/v2\/comments?post=23658"}],"version-history":[{"count":0,"href":"https:\/\/alladixital.org\/eon\/wp-json\/wp\/v2\/posts\/23658\/revisions"}],"wp:featuredmedia":[{"embeddable":true,"href":"https:\/\/alladixital.org\/eon\/wp-json\/wp\/v2\/media\/22449"}],"wp:attachment":[{"href":"https:\/\/alladixital.org\/eon\/wp-json\/wp\/v2\/media?parent=23658"}],"wp:term":[{"taxonomy":"category","embeddable":true,"href":"https:\/\/alladixital.org\/eon\/wp-json\/wp\/v2\/categories?post=23658"},{"taxonomy":"post_tag","embeddable":true,"href":"https:\/\/alladixital.org\/eon\/wp-json\/wp\/v2\/tags?post=23658"}],"curies":[{"name":"wp","href":"https:\/\/api.w.org\/{rel}","templated":true}]}}